{"id":14301,"date":"2023-01-24T18:14:02","date_gmt":"2023-01-24T18:14:02","guid":{"rendered":"https:\/\/visualjournalism.de\/?p=14301"},"modified":"2023-01-28T08:52:43","modified_gmt":"2023-01-28T08:52:43","slug":"sports-photo-of-the-year-2022","status":"publish","type":"post","link":"https:\/\/visualjournalism.de\/en\/news-en\/awards\/sports-photo-of-the-year-2022\/","title":{"rendered":"Sports photo of the year 2022"},"content":{"rendered":"\n \n\n    <div id=\"lead-in-block_bd75201334bd54aef2caca46b41ee930\" class=\"block-lead-in typo--default font-size--xl has-spacing--m width--default\">\n        <p><strong>Alumni win at the \u201cSports Photo of the Year\u201d contest. <\/strong><img loading=\"lazy\" decoding=\"async\" class=\"alignnone size-full wp-image-14268\" src=\"https:\/\/visualjournalism.de\/wp-content\/uploads\/portrait_marvinguengoer-1.jpg\" alt=\"\" width=\"100\" height=\"100\" srcset=\"https:\/\/visualjournalism.de\/wp-content\/uploads\/portrait_marvinguengoer-1.jpg 100w, https:\/\/visualjournalism.de\/wp-content\/uploads\/portrait_marvinguengoer-1-52x52.jpg 52w\" sizes=\"auto, (max-width: 100px) 100vw, 100px\" \/>Marvin Ibo G\u00fcng\u00f6r and <img loading=\"lazy\" decoding=\"async\" class=\"alignnone size-full wp-image-14270\" src=\"https:\/\/visualjournalism.de\/wp-content\/uploads\/Download-1-1.jpg\" alt=\"\" width=\"100\" height=\"100\" srcset=\"https:\/\/visualjournalism.de\/wp-content\/uploads\/Download-1-1.jpg 100w, https:\/\/visualjournalism.de\/wp-content\/uploads\/Download-1-1-52x52.jpg 52w\" sizes=\"auto, (max-width: 100px) 100vw, 100px\" \/>Tom Weller are honored for their work.<\/p>\n<div class=\"entry-meta\">\r\n    <span class=\"posted-on\"><a href=\"https:\/\/visualjournalism.de\/en\/news-en\/awards\/sports-photo-of-the-year-2022\/\" rel=\"bookmark\"><time class=\"entry-date published\" datetime=\"2023-01-24T18:14:02+02:00\">24.01.2023<\/time><\/a><\/span><span class=\"byline\">Redaktion: <span class=\"author vcard\"><span class=\"fn n\">Finn Winkler<\/span><\/span><\/span><\/div><!-- .entry-meta -->\r\n    <\/div>\n\n\n\n    <figure class=\"block-photo post__image--wide-left has-spacing--m with-title\">\n\n        <div class=\"post__image__container\">\n            <img loading=\"lazy\" decoding=\"async\" \n                src=\"https:\/\/visualjournalism.de\/wp-content\/uploads\/MarvinIboGuengoer_KAT4_001-1050x700.jpg\"\n                srcset=\"https:\/\/visualjournalism.de\/wp-content\/uploads\/MarvinIboGuengoer_KAT4_001-1050x700.jpg 1050w, https:\/\/visualjournalism.de\/wp-content\/uploads\/MarvinIboGuengoer_KAT4_001-300x200.jpg 300w, https:\/\/visualjournalism.de\/wp-content\/uploads\/MarvinIboGuengoer_KAT4_001-1024x682.jpg 1024w, https:\/\/visualjournalism.de\/wp-content\/uploads\/MarvinIboGuengoer_KAT4_001-768x512.jpg 768w, https:\/\/visualjournalism.de\/wp-content\/uploads\/MarvinIboGuengoer_KAT4_001-1536x1024.jpg 1536w, https:\/\/visualjournalism.de\/wp-content\/uploads\/MarvinIboGuengoer_KAT4_001-1400x933.jpg 1400w, https:\/\/visualjournalism.de\/wp-content\/uploads\/MarvinIboGuengoer_KAT4_001-670x447.jpg 670w, https:\/\/visualjournalism.de\/wp-content\/uploads\/MarvinIboGuengoer_KAT4_001-420x280.jpg 420w, https:\/\/visualjournalism.de\/wp-content\/uploads\/MarvinIboGuengoer_KAT4_001-350x233.jpg 350w, https:\/\/visualjournalism.de\/wp-content\/uploads\/MarvinIboGuengoer_KAT4_001.jpg 2000w\"\n                width=\"1050\" \n                height=\"700\"\n                alt=\"\" \n            \/>\n            \n                            <span class=\"post__image__title\">Lionel Messi is shouldered by friend and former teammate Sergio Ag\u00fcero after his triumph in the World Cup final to present the World Cup trophy to Argentine fans. Photo: Marvin Ibo-G\u00fcng\u00f6r  <\/span>\n                    <\/div><!-- post__image__container -->\n\n        \n    <\/figure><!-- post__image -->\n\n\n\n\n<p class=\"post__paragraph has-spacing--m\"><strong>Marvin Ibo G\u00fcng\u00f6r <\/strong>wins the main prize for the sports photo of the year 2022. He reported from Qatar during the World Cup. He photographed the athlete Lionel Messi holding the winner&#8217;s trophy in his hands after the World Cup final. The image is titled \u201cLike Maradona once\u201d and was selected from 964 submitted motifs.<br><br>The \u201cSports Photo of the Year\u201d competition is organized every year by the sports magazine <a href=\"https:\/\/www.kicker.de\/\" target=\"_blank\" rel=\"noreferrer noopener\">kicker <\/a>and the <a href=\"https:\/\/www.sportjournalist.de\/\" target=\"_blank\" rel=\"noreferrer noopener\">Association of German Sports Journalists<\/a> (VDS). The winning photo is awarded \u20ac5000. Graduate <a href=\"https:\/\/www.wellertom.com\/\" target=\"_blank\" rel=\"noreferrer noopener\">Tom Weller<\/a> is also on this year&#8217;s shortlist in the \u201cYoung Talent Award\u201d category.<br><br>Marvin Ibo G\u00fcng\u00f6r (28) graduated from Hanover University of Applied Sciences and Arts in 2020 with a bachelor&#8217;s degree. For the agency GES-Sportfoto he documents events like world championships and Olympic Games worldwide.  <\/p>\n\n\n\n<div class=\"wp-block-group has-spacing--none\">\n<div class=\"devider has-spacing--none\">\n    <hr>\n<\/div>\n\n\n    <nav id=\"section-navigation-block_2aaac227335d4ca5fc8b200c5a8749db\" class=\"section-navigation has-spacing--m\">\n        <ul>\n\n                \n                    <li>This might also interest you:<\/li>\n                \n            \n            \n                        \n                        \n\n            \n\n        <\/ul>\n        \n    <\/nav>\n\n\n\n<div class=\"four-columns-teaser has-spacing--m\">\n\n    \r\n<article class=\"post-teaser post-65184 post type-post status-publish format-standard has-post-thumbnail hentry category-events category-news-en\">\r\n\t<header class=\"entry-header\">\r\n\r\n\t\t<div class=\"entry-categories\">\n\t<a class=\"post__tag\" href=\"https:\/\/visualjournalism.de\/en\/news-en\/events\/\" rel=\"category tag\">Events<\/a><\/div>\r\n\t\t<a href=\"https:\/\/visualjournalism.de\/en\/news-en\/events\/experience-visual-journalism-live-discover-which-media-study-program-suits-you-best\/\" rel=\"bookmark\">\r\n\t\t\t<h2 class=\"entry-title\">Experience visual journalism live: Discover which media degree program is right for you.<\/h2>\r\n\t\t\t<p class=\"entry-excerpt\">The Media_Special on November 11, 2025 will showcase the media degree programs at the University of Applied Sciences and Arts Hannover. Workshops, talks and lectures provide insights and help with the choice of course. <\/p>\r\n\t\t<\/a>\r\n\r\n\t<\/header><!-- .entry-header -->\r\n\r\n\t<figure class=\"post__image\">\r\n\t\t<a href=\"https:\/\/visualjournalism.de\/en\/news-en\/events\/experience-visual-journalism-live-discover-which-media-study-program-suits-you-best\/\" rel=\"bookmark\">\r\n\t\t\t<img loading=\"lazy\" decoding=\"async\" width=\"350\" height=\"233\" src=\"https:\/\/visualjournalism.de\/wp-content\/uploads\/rosty_foto-12-350x233.jpg\" class=\"attachment-post-image--two-column--small size-post-image--two-column--small\" alt=\"\" srcset=\"https:\/\/visualjournalism.de\/wp-content\/uploads\/rosty_foto-12-350x233.jpg 350w, https:\/\/visualjournalism.de\/wp-content\/uploads\/rosty_foto-12-300x200.jpg 300w, https:\/\/visualjournalism.de\/wp-content\/uploads\/rosty_foto-12-1024x683.jpg 1024w, https:\/\/visualjournalism.de\/wp-content\/uploads\/rosty_foto-12-768x512.jpg 768w, https:\/\/visualjournalism.de\/wp-content\/uploads\/rosty_foto-12-1536x1024.jpg 1536w, https:\/\/visualjournalism.de\/wp-content\/uploads\/rosty_foto-12-1400x933.jpg 1400w, https:\/\/visualjournalism.de\/wp-content\/uploads\/rosty_foto-12-1050x700.jpg 1050w, https:\/\/visualjournalism.de\/wp-content\/uploads\/rosty_foto-12-670x447.jpg 670w, https:\/\/visualjournalism.de\/wp-content\/uploads\/rosty_foto-12-420x280.jpg 420w, https:\/\/visualjournalism.de\/wp-content\/uploads\/rosty_foto-12.jpg 1920w\" sizes=\"auto, (max-width: 350px) 100vw, 350px\" \/>\t\t<\/a>\r\n\t<\/figure><!-- .post__image -->\r\n\r\n<\/article>\r\n\r\n<article class=\"post-teaser post-14985 post type-post status-publish format-standard has-post-thumbnail hentry category-application category-news-en\">\r\n\t<header class=\"entry-header\">\r\n\r\n\t\t<div class=\"entry-categories\">\n\t<a class=\"post__tag\" href=\"https:\/\/visualjournalism.de\/en\/news-en\/application\/\" rel=\"category tag\">Application<\/a><\/div>\r\n\t\t<a href=\"https:\/\/visualjournalism.de\/en\/news-en\/application\/apply-now\/\" rel=\"bookmark\">\r\n\t\t\t<h2 class=\"entry-title\">Get ready to launch your journalistic career!<\/h2>\r\n\t\t\t<p class=\"entry-excerpt\">Make sure you&#8217;re on track for the winter semester.<\/p>\r\n\t\t<\/a>\r\n\r\n\t<\/header><!-- .entry-header -->\r\n\r\n\t<figure class=\"post__image\">\r\n\t\t<a href=\"https:\/\/visualjournalism.de\/en\/news-en\/application\/apply-now\/\" rel=\"bookmark\">\r\n\t\t\t\n<div class=\"splide\">\n    <div class=\"splide__track\">\n\n        <div class=\"splide__list\">\n\n                    \n\n                    <div class=\"splide__slide\">\n\n                        <img loading=\"lazy\" decoding=\"async\"  \n                            src=\"https:\/\/visualjournalism.de\/wp-content\/uploads\/rosty_foto-20-350x233.jpg\" \n                            srcset=\"https:\/\/visualjournalism.de\/wp-content\/uploads\/rosty_foto-20-350x233.jpg 350w, https:\/\/visualjournalism.de\/wp-content\/uploads\/rosty_foto-20-300x200.jpg 300w, https:\/\/visualjournalism.de\/wp-content\/uploads\/rosty_foto-20-1024x683.jpg 1024w, https:\/\/visualjournalism.de\/wp-content\/uploads\/rosty_foto-20-768x512.jpg 768w, https:\/\/visualjournalism.de\/wp-content\/uploads\/rosty_foto-20-1536x1024.jpg 1536w, https:\/\/visualjournalism.de\/wp-content\/uploads\/rosty_foto-20-1400x933.jpg 1400w, https:\/\/visualjournalism.de\/wp-content\/uploads\/rosty_foto-20-1050x700.jpg 1050w, https:\/\/visualjournalism.de\/wp-content\/uploads\/rosty_foto-20-670x447.jpg 670w, https:\/\/visualjournalism.de\/wp-content\/uploads\/rosty_foto-20-420x280.jpg 420w, https:\/\/visualjournalism.de\/wp-content\/uploads\/rosty_foto-20.jpg 1920w\" \n                            width=\"350\"  \n                            height=\"233\" \n                            alt=\"\"  \n                        \/>\n\n                    <\/div>\n                \n                        \n\n                    <div class=\"splide__slide\">\n\n                        <img loading=\"lazy\" decoding=\"async\"  \n                            src=\"https:\/\/visualjournalism.de\/wp-content\/uploads\/2026\/02\/IMG_0694-2-350x263.jpg\" \n                            srcset=\"https:\/\/visualjournalism.de\/wp-content\/uploads\/2026\/02\/IMG_0694-2-350x263.jpg 350w, https:\/\/visualjournalism.de\/wp-content\/uploads\/2026\/02\/IMG_0694-2-300x225.jpg 300w, https:\/\/visualjournalism.de\/wp-content\/uploads\/2026\/02\/IMG_0694-2-1024x768.jpg 1024w, https:\/\/visualjournalism.de\/wp-content\/uploads\/2026\/02\/IMG_0694-2-768x576.jpg 768w, https:\/\/visualjournalism.de\/wp-content\/uploads\/2026\/02\/IMG_0694-2-1536x1152.jpg 1536w, https:\/\/visualjournalism.de\/wp-content\/uploads\/2026\/02\/IMG_0694-2-2048x1536.jpg 2048w, https:\/\/visualjournalism.de\/wp-content\/uploads\/2026\/02\/IMG_0694-2-1920x1440.jpg 1920w, https:\/\/visualjournalism.de\/wp-content\/uploads\/2026\/02\/IMG_0694-2-1400x1050.jpg 1400w, https:\/\/visualjournalism.de\/wp-content\/uploads\/2026\/02\/IMG_0694-2-1050x788.jpg 1050w, https:\/\/visualjournalism.de\/wp-content\/uploads\/2026\/02\/IMG_0694-2-670x503.jpg 670w, https:\/\/visualjournalism.de\/wp-content\/uploads\/2026\/02\/IMG_0694-2-420x315.jpg 420w, https:\/\/visualjournalism.de\/wp-content\/uploads\/2026\/02\/IMG_0694-2-150x113.jpg 150w\" \n                            width=\"350\"  \n                            height=\"263\" \n                            alt=\"\"  \n                        \/>\n\n                    <\/div>\n                \n                        \n\n                    <div class=\"splide__slide\">\n\n                        <img loading=\"lazy\" decoding=\"async\"  \n                            src=\"https:\/\/visualjournalism.de\/wp-content\/uploads\/1mg6251-1500x1000-1-350x233.jpg\" \n                            srcset=\"https:\/\/visualjournalism.de\/wp-content\/uploads\/1mg6251-1500x1000-1-350x233.jpg 350w, https:\/\/visualjournalism.de\/wp-content\/uploads\/1mg6251-1500x1000-1-300x200.jpg 300w, https:\/\/visualjournalism.de\/wp-content\/uploads\/1mg6251-1500x1000-1-1024x683.jpg 1024w, https:\/\/visualjournalism.de\/wp-content\/uploads\/1mg6251-1500x1000-1-768x512.jpg 768w, https:\/\/visualjournalism.de\/wp-content\/uploads\/1mg6251-1500x1000-1-1400x933.jpg 1400w, https:\/\/visualjournalism.de\/wp-content\/uploads\/1mg6251-1500x1000-1-1050x700.jpg 1050w, https:\/\/visualjournalism.de\/wp-content\/uploads\/1mg6251-1500x1000-1-670x447.jpg 670w, https:\/\/visualjournalism.de\/wp-content\/uploads\/1mg6251-1500x1000-1-420x280.jpg 420w, https:\/\/visualjournalism.de\/wp-content\/uploads\/1mg6251-1500x1000-1-150x100.jpg 150w, https:\/\/visualjournalism.de\/wp-content\/uploads\/1mg6251-1500x1000-1.jpg 1500w\" \n                            width=\"350\"  \n                            height=\"233\" \n                            alt=\"\"  \n                        \/>\n\n                    <\/div>\n                \n                        \n\n                    <div class=\"splide__slide\">\n\n                        <img loading=\"lazy\" decoding=\"async\"  \n                            src=\"https:\/\/visualjournalism.de\/wp-content\/uploads\/rosty_foto-17-350x233.jpg\" \n                            srcset=\"https:\/\/visualjournalism.de\/wp-content\/uploads\/rosty_foto-17-350x233.jpg 350w, https:\/\/visualjournalism.de\/wp-content\/uploads\/rosty_foto-17-300x200.jpg 300w, https:\/\/visualjournalism.de\/wp-content\/uploads\/rosty_foto-17-1024x683.jpg 1024w, https:\/\/visualjournalism.de\/wp-content\/uploads\/rosty_foto-17-768x512.jpg 768w, https:\/\/visualjournalism.de\/wp-content\/uploads\/rosty_foto-17-1536x1024.jpg 1536w, https:\/\/visualjournalism.de\/wp-content\/uploads\/rosty_foto-17-1400x933.jpg 1400w, https:\/\/visualjournalism.de\/wp-content\/uploads\/rosty_foto-17-1050x700.jpg 1050w, https:\/\/visualjournalism.de\/wp-content\/uploads\/rosty_foto-17-670x447.jpg 670w, https:\/\/visualjournalism.de\/wp-content\/uploads\/rosty_foto-17-420x280.jpg 420w, https:\/\/visualjournalism.de\/wp-content\/uploads\/rosty_foto-17.jpg 1920w\" \n                            width=\"350\"  \n                            height=\"233\" \n                            alt=\"\"  \n                        \/>\n\n                    <\/div>\n                \n                        \n\n                    <div class=\"splide__slide\">\n\n                        <img loading=\"lazy\" decoding=\"async\"  \n                            src=\"https:\/\/visualjournalism.de\/wp-content\/uploads\/20250924EE_11-350x233.jpg\" \n                            srcset=\"https:\/\/visualjournalism.de\/wp-content\/uploads\/20250924EE_11-350x233.jpg 350w, https:\/\/visualjournalism.de\/wp-content\/uploads\/20250924EE_11-300x200.jpg 300w, https:\/\/visualjournalism.de\/wp-content\/uploads\/20250924EE_11-1024x683.jpg 1024w, https:\/\/visualjournalism.de\/wp-content\/uploads\/20250924EE_11-768x512.jpg 768w, https:\/\/visualjournalism.de\/wp-content\/uploads\/20250924EE_11-1536x1024.jpg 1536w, https:\/\/visualjournalism.de\/wp-content\/uploads\/20250924EE_11-2048x1365.jpg 2048w, https:\/\/visualjournalism.de\/wp-content\/uploads\/20250924EE_11-1920x1280.jpg 1920w, https:\/\/visualjournalism.de\/wp-content\/uploads\/20250924EE_11-1400x933.jpg 1400w, https:\/\/visualjournalism.de\/wp-content\/uploads\/20250924EE_11-1050x700.jpg 1050w, https:\/\/visualjournalism.de\/wp-content\/uploads\/20250924EE_11-670x447.jpg 670w, https:\/\/visualjournalism.de\/wp-content\/uploads\/20250924EE_11-420x280.jpg 420w\" \n                            width=\"350\"  \n                            height=\"233\" \n                            alt=\"\"  \n                        \/>\n\n                    <\/div>\n                \n                        \n\n                    <div class=\"splide__slide\">\n\n                        <img loading=\"lazy\" decoding=\"async\"  \n                            src=\"https:\/\/visualjournalism.de\/wp-content\/uploads\/2026\/02\/IMG_0665-2-350x263.jpg\" \n                            srcset=\"https:\/\/visualjournalism.de\/wp-content\/uploads\/2026\/02\/IMG_0665-2-350x263.jpg 350w, https:\/\/visualjournalism.de\/wp-content\/uploads\/2026\/02\/IMG_0665-2-300x225.jpg 300w, https:\/\/visualjournalism.de\/wp-content\/uploads\/2026\/02\/IMG_0665-2-1024x768.jpg 1024w, https:\/\/visualjournalism.de\/wp-content\/uploads\/2026\/02\/IMG_0665-2-768x576.jpg 768w, https:\/\/visualjournalism.de\/wp-content\/uploads\/2026\/02\/IMG_0665-2-1536x1152.jpg 1536w, https:\/\/visualjournalism.de\/wp-content\/uploads\/2026\/02\/IMG_0665-2-2048x1536.jpg 2048w, https:\/\/visualjournalism.de\/wp-content\/uploads\/2026\/02\/IMG_0665-2-1920x1440.jpg 1920w, https:\/\/visualjournalism.de\/wp-content\/uploads\/2026\/02\/IMG_0665-2-1400x1050.jpg 1400w, https:\/\/visualjournalism.de\/wp-content\/uploads\/2026\/02\/IMG_0665-2-1050x788.jpg 1050w, https:\/\/visualjournalism.de\/wp-content\/uploads\/2026\/02\/IMG_0665-2-670x503.jpg 670w, https:\/\/visualjournalism.de\/wp-content\/uploads\/2026\/02\/IMG_0665-2-420x315.jpg 420w, https:\/\/visualjournalism.de\/wp-content\/uploads\/2026\/02\/IMG_0665-2-150x113.jpg 150w\" \n                            width=\"350\"  \n                            height=\"263\" \n                            alt=\"\"  \n                        \/>\n\n                    <\/div>\n                \n                        \n\n                    <div class=\"splide__slide\">\n\n                        <img loading=\"lazy\" decoding=\"async\"  \n                            src=\"https:\/\/visualjournalism.de\/wp-content\/uploads\/Erstsemester_Begruessung-17-350x233.jpg\" \n                            srcset=\"https:\/\/visualjournalism.de\/wp-content\/uploads\/Erstsemester_Begruessung-17-350x233.jpg 350w, https:\/\/visualjournalism.de\/wp-content\/uploads\/Erstsemester_Begruessung-17-300x200.jpg 300w, https:\/\/visualjournalism.de\/wp-content\/uploads\/Erstsemester_Begruessung-17-1024x683.jpg 1024w, https:\/\/visualjournalism.de\/wp-content\/uploads\/Erstsemester_Begruessung-17-768x512.jpg 768w, https:\/\/visualjournalism.de\/wp-content\/uploads\/Erstsemester_Begruessung-17-1536x1024.jpg 1536w, https:\/\/visualjournalism.de\/wp-content\/uploads\/Erstsemester_Begruessung-17-2048x1365.jpg 2048w, https:\/\/visualjournalism.de\/wp-content\/uploads\/Erstsemester_Begruessung-17-1920x1280.jpg 1920w, https:\/\/visualjournalism.de\/wp-content\/uploads\/Erstsemester_Begruessung-17-1400x933.jpg 1400w, https:\/\/visualjournalism.de\/wp-content\/uploads\/Erstsemester_Begruessung-17-1050x700.jpg 1050w, https:\/\/visualjournalism.de\/wp-content\/uploads\/Erstsemester_Begruessung-17-670x447.jpg 670w, https:\/\/visualjournalism.de\/wp-content\/uploads\/Erstsemester_Begruessung-17-420x280.jpg 420w\" \n                            width=\"350\"  \n                            height=\"233\" \n                            alt=\"\"  \n                        \/>\n\n                    <\/div>\n                \n                        \n\n                    <div class=\"splide__slide\">\n\n                        <img loading=\"lazy\" decoding=\"async\"  \n                            src=\"https:\/\/visualjournalism.de\/wp-content\/uploads\/rosty_foto-12-350x233.jpg\" \n                            srcset=\"https:\/\/visualjournalism.de\/wp-content\/uploads\/rosty_foto-12-350x233.jpg 350w, https:\/\/visualjournalism.de\/wp-content\/uploads\/rosty_foto-12-300x200.jpg 300w, https:\/\/visualjournalism.de\/wp-content\/uploads\/rosty_foto-12-1024x683.jpg 1024w, https:\/\/visualjournalism.de\/wp-content\/uploads\/rosty_foto-12-768x512.jpg 768w, https:\/\/visualjournalism.de\/wp-content\/uploads\/rosty_foto-12-1536x1024.jpg 1536w, https:\/\/visualjournalism.de\/wp-content\/uploads\/rosty_foto-12-1400x933.jpg 1400w, https:\/\/visualjournalism.de\/wp-content\/uploads\/rosty_foto-12-1050x700.jpg 1050w, https:\/\/visualjournalism.de\/wp-content\/uploads\/rosty_foto-12-670x447.jpg 670w, https:\/\/visualjournalism.de\/wp-content\/uploads\/rosty_foto-12-420x280.jpg 420w, https:\/\/visualjournalism.de\/wp-content\/uploads\/rosty_foto-12.jpg 1920w\" \n                            width=\"350\"  \n                            height=\"233\" \n                            alt=\"\"  \n                        \/>\n\n                    <\/div>\n                \n                \n        <\/div> <!-- .splide__list -->\n\n    <\/div><!-- slide__track -->\n<\/div>\t\t<\/a>\r\n\t<\/figure><!-- .post__image -->\r\n\r\n<\/article>\r\n\r\n<article class=\"post-teaser post-64654 post type-post status-publish format-standard has-post-thumbnail hentry category-awards category-news-en\">\r\n\t<header class=\"entry-header\">\r\n\r\n\t\t<div class=\"entry-categories\">\n\t<a class=\"post__tag\" href=\"https:\/\/visualjournalism.de\/en\/news-en\/awards\/\" rel=\"category tag\">Awards<\/a><\/div>\r\n\t\t<a href=\"https:\/\/visualjournalism.de\/en\/news-en\/awards\/julius-schien-wins-the-vgh-photo-prize-2025\/\" rel=\"bookmark\">\r\n\t\t\t<h2 class=\"entry-title\">With a photo series on right-wing violence:<\/h2>\r\n\t\t\t<p class=\"entry-excerpt\">Julius Schien wins the VGH Photo Prize 2025<\/p>\r\n\t\t<\/a>\r\n\r\n\t<\/header><!-- .entry-header -->\r\n\r\n\t<figure class=\"post__image\">\r\n\t\t<a href=\"https:\/\/visualjournalism.de\/en\/news-en\/awards\/julius-schien-wins-the-vgh-photo-prize-2025\/\" rel=\"bookmark\">\r\n\t\t\t<img loading=\"lazy\" decoding=\"async\" width=\"350\" height=\"280\" src=\"https:\/\/visualjournalism.de\/wp-content\/uploads\/VGH-Fotopreis2025-Rechtes-Land_1993-01-15_Arnstadt_Karl-Sidon_CJulius-Schien-350x280.jpg\" class=\"attachment-post-image--two-column--small size-post-image--two-column--small\" alt=\"\" srcset=\"https:\/\/visualjournalism.de\/wp-content\/uploads\/VGH-Fotopreis2025-Rechtes-Land_1993-01-15_Arnstadt_Karl-Sidon_CJulius-Schien-350x280.jpg 350w, https:\/\/visualjournalism.de\/wp-content\/uploads\/VGH-Fotopreis2025-Rechtes-Land_1993-01-15_Arnstadt_Karl-Sidon_CJulius-Schien-300x240.jpg 300w, https:\/\/visualjournalism.de\/wp-content\/uploads\/VGH-Fotopreis2025-Rechtes-Land_1993-01-15_Arnstadt_Karl-Sidon_CJulius-Schien-1024x819.jpg 1024w, https:\/\/visualjournalism.de\/wp-content\/uploads\/VGH-Fotopreis2025-Rechtes-Land_1993-01-15_Arnstadt_Karl-Sidon_CJulius-Schien-768x615.jpg 768w, https:\/\/visualjournalism.de\/wp-content\/uploads\/VGH-Fotopreis2025-Rechtes-Land_1993-01-15_Arnstadt_Karl-Sidon_CJulius-Schien-1536x1229.jpg 1536w, https:\/\/visualjournalism.de\/wp-content\/uploads\/VGH-Fotopreis2025-Rechtes-Land_1993-01-15_Arnstadt_Karl-Sidon_CJulius-Schien-2048x1639.jpg 2048w, https:\/\/visualjournalism.de\/wp-content\/uploads\/VGH-Fotopreis2025-Rechtes-Land_1993-01-15_Arnstadt_Karl-Sidon_CJulius-Schien-1920x1536.jpg 1920w, https:\/\/visualjournalism.de\/wp-content\/uploads\/VGH-Fotopreis2025-Rechtes-Land_1993-01-15_Arnstadt_Karl-Sidon_CJulius-Schien-1400x1120.jpg 1400w, https:\/\/visualjournalism.de\/wp-content\/uploads\/VGH-Fotopreis2025-Rechtes-Land_1993-01-15_Arnstadt_Karl-Sidon_CJulius-Schien-1050x840.jpg 1050w, https:\/\/visualjournalism.de\/wp-content\/uploads\/VGH-Fotopreis2025-Rechtes-Land_1993-01-15_Arnstadt_Karl-Sidon_CJulius-Schien-670x536.jpg 670w, https:\/\/visualjournalism.de\/wp-content\/uploads\/VGH-Fotopreis2025-Rechtes-Land_1993-01-15_Arnstadt_Karl-Sidon_CJulius-Schien-420x336.jpg 420w\" sizes=\"auto, (max-width: 350px) 100vw, 350px\" \/>\t\t<\/a>\r\n\t<\/figure><!-- .post__image -->\r\n\r\n<\/article>\r\n\r\n<article class=\"post-teaser post-64668 post type-post status-publish format-standard has-post-thumbnail hentry category-current category-news-en\">\r\n\t<header class=\"entry-header\">\r\n\r\n\t\t<div class=\"entry-categories\">\n\t<a class=\"post__tag\" href=\"https:\/\/visualjournalism.de\/en\/news-en\/\" rel=\"category tag\">News<\/a><\/div>\r\n\t\t<a href=\"https:\/\/visualjournalism.de\/en\/news-en\/a-huge-playground-starting-studies-in-hannover\/\" rel=\"bookmark\">\r\n\t\t\t<h2 class=\"entry-title\">&#8220;A huge playground&#8221;.<\/h2>\r\n\t\t\t<p class=\"entry-excerpt\">The first semester students experience the start as open, diverse and inspiring.<\/p>\r\n\t\t<\/a>\r\n\r\n\t<\/header><!-- .entry-header -->\r\n\r\n\t<figure class=\"post__image\">\r\n\t\t<a href=\"https:\/\/visualjournalism.de\/en\/news-en\/a-huge-playground-starting-studies-in-hannover\/\" rel=\"bookmark\">\r\n\t\t\t\n<div class=\"splide\">\n    <div class=\"splide__track\">\n\n        <div class=\"splide__list\">\n\n                    \n\n                    <div class=\"splide__slide\">\n\n                        <img loading=\"lazy\" decoding=\"async\"  \n                            src=\"https:\/\/visualjournalism.de\/wp-content\/uploads\/Erstsemester_Begruessung-17-350x233.jpg\" \n                            srcset=\"https:\/\/visualjournalism.de\/wp-content\/uploads\/Erstsemester_Begruessung-17-350x233.jpg 350w, https:\/\/visualjournalism.de\/wp-content\/uploads\/Erstsemester_Begruessung-17-300x200.jpg 300w, https:\/\/visualjournalism.de\/wp-content\/uploads\/Erstsemester_Begruessung-17-1024x683.jpg 1024w, https:\/\/visualjournalism.de\/wp-content\/uploads\/Erstsemester_Begruessung-17-768x512.jpg 768w, https:\/\/visualjournalism.de\/wp-content\/uploads\/Erstsemester_Begruessung-17-1536x1024.jpg 1536w, https:\/\/visualjournalism.de\/wp-content\/uploads\/Erstsemester_Begruessung-17-2048x1365.jpg 2048w, https:\/\/visualjournalism.de\/wp-content\/uploads\/Erstsemester_Begruessung-17-1920x1280.jpg 1920w, https:\/\/visualjournalism.de\/wp-content\/uploads\/Erstsemester_Begruessung-17-1400x933.jpg 1400w, https:\/\/visualjournalism.de\/wp-content\/uploads\/Erstsemester_Begruessung-17-1050x700.jpg 1050w, https:\/\/visualjournalism.de\/wp-content\/uploads\/Erstsemester_Begruessung-17-670x447.jpg 670w, https:\/\/visualjournalism.de\/wp-content\/uploads\/Erstsemester_Begruessung-17-420x280.jpg 420w\" \n                            width=\"350\"  \n                            height=\"233\" \n                            alt=\"\"  \n                        \/>\n\n                    <\/div>\n                \n                        \n\n                    <div class=\"splide__slide\">\n\n                        <img loading=\"lazy\" decoding=\"async\"  \n                            src=\"https:\/\/visualjournalism.de\/wp-content\/uploads\/Erstsemester_Begruessung-7-350x233.jpg\" \n                            srcset=\"https:\/\/visualjournalism.de\/wp-content\/uploads\/Erstsemester_Begruessung-7-350x233.jpg 350w, https:\/\/visualjournalism.de\/wp-content\/uploads\/Erstsemester_Begruessung-7-300x200.jpg 300w, https:\/\/visualjournalism.de\/wp-content\/uploads\/Erstsemester_Begruessung-7-1024x683.jpg 1024w, https:\/\/visualjournalism.de\/wp-content\/uploads\/Erstsemester_Begruessung-7-768x512.jpg 768w, https:\/\/visualjournalism.de\/wp-content\/uploads\/Erstsemester_Begruessung-7-1536x1024.jpg 1536w, https:\/\/visualjournalism.de\/wp-content\/uploads\/Erstsemester_Begruessung-7-2048x1365.jpg 2048w, https:\/\/visualjournalism.de\/wp-content\/uploads\/Erstsemester_Begruessung-7-1920x1280.jpg 1920w, https:\/\/visualjournalism.de\/wp-content\/uploads\/Erstsemester_Begruessung-7-1400x933.jpg 1400w, https:\/\/visualjournalism.de\/wp-content\/uploads\/Erstsemester_Begruessung-7-1050x700.jpg 1050w, https:\/\/visualjournalism.de\/wp-content\/uploads\/Erstsemester_Begruessung-7-670x447.jpg 670w, https:\/\/visualjournalism.de\/wp-content\/uploads\/Erstsemester_Begruessung-7-420x280.jpg 420w\" \n                            width=\"350\"  \n                            height=\"233\" \n                            alt=\"\"  \n                        \/>\n\n                    <\/div>\n                \n                        \n\n                    <div class=\"splide__slide\">\n\n                        <img loading=\"lazy\" decoding=\"async\"  \n                            src=\"https:\/\/visualjournalism.de\/wp-content\/uploads\/Erstsemester_Begruessung-21-350x233.jpg\" \n                            srcset=\"https:\/\/visualjournalism.de\/wp-content\/uploads\/Erstsemester_Begruessung-21-350x233.jpg 350w, https:\/\/visualjournalism.de\/wp-content\/uploads\/Erstsemester_Begruessung-21-300x200.jpg 300w, https:\/\/visualjournalism.de\/wp-content\/uploads\/Erstsemester_Begruessung-21-1024x683.jpg 1024w, https:\/\/visualjournalism.de\/wp-content\/uploads\/Erstsemester_Begruessung-21-768x512.jpg 768w, https:\/\/visualjournalism.de\/wp-content\/uploads\/Erstsemester_Begruessung-21-1536x1024.jpg 1536w, https:\/\/visualjournalism.de\/wp-content\/uploads\/Erstsemester_Begruessung-21-2048x1365.jpg 2048w, https:\/\/visualjournalism.de\/wp-content\/uploads\/Erstsemester_Begruessung-21-1920x1280.jpg 1920w, https:\/\/visualjournalism.de\/wp-content\/uploads\/Erstsemester_Begruessung-21-1400x933.jpg 1400w, https:\/\/visualjournalism.de\/wp-content\/uploads\/Erstsemester_Begruessung-21-1050x700.jpg 1050w, https:\/\/visualjournalism.de\/wp-content\/uploads\/Erstsemester_Begruessung-21-670x447.jpg 670w, https:\/\/visualjournalism.de\/wp-content\/uploads\/Erstsemester_Begruessung-21-420x280.jpg 420w\" \n                            width=\"350\"  \n                            height=\"233\" \n                            alt=\"\"  \n                        \/>\n\n                    <\/div>\n                \n                \n        <\/div> <!-- .splide__list -->\n\n    <\/div><!-- slide__track -->\n<\/div>\t\t<\/a>\r\n\t<\/figure><!-- .post__image -->\r\n\r\n<\/article>\r\n\n<\/div><!-- .2-columns-teaser-->\n\n    \n\n\n<div class=\"wp-block-group has-spacing--default has-spacing--default\">\n<div class=\"devider has-spacing--none\">\n    <hr>\n<\/div>\n\n\n \n\n    <div id=\"lead-in-block_da5717be827dca64a6d15f4ad4bb9e05\" class=\"block-lead-in typo--default font-size--xl has-spacing--s width--default\">\n        <p><strong>Empfehlungen der Redaktion:<\/strong><\/p>\n    <\/div>\n\n\n\n\r\n\r\n\r\n\n\n\r\n\r\n\r\n\r\n        <div class=\"teaser-grid grid-layout--3col has-spacing--s width--inline\">\r\n\r\n            \r\n                <article class=\"post-teaser\">\r\n\r\n                    <a href=\"https:\/\/visualjournalism.de\/en\/magazine\/sammeln\/was-bleibt-atommuell-in-der-asse-ii\/\" rel=\"permalink\">\r\n\r\n                        <div class=\"post-teaser__content\">\r\n\r\n                            <span class=\"entry-categories\">Sammeln<\/span>\r\n                            <h3 class=\"post-teaser__headline\">\r\n                                Was bleibt                            <\/h3>\r\n\r\n                            <div class=\"post-teaser__excerpt\">\r\n                                <p>In der Asse II lagert Atomm\u00fcll \u2013 achtlos versenkt, kaum gesichert. Nun dringt Wasser ein. Die Region wartet seit Jahrzehnten auf Antworten. Und das Land auf ein Endlager.<\/p>\r\n                            <\/div>\r\n\r\n                        <\/div><!-- .post-teaser__content -->\r\n\r\n\r\n                        \r\n                            <figure class=\"post-teaser__image\">\r\n                                <img loading=\"lazy\" decoding=\"async\"  \r\n                                    src=\"https:\/\/visualjournalism.de\/wp-content\/uploads\/2026\/02\/Walter-Lehmann_The-Danger-Within_10-768x318.jpg\" \r\n                                    srcset=\"https:\/\/visualjournalism.de\/wp-content\/uploads\/2026\/02\/Walter-Lehmann_The-Danger-Within_10-768x318.jpg 768w, https:\/\/visualjournalism.de\/wp-content\/uploads\/2026\/02\/Walter-Lehmann_The-Danger-Within_10-300x124.jpg 300w, https:\/\/visualjournalism.de\/wp-content\/uploads\/2026\/02\/Walter-Lehmann_The-Danger-Within_10-1024x424.jpg 1024w, https:\/\/visualjournalism.de\/wp-content\/uploads\/2026\/02\/Walter-Lehmann_The-Danger-Within_10-1536x636.jpg 1536w, https:\/\/visualjournalism.de\/wp-content\/uploads\/2026\/02\/Walter-Lehmann_The-Danger-Within_10-2048x847.jpg 2048w, https:\/\/visualjournalism.de\/wp-content\/uploads\/2026\/02\/Walter-Lehmann_The-Danger-Within_10-1920x794.jpg 1920w, https:\/\/visualjournalism.de\/wp-content\/uploads\/2026\/02\/Walter-Lehmann_The-Danger-Within_10-1400x579.jpg 1400w, https:\/\/visualjournalism.de\/wp-content\/uploads\/2026\/02\/Walter-Lehmann_The-Danger-Within_10-1050x434.jpg 1050w, https:\/\/visualjournalism.de\/wp-content\/uploads\/2026\/02\/Walter-Lehmann_The-Danger-Within_10-670x277.jpg 670w, https:\/\/visualjournalism.de\/wp-content\/uploads\/2026\/02\/Walter-Lehmann_The-Danger-Within_10-420x174.jpg 420w, https:\/\/visualjournalism.de\/wp-content\/uploads\/2026\/02\/Walter-Lehmann_The-Danger-Within_10-350x145.jpg 350w, https:\/\/visualjournalism.de\/wp-content\/uploads\/2026\/02\/Walter-Lehmann_The-Danger-Within_10-150x62.jpg 150w\" \r\n                                    width=\"768\"  \r\n                                    height=\"318\" \r\n                                    alt=\"\"\r\n                                \/>\r\n                            <\/figure>\r\n\r\n                        \r\n                    \r\n                    <\/a>\r\n\r\n                <\/article><!--- .post-teaser-->\r\n\r\n            \r\n                <article class=\"post-teaser\">\r\n\r\n                    <a href=\"https:\/\/visualjournalism.de\/en\/magazine\/sammeln\/von-ausbeutung-und-musikalischem-erbe\/\" rel=\"permalink\">\r\n\r\n                        <div class=\"post-teaser__content\">\r\n\r\n                            <span class=\"entry-categories\">Sammeln<\/span>\r\n                            <h3 class=\"post-teaser__headline\">\r\n                                Von Ausbeutung und musikalischem Erbe                            <\/h3>\r\n\r\n                            <div class=\"post-teaser__excerpt\">\r\n                                <p>Was bedeutet kulturelle Verantwortung im Musikgesch\u00e4ft? Das Berliner Label Habibi Funk gibt vergessener Musik eine B\u00fchne und zeigt, warum zu gutem Sound auch Haltung geh\u00f6rt. <\/p>\r\n                            <\/div>\r\n\r\n                        <\/div><!-- .post-teaser__content -->\r\n\r\n\r\n                        \r\n                            <figure class=\"post-teaser__image\">\r\n                                <img loading=\"lazy\" decoding=\"async\"  \r\n                                    src=\"https:\/\/visualjournalism.de\/wp-content\/uploads\/DSC04407-768x512.jpg\" \r\n                                    srcset=\"https:\/\/visualjournalism.de\/wp-content\/uploads\/DSC04407-768x512.jpg 768w, https:\/\/visualjournalism.de\/wp-content\/uploads\/DSC04407-300x200.jpg 300w, https:\/\/visualjournalism.de\/wp-content\/uploads\/DSC04407-1024x683.jpg 1024w, https:\/\/visualjournalism.de\/wp-content\/uploads\/DSC04407-1536x1024.jpg 1536w, https:\/\/visualjournalism.de\/wp-content\/uploads\/DSC04407-2048x1365.jpg 2048w, https:\/\/visualjournalism.de\/wp-content\/uploads\/DSC04407-1920x1280.jpg 1920w, https:\/\/visualjournalism.de\/wp-content\/uploads\/DSC04407-1400x933.jpg 1400w, https:\/\/visualjournalism.de\/wp-content\/uploads\/DSC04407-1050x700.jpg 1050w, https:\/\/visualjournalism.de\/wp-content\/uploads\/DSC04407-670x447.jpg 670w, https:\/\/visualjournalism.de\/wp-content\/uploads\/DSC04407-420x280.jpg 420w, https:\/\/visualjournalism.de\/wp-content\/uploads\/DSC04407-350x233.jpg 350w, https:\/\/visualjournalism.de\/wp-content\/uploads\/DSC04407-150x100.jpg 150w\" \r\n                                    width=\"768\"  \r\n                                    height=\"512\" \r\n                                    alt=\"\"\r\n                                \/>\r\n                            <\/figure>\r\n\r\n                        \r\n                    \r\n                    <\/a>\r\n\r\n                <\/article><!--- .post-teaser-->\r\n\r\n            \r\n                <article class=\"post-teaser\">\r\n\r\n                    <a href=\"https:\/\/visualjournalism.de\/en\/magazine\/ratgeber\/was-eine-gute-fotoreportage-auszeichnet\/\" rel=\"permalink\">\r\n\r\n                        <div class=\"post-teaser__content\">\r\n\r\n                            <span class=\"entry-categories\">Ratgeber<\/span>\r\n                            <h3 class=\"post-teaser__headline\">\r\n                                Was eine gute Fotoreportage auszeichnet.                            <\/h3>\r\n\r\n                            <div class=\"post-teaser__excerpt\">\r\n                                <p>Ein klarer Fokus auf deine Protagonistinnen, ausdrucksstarke Bilder und starkes Storytelling. So machst du eine Fotoreportage, die fesselt und in Erinnerung bleibt.<\/p>\r\n                            <\/div>\r\n\r\n                        <\/div><!-- .post-teaser__content -->\r\n\r\n\r\n                        \r\n                            <figure class=\"post-teaser__image\">\r\n                                <img loading=\"lazy\" decoding=\"async\"  \r\n                                    src=\"https:\/\/visualjournalism.de\/wp-content\/uploads\/Ratgeber-Fotoreportage-1-Fabian-Niebauer-_DSC5629-lowRes-768x512.jpg\" \r\n                                    srcset=\"https:\/\/visualjournalism.de\/wp-content\/uploads\/Ratgeber-Fotoreportage-1-Fabian-Niebauer-_DSC5629-lowRes-768x512.jpg 768w, https:\/\/visualjournalism.de\/wp-content\/uploads\/Ratgeber-Fotoreportage-1-Fabian-Niebauer-_DSC5629-lowRes-300x200.jpg 300w, https:\/\/visualjournalism.de\/wp-content\/uploads\/Ratgeber-Fotoreportage-1-Fabian-Niebauer-_DSC5629-lowRes-1024x683.jpg 1024w, https:\/\/visualjournalism.de\/wp-content\/uploads\/Ratgeber-Fotoreportage-1-Fabian-Niebauer-_DSC5629-lowRes-1536x1024.jpg 1536w, https:\/\/visualjournalism.de\/wp-content\/uploads\/Ratgeber-Fotoreportage-1-Fabian-Niebauer-_DSC5629-lowRes-2048x1365.jpg 2048w, https:\/\/visualjournalism.de\/wp-content\/uploads\/Ratgeber-Fotoreportage-1-Fabian-Niebauer-_DSC5629-lowRes-1920x1280.jpg 1920w, https:\/\/visualjournalism.de\/wp-content\/uploads\/Ratgeber-Fotoreportage-1-Fabian-Niebauer-_DSC5629-lowRes-1400x933.jpg 1400w, https:\/\/visualjournalism.de\/wp-content\/uploads\/Ratgeber-Fotoreportage-1-Fabian-Niebauer-_DSC5629-lowRes-1050x700.jpg 1050w, https:\/\/visualjournalism.de\/wp-content\/uploads\/Ratgeber-Fotoreportage-1-Fabian-Niebauer-_DSC5629-lowRes-670x447.jpg 670w, https:\/\/visualjournalism.de\/wp-content\/uploads\/Ratgeber-Fotoreportage-1-Fabian-Niebauer-_DSC5629-lowRes-420x280.jpg 420w, https:\/\/visualjournalism.de\/wp-content\/uploads\/Ratgeber-Fotoreportage-1-Fabian-Niebauer-_DSC5629-lowRes-350x233.jpg 350w, https:\/\/visualjournalism.de\/wp-content\/uploads\/Ratgeber-Fotoreportage-1-Fabian-Niebauer-_DSC5629-lowRes-150x100.jpg 150w\" \r\n                                    width=\"768\"  \r\n                                    height=\"512\" \r\n                                    alt=\"Eine Frau h\u00e4lt sich zwei Kameras vor die Augen.\"\r\n                                \/>\r\n                            <\/figure>\r\n\r\n                        \r\n                    \r\n                    <\/a>\r\n\r\n                <\/article><!--- .post-teaser-->\r\n\r\n            \r\n        <\/div><!-- .teaser-grid -->\r\n\r\n\n\n\r\n\r\n\r\n\n\n\n    <div class=\"btn-wrapper has-spacing--m\">\n        <a class=\"btn\" href=\"https:\/\/visualjournalism.de\/magazin\/\" target=\"_blank\">ZUR MAGAZIN-STARTSEITE<\/a>\n    <\/div>\n<\/div>\n<\/div>\n\n<div class=\"wp-block-group has-spacing--none has-color-3-background-color has-background has-spacing--none\">\n    <nav id=\"section-navigation-block_911fe70d07b5e308e6e8699b074bb1a6\" class=\"section-navigation has-spacing--m\">\n        <ul>\n\n                \n                    <li>Contact<\/li>\n                \n            \n            \n                        \n                        \n\n            \n\n        <\/ul>\n        \n    <\/nav>\n\n\n\n<div class=\"pinned-block has-spacing--m\">\n\t\n\n<div class=\"pinned-block__column--left\">\n    \n\n \n\n    <div id=\"lead-in-block_25ad33d48ecea7d0ea68234a333ce5f1\" class=\"block-lead-in typo--soehne font-size--xl has-spacing--m width--full\">\n        <p><strong>Your contact partners<\/strong> will be happy to assist you with your personal concerns. However, due to the large number of enquiries, we ask you to first check our FAQ to see if your question may already have been answered.<\/p>\n    <\/div>\n\n\n\n\n    <div class=\"btn-wrapper alignleft has-spacing--m\">\n        <a class=\"btn\" href=\"https:\/\/visualjournalism.de\/faq\/\" target=\"_blank\">FAQ<\/a>\n    <\/div>\n\n\n<\/div>\n\n\n<div class=\"pinned-block__column--right\">\n    \n    \n    <div class=\"infocard has-spacing--m\">\n\n    \n        <div class=\"info-item--full\">\n            <p>\n                <span class=\"info-item__headline\">Dean of Studies, Design and Media department<\/span>\n            <\/p>\n            \n            <div class=\"info-item__content\">\n                <p>\n                    <span class=\"info-item__text\"><a href=\"https:\/\/visualjournalism.de\/karen-fromm\/\">Prof. Dr. Karen Fromm<\/a><\/span>\n                    <span class=\"info-item__text--small\">\n                        <span><a href=\"mailto:karen.fromm@hs-hannover.de\">E-Mail schreiben<\/a><\/span><span><a href=\"tel:+49 511 9296 8538\">+49 511 9296 8538<\/a><\/span>                    <\/span>\n                <\/p>\n\n                <figure class=\"info-item__image\">\n\n                    <a href=\"https:\/\/visualjournalism.de\/karen-fromm\/\"><img loading=\"lazy\" decoding=\"async\" width=\"52\" height=\"52\" src=\"https:\/\/visualjournalism.de\/wp-content\/uploads\/Prof_Dr_Karen_Fromm_thumb-1-52x52.jpg\" class=\"attachment-image-portrait size-image-portrait\" alt=\"\" srcset=\"https:\/\/visualjournalism.de\/wp-content\/uploads\/Prof_Dr_Karen_Fromm_thumb-1-52x52.jpg 52w, https:\/\/visualjournalism.de\/wp-content\/uploads\/Prof_Dr_Karen_Fromm_thumb-1.jpg 100w\" sizes=\"auto, (max-width: 52px) 100vw, 52px\" \/><\/a>                <\/figure>\n                \n            <\/div><!-- .info-item__content -->\n            \n        <\/div><!-- .info-item--full -->\n\n\n        <div class=\"info-item--full\">\n            <p>\n                <span class=\"info-item__headline\">Programme representative<\/span>\n            <\/p>\n            \n            <div class=\"info-item__content\">\n                <p>\n                    <span class=\"info-item__text\"><a href=\"https:\/\/visualjournalism.de\/michael-hauri\/\">Prof. Michael Hauri<\/a><\/span>\n                    <span class=\"info-item__text--small\">\n                        <span><a href=\"mailto:michael.hauri@hs-hannover.de\">E-Mail schreiben<\/a><\/span><span><a href=\"tel:+49 511 9296 8241\">+49 511 9296 8241<\/a><\/span>                    <\/span>\n                <\/p>\n\n                <figure class=\"info-item__image\">\n\n                    <a href=\"https:\/\/visualjournalism.de\/michael-hauri\/\"><img loading=\"lazy\" decoding=\"async\" width=\"52\" height=\"52\" src=\"https:\/\/visualjournalism.de\/wp-content\/uploads\/Michael-Hauri-thumb-1-52x52.jpg\" class=\"attachment-image-portrait size-image-portrait\" alt=\"\" srcset=\"https:\/\/visualjournalism.de\/wp-content\/uploads\/Michael-Hauri-thumb-1-52x52.jpg 52w, https:\/\/visualjournalism.de\/wp-content\/uploads\/Michael-Hauri-thumb-1-68x68.jpg 68w, https:\/\/visualjournalism.de\/wp-content\/uploads\/Michael-Hauri-thumb-1-96x96.jpg 96w, https:\/\/visualjournalism.de\/wp-content\/uploads\/Michael-Hauri-thumb-1.jpg 100w\" sizes=\"auto, (max-width: 52px) 100vw, 52px\" \/><\/a>                <\/figure>\n                \n            <\/div><!-- .info-item__content -->\n            \n        <\/div><!-- .info-item--full -->\n\n\n        <div class=\"info-item--full\">\n            <p>\n                <span class=\"info-item__headline\">Application and admission procedure<\/span>\n            <\/p>\n            \n            <div class=\"info-item__content\">\n                <p>\n                    <span class=\"info-item__text\"><a href=\"https:\/\/visualjournalism.de\/lars-bauernschmitt\/\">Prof. Lars Bauernschmitt<\/a><\/span>\n                    <span class=\"info-item__text--small\">\n                        <span><a href=\"mailto:lars.bauernschmitt@hs-hannover.de\">E-Mail schreiben<\/a><\/span><span><a href=\"tel:+49 511 9296 2467\">+49 511 9296 2467<\/a><\/span>                    <\/span>\n                <\/p>\n\n                <figure class=\"info-item__image\">\n\n                    <a href=\"https:\/\/visualjournalism.de\/lars-bauernschmitt\/\"><img loading=\"lazy\" decoding=\"async\" width=\"52\" height=\"52\" src=\"https:\/\/visualjournalism.de\/wp-content\/uploads\/prof_lars_bauernschmitt_thumb-1-52x52.jpg\" class=\"attachment-image-portrait size-image-portrait\" alt=\"\" srcset=\"https:\/\/visualjournalism.de\/wp-content\/uploads\/prof_lars_bauernschmitt_thumb-1-52x52.jpg 52w, https:\/\/visualjournalism.de\/wp-content\/uploads\/prof_lars_bauernschmitt_thumb-1.jpg 100w\" sizes=\"auto, (max-width: 52px) 100vw, 52px\" \/><\/a>                <\/figure>\n                \n            <\/div><!-- .info-item__content -->\n            \n        <\/div><!-- .info-item--full -->\n\n \n    <\/div>\n\n\n\n<p class=\"post__paragraph is-style-typo--soehne has-spacing--m has-spacing--default\">Hochschule Hannover<br>Faculty III &#8211; Media, Information and Design<br>Expo Plaza 2<br>D-30539 Hanover<\/p>\n\n\n\n    <div class=\"btn-wrapper has-spacing--m\">\n        <a class=\"btn\" href=\"https:\/\/www.hs-hannover.de\" target=\"_blank\">HS-HANNOVER.DE<\/a>\n    <\/div>\n\n\n<\/div>\n<\/div><\/div>\n","protected":false},"excerpt":{"rendered":"<p>Marvin Ibo G\u00fcng\u00f6r wins the main prize for the sports photo of the year 2022. He reported from Qatar during the World Cup. He photographed the athlete Lionel Messi holding the winner&#8217;s trophy in his hands after the World Cup final. The image is titled \u201cLike Maradona once\u201d and was selected from 964 submitted motifs. [&hellip;]<\/p>\n","protected":false},"author":3,"featured_media":14263,"comment_status":"closed","ping_status":"closed","sticky":false,"template":"","format":"standard","meta":{"_acf_changed":false,"footnotes":""},"categories":[82,110,78],"tags":[],"class_list":["post-14301","post","type-post","status-publish","format-standard","has-post-thumbnail","hentry","category-awards","category-current","category-news-en"],"acf":[],"yoast_head":"<!-- This site is optimized with the Yoast SEO Premium plugin v27.3 (Yoast SEO v27.3) - https:\/\/yoast.com\/product\/yoast-seo-premium-wordpress\/ -->\n<title>Awards Sports photo of the year 2022 &#8211; Visual Journalism and Documentary Photography<\/title>\n<meta name=\"description\" content=\"Marvin Ibo G\u00fcng\u00f6r and Tom Weller are honored for their work.\" \/>\n<meta name=\"robots\" content=\"index, follow, max-snippet:-1, max-image-preview:large, max-video-preview:-1\" \/>\n<link rel=\"canonical\" href=\"https:\/\/visualjournalism.de\/en\/news-en\/awards\/sports-photo-of-the-year-2022\/\" \/>\n<meta property=\"og:locale\" content=\"en_US\" \/>\n<meta property=\"og:type\" content=\"article\" \/>\n<meta property=\"og:title\" content=\"Sports photo of the year 2022\" \/>\n<meta property=\"og:description\" content=\"Marvin Ibo G\u00fcng\u00f6r and Tom Weller are honored for their work.\" \/>\n<meta property=\"og:url\" content=\"https:\/\/visualjournalism.de\/en\/news-en\/awards\/sports-photo-of-the-year-2022\/\" \/>\n<meta property=\"og:site_name\" content=\"Visual Journalism and Documentary Photography\" \/>\n<meta property=\"article:publisher\" content=\"https:\/\/www.facebook.com\/people\/wwwfotostudentende\/100065173703897\/\" \/>\n<meta property=\"article:published_time\" content=\"2023-01-24T18:14:02+00:00\" \/>\n<meta property=\"article:modified_time\" content=\"2023-01-28T08:52:43+00:00\" \/>\n<meta property=\"og:image\" content=\"https:\/\/visualjournalism.de\/wp-content\/uploads\/MarvinIboGuengoer_KAT4_001.jpg\" \/>\n\t<meta property=\"og:image:width\" content=\"2000\" \/>\n\t<meta property=\"og:image:height\" content=\"1333\" \/>\n\t<meta property=\"og:image:type\" content=\"image\/jpeg\" \/>\n<meta name=\"author\" content=\"Finn Winkler\" \/>\n<meta name=\"twitter:card\" content=\"summary_large_image\" \/>\n<meta name=\"twitter:creator\" content=\"@HsHannover\" \/>\n<meta name=\"twitter:site\" content=\"@HsHannover\" \/>\n<meta name=\"twitter:label1\" content=\"Written by\" \/>\n\t<meta name=\"twitter:data1\" content=\"Finn Winkler\" \/>\n\t<meta name=\"twitter:label2\" content=\"Est. reading time\" \/>\n\t<meta name=\"twitter:data2\" content=\"1 minute\" \/>\n<script type=\"application\/ld+json\" class=\"yoast-schema-graph\">{\"@context\":\"https:\\\/\\\/schema.org\",\"@graph\":[{\"@type\":\"Article\",\"@id\":\"https:\\\/\\\/visualjournalism.de\\\/en\\\/news-en\\\/awards\\\/sports-photo-of-the-year-2022\\\/#article\",\"isPartOf\":{\"@id\":\"https:\\\/\\\/visualjournalism.de\\\/en\\\/news-en\\\/awards\\\/sports-photo-of-the-year-2022\\\/\"},\"author\":{\"name\":\"Finn Winkler\",\"@id\":\"https:\\\/\\\/visualjournalism.de\\\/en\\\/#\\\/schema\\\/person\\\/fe76d52976e84c2580e156ad5f413b78\"},\"headline\":\"Sports photo of the year 2022\",\"datePublished\":\"2023-01-24T18:14:02+00:00\",\"dateModified\":\"2023-01-28T08:52:43+00:00\",\"mainEntityOfPage\":{\"@id\":\"https:\\\/\\\/visualjournalism.de\\\/en\\\/news-en\\\/awards\\\/sports-photo-of-the-year-2022\\\/\"},\"wordCount\":140,\"publisher\":{\"@id\":\"https:\\\/\\\/visualjournalism.de\\\/en\\\/#organization\"},\"image\":{\"@id\":\"https:\\\/\\\/visualjournalism.de\\\/en\\\/news-en\\\/awards\\\/sports-photo-of-the-year-2022\\\/#primaryimage\"},\"thumbnailUrl\":\"https:\\\/\\\/visualjournalism.de\\\/wp-content\\\/uploads\\\/MarvinIboGuengoer_KAT4_001.jpg\",\"articleSection\":[\"Awards\",\"Current\",\"News\"],\"inLanguage\":\"en-US\"},{\"@type\":\"WebPage\",\"@id\":\"https:\\\/\\\/visualjournalism.de\\\/en\\\/news-en\\\/awards\\\/sports-photo-of-the-year-2022\\\/\",\"url\":\"https:\\\/\\\/visualjournalism.de\\\/en\\\/news-en\\\/awards\\\/sports-photo-of-the-year-2022\\\/\",\"name\":\"Awards Sports photo of the year 2022 &#8211; Visual Journalism and Documentary Photography\",\"isPartOf\":{\"@id\":\"https:\\\/\\\/visualjournalism.de\\\/en\\\/#website\"},\"primaryImageOfPage\":{\"@id\":\"https:\\\/\\\/visualjournalism.de\\\/en\\\/news-en\\\/awards\\\/sports-photo-of-the-year-2022\\\/#primaryimage\"},\"image\":{\"@id\":\"https:\\\/\\\/visualjournalism.de\\\/en\\\/news-en\\\/awards\\\/sports-photo-of-the-year-2022\\\/#primaryimage\"},\"thumbnailUrl\":\"https:\\\/\\\/visualjournalism.de\\\/wp-content\\\/uploads\\\/MarvinIboGuengoer_KAT4_001.jpg\",\"datePublished\":\"2023-01-24T18:14:02+00:00\",\"dateModified\":\"2023-01-28T08:52:43+00:00\",\"description\":\"Marvin Ibo G\u00fcng\u00f6r and Tom Weller are honored for their work.\",\"breadcrumb\":{\"@id\":\"https:\\\/\\\/visualjournalism.de\\\/en\\\/news-en\\\/awards\\\/sports-photo-of-the-year-2022\\\/#breadcrumb\"},\"inLanguage\":\"en-US\",\"potentialAction\":[{\"@type\":\"ReadAction\",\"target\":[\"https:\\\/\\\/visualjournalism.de\\\/en\\\/news-en\\\/awards\\\/sports-photo-of-the-year-2022\\\/\"]}]},{\"@type\":\"ImageObject\",\"inLanguage\":\"en-US\",\"@id\":\"https:\\\/\\\/visualjournalism.de\\\/en\\\/news-en\\\/awards\\\/sports-photo-of-the-year-2022\\\/#primaryimage\",\"url\":\"https:\\\/\\\/visualjournalism.de\\\/wp-content\\\/uploads\\\/MarvinIboGuengoer_KAT4_001.jpg\",\"contentUrl\":\"https:\\\/\\\/visualjournalism.de\\\/wp-content\\\/uploads\\\/MarvinIboGuengoer_KAT4_001.jpg\",\"width\":2000,\"height\":1333,\"caption\":\"Lionel Messi is shouldered by friend and former teammate Sergio Ag\u00fcero after his triumph in the World Cup final to present the World Cup trophy to Argentine fans. Photo: Marvin Ibo-G\u00fcng\u00f6r\"},{\"@type\":\"BreadcrumbList\",\"@id\":\"https:\\\/\\\/visualjournalism.de\\\/en\\\/news-en\\\/awards\\\/sports-photo-of-the-year-2022\\\/#breadcrumb\",\"itemListElement\":[{\"@type\":\"ListItem\",\"position\":1,\"name\":\"Home\",\"item\":\"https:\\\/\\\/visualjournalism.de\\\/en\\\/\"},{\"@type\":\"ListItem\",\"position\":2,\"name\":\"Sports photo of the year 2022\"}]},{\"@type\":\"WebSite\",\"@id\":\"https:\\\/\\\/visualjournalism.de\\\/en\\\/#website\",\"url\":\"https:\\\/\\\/visualjournalism.de\\\/en\\\/\",\"name\":\"Visual Journalism and Documentary Photography\",\"description\":\"All about the bilingual bachelor&#039;s program at Hannover University of Applied Sciences and Arts.\",\"publisher\":{\"@id\":\"https:\\\/\\\/visualjournalism.de\\\/en\\\/#organization\"},\"alternateName\":\"visualjournalism.de\",\"potentialAction\":[{\"@type\":\"SearchAction\",\"target\":{\"@type\":\"EntryPoint\",\"urlTemplate\":\"https:\\\/\\\/visualjournalism.de\\\/en\\\/?s={search_term_string}\"},\"query-input\":{\"@type\":\"PropertyValueSpecification\",\"valueRequired\":true,\"valueName\":\"search_term_string\"}}],\"inLanguage\":\"en-US\"},{\"@type\":\"Organization\",\"@id\":\"https:\\\/\\\/visualjournalism.de\\\/en\\\/#organization\",\"name\":\"Hochschule Hannover \u2013 University of Applied Sciences and Arts\",\"alternateName\":\"HsH\",\"url\":\"https:\\\/\\\/visualjournalism.de\\\/en\\\/\",\"logo\":{\"@type\":\"ImageObject\",\"inLanguage\":\"en-US\",\"@id\":\"https:\\\/\\\/visualjournalism.de\\\/en\\\/#\\\/schema\\\/logo\\\/image\\\/\",\"url\":\"https:\\\/\\\/visualjournalism.de\\\/wp-content\\\/uploads\\\/logo-hochschule-hannover.png\",\"contentUrl\":\"https:\\\/\\\/visualjournalism.de\\\/wp-content\\\/uploads\\\/logo-hochschule-hannover.png\",\"width\":363,\"height\":270,\"caption\":\"Hochschule Hannover \u2013 University of Applied Sciences and Arts\"},\"image\":{\"@id\":\"https:\\\/\\\/visualjournalism.de\\\/en\\\/#\\\/schema\\\/logo\\\/image\\\/\"},\"sameAs\":[\"https:\\\/\\\/www.facebook.com\\\/people\\\/wwwfotostudentende\\\/100065173703897\\\/\",\"https:\\\/\\\/x.com\\\/HsHannover\",\"https:\\\/\\\/www.instagram.com\\\/visualjournalism.de\\\/\"]},{\"@type\":\"Person\",\"@id\":\"https:\\\/\\\/visualjournalism.de\\\/en\\\/#\\\/schema\\\/person\\\/fe76d52976e84c2580e156ad5f413b78\",\"name\":\"Finn Winkler\"}]}<\/script>\n<!-- \/ Yoast SEO Premium plugin. -->","yoast_head_json":{"title":"Awards Sports photo of the year 2022 &#8211; Visual Journalism and Documentary Photography","description":"Marvin Ibo G\u00fcng\u00f6r and Tom Weller are honored for their work.","robots":{"index":"index","follow":"follow","max-snippet":"max-snippet:-1","max-image-preview":"max-image-preview:large","max-video-preview":"max-video-preview:-1"},"canonical":"https:\/\/visualjournalism.de\/en\/news-en\/awards\/sports-photo-of-the-year-2022\/","og_locale":"en_US","og_type":"article","og_title":"Sports photo of the year 2022","og_description":"Marvin Ibo G\u00fcng\u00f6r and Tom Weller are honored for their work.","og_url":"https:\/\/visualjournalism.de\/en\/news-en\/awards\/sports-photo-of-the-year-2022\/","og_site_name":"Visual Journalism and Documentary Photography","article_publisher":"https:\/\/www.facebook.com\/people\/wwwfotostudentende\/100065173703897\/","article_published_time":"2023-01-24T18:14:02+00:00","article_modified_time":"2023-01-28T08:52:43+00:00","og_image":[{"width":2000,"height":1333,"url":"https:\/\/visualjournalism.de\/wp-content\/uploads\/MarvinIboGuengoer_KAT4_001.jpg","type":"image\/jpeg"}],"author":"Finn Winkler","twitter_card":"summary_large_image","twitter_creator":"@HsHannover","twitter_site":"@HsHannover","twitter_misc":{"Written by":"Finn Winkler","Est. reading time":"1 minute"},"schema":{"@context":"https:\/\/schema.org","@graph":[{"@type":"Article","@id":"https:\/\/visualjournalism.de\/en\/news-en\/awards\/sports-photo-of-the-year-2022\/#article","isPartOf":{"@id":"https:\/\/visualjournalism.de\/en\/news-en\/awards\/sports-photo-of-the-year-2022\/"},"author":{"name":"Finn Winkler","@id":"https:\/\/visualjournalism.de\/en\/#\/schema\/person\/fe76d52976e84c2580e156ad5f413b78"},"headline":"Sports photo of the year 2022","datePublished":"2023-01-24T18:14:02+00:00","dateModified":"2023-01-28T08:52:43+00:00","mainEntityOfPage":{"@id":"https:\/\/visualjournalism.de\/en\/news-en\/awards\/sports-photo-of-the-year-2022\/"},"wordCount":140,"publisher":{"@id":"https:\/\/visualjournalism.de\/en\/#organization"},"image":{"@id":"https:\/\/visualjournalism.de\/en\/news-en\/awards\/sports-photo-of-the-year-2022\/#primaryimage"},"thumbnailUrl":"https:\/\/visualjournalism.de\/wp-content\/uploads\/MarvinIboGuengoer_KAT4_001.jpg","articleSection":["Awards","Current","News"],"inLanguage":"en-US"},{"@type":"WebPage","@id":"https:\/\/visualjournalism.de\/en\/news-en\/awards\/sports-photo-of-the-year-2022\/","url":"https:\/\/visualjournalism.de\/en\/news-en\/awards\/sports-photo-of-the-year-2022\/","name":"Awards Sports photo of the year 2022 &#8211; Visual Journalism and Documentary Photography","isPartOf":{"@id":"https:\/\/visualjournalism.de\/en\/#website"},"primaryImageOfPage":{"@id":"https:\/\/visualjournalism.de\/en\/news-en\/awards\/sports-photo-of-the-year-2022\/#primaryimage"},"image":{"@id":"https:\/\/visualjournalism.de\/en\/news-en\/awards\/sports-photo-of-the-year-2022\/#primaryimage"},"thumbnailUrl":"https:\/\/visualjournalism.de\/wp-content\/uploads\/MarvinIboGuengoer_KAT4_001.jpg","datePublished":"2023-01-24T18:14:02+00:00","dateModified":"2023-01-28T08:52:43+00:00","description":"Marvin Ibo G\u00fcng\u00f6r and Tom Weller are honored for their work.","breadcrumb":{"@id":"https:\/\/visualjournalism.de\/en\/news-en\/awards\/sports-photo-of-the-year-2022\/#breadcrumb"},"inLanguage":"en-US","potentialAction":[{"@type":"ReadAction","target":["https:\/\/visualjournalism.de\/en\/news-en\/awards\/sports-photo-of-the-year-2022\/"]}]},{"@type":"ImageObject","inLanguage":"en-US","@id":"https:\/\/visualjournalism.de\/en\/news-en\/awards\/sports-photo-of-the-year-2022\/#primaryimage","url":"https:\/\/visualjournalism.de\/wp-content\/uploads\/MarvinIboGuengoer_KAT4_001.jpg","contentUrl":"https:\/\/visualjournalism.de\/wp-content\/uploads\/MarvinIboGuengoer_KAT4_001.jpg","width":2000,"height":1333,"caption":"Lionel Messi is shouldered by friend and former teammate Sergio Ag\u00fcero after his triumph in the World Cup final to present the World Cup trophy to Argentine fans. Photo: Marvin Ibo-G\u00fcng\u00f6r"},{"@type":"BreadcrumbList","@id":"https:\/\/visualjournalism.de\/en\/news-en\/awards\/sports-photo-of-the-year-2022\/#breadcrumb","itemListElement":[{"@type":"ListItem","position":1,"name":"Home","item":"https:\/\/visualjournalism.de\/en\/"},{"@type":"ListItem","position":2,"name":"Sports photo of the year 2022"}]},{"@type":"WebSite","@id":"https:\/\/visualjournalism.de\/en\/#website","url":"https:\/\/visualjournalism.de\/en\/","name":"Visual Journalism and Documentary Photography","description":"All about the bilingual bachelor&#039;s program at Hannover University of Applied Sciences and Arts.","publisher":{"@id":"https:\/\/visualjournalism.de\/en\/#organization"},"alternateName":"visualjournalism.de","potentialAction":[{"@type":"SearchAction","target":{"@type":"EntryPoint","urlTemplate":"https:\/\/visualjournalism.de\/en\/?s={search_term_string}"},"query-input":{"@type":"PropertyValueSpecification","valueRequired":true,"valueName":"search_term_string"}}],"inLanguage":"en-US"},{"@type":"Organization","@id":"https:\/\/visualjournalism.de\/en\/#organization","name":"Hochschule Hannover \u2013 University of Applied Sciences and Arts","alternateName":"HsH","url":"https:\/\/visualjournalism.de\/en\/","logo":{"@type":"ImageObject","inLanguage":"en-US","@id":"https:\/\/visualjournalism.de\/en\/#\/schema\/logo\/image\/","url":"https:\/\/visualjournalism.de\/wp-content\/uploads\/logo-hochschule-hannover.png","contentUrl":"https:\/\/visualjournalism.de\/wp-content\/uploads\/logo-hochschule-hannover.png","width":363,"height":270,"caption":"Hochschule Hannover \u2013 University of Applied Sciences and Arts"},"image":{"@id":"https:\/\/visualjournalism.de\/en\/#\/schema\/logo\/image\/"},"sameAs":["https:\/\/www.facebook.com\/people\/wwwfotostudentende\/100065173703897\/","https:\/\/x.com\/HsHannover","https:\/\/www.instagram.com\/visualjournalism.de\/"]},{"@type":"Person","@id":"https:\/\/visualjournalism.de\/en\/#\/schema\/person\/fe76d52976e84c2580e156ad5f413b78","name":"Finn Winkler"}]}},"_links":{"self":[{"href":"https:\/\/visualjournalism.de\/en\/wp-json\/wp\/v2\/posts\/14301","targetHints":{"allow":["GET"]}}],"collection":[{"href":"https:\/\/visualjournalism.de\/en\/wp-json\/wp\/v2\/posts"}],"about":[{"href":"https:\/\/visualjournalism.de\/en\/wp-json\/wp\/v2\/types\/post"}],"author":[{"embeddable":true,"href":"https:\/\/visualjournalism.de\/en\/wp-json\/wp\/v2\/users\/3"}],"replies":[{"embeddable":true,"href":"https:\/\/visualjournalism.de\/en\/wp-json\/wp\/v2\/comments?post=14301"}],"version-history":[{"count":0,"href":"https:\/\/visualjournalism.de\/en\/wp-json\/wp\/v2\/posts\/14301\/revisions"}],"wp:featuredmedia":[{"embeddable":true,"href":"https:\/\/visualjournalism.de\/en\/wp-json\/wp\/v2\/media\/14263"}],"wp:attachment":[{"href":"https:\/\/visualjournalism.de\/en\/wp-json\/wp\/v2\/media?parent=14301"}],"wp:term":[{"taxonomy":"category","embeddable":true,"href":"https:\/\/visualjournalism.de\/en\/wp-json\/wp\/v2\/categories?post=14301"},{"taxonomy":"post_tag","embeddable":true,"href":"https:\/\/visualjournalism.de\/en\/wp-json\/wp\/v2\/tags?post=14301"}],"curies":[{"name":"wp","href":"https:\/\/api.w.org\/{rel}","templated":true}]}}