{"id":16053,"date":"2023-03-10T19:55:18","date_gmt":"2023-03-10T19:55:18","guid":{"rendered":"https:\/\/visualjournalism.de\/?p=16053"},"modified":"2023-03-12T10:52:05","modified_gmt":"2023-03-12T10:52:05","slug":"hansel-mieth-prize-2023","status":"publish","type":"post","link":"https:\/\/visualjournalism.de\/en\/news-en\/awards\/hansel-mieth-prize-2023\/","title":{"rendered":"Hansel-Mieth Prize 2023"},"content":{"rendered":"\n \n\n    <div id=\"lead-in-block_37e643895edf02452f0edd0102c12d09\" class=\"block-lead-in typo--default font-size--xl has-spacing--m width--default\">\n        <p><strong>Hansel Mieth Award 2023.<\/strong> Helena Lea Manhartsberger wins the Gabriel Gruener scholarship\u2014three alumni on the shortlist.<\/p>\n<div class=\"entry-meta\">\r\n    <span class=\"posted-on\"><a href=\"https:\/\/visualjournalism.de\/en\/news-en\/awards\/hansel-mieth-prize-2023\/\" rel=\"bookmark\"><time class=\"entry-date published\" datetime=\"2023-03-10T19:55:18+02:00\">10.03.2023<\/time><\/a><\/span><span class=\"byline\">Redaktion: <span class=\"author vcard\"><span class=\"fn n\">Finn Winkler<\/span><\/span><\/span><\/div><!-- .entry-meta -->\r\n    <\/div>\n\n\n\n    <figure class=\"block-photo post__image--wide-left has-spacing--m with-title\">\n\n        <div class=\"post__image__container\">\n            <img loading=\"lazy\" decoding=\"async\" \n                src=\"https:\/\/visualjournalism.de\/wp-content\/uploads\/11-LailaSieber_HelenaLeaManhartsberger_11-f376d1dd-6a67-462c-90f0-4fd0f343f7c8-2048x1365-1-1050x700.jpg\"\n                srcset=\"https:\/\/visualjournalism.de\/wp-content\/uploads\/11-LailaSieber_HelenaLeaManhartsberger_11-f376d1dd-6a67-462c-90f0-4fd0f343f7c8-2048x1365-1-1050x700.jpg 1050w, https:\/\/visualjournalism.de\/wp-content\/uploads\/11-LailaSieber_HelenaLeaManhartsberger_11-f376d1dd-6a67-462c-90f0-4fd0f343f7c8-2048x1365-1-300x200.jpg 300w, https:\/\/visualjournalism.de\/wp-content\/uploads\/11-LailaSieber_HelenaLeaManhartsberger_11-f376d1dd-6a67-462c-90f0-4fd0f343f7c8-2048x1365-1-1024x683.jpg 1024w, https:\/\/visualjournalism.de\/wp-content\/uploads\/11-LailaSieber_HelenaLeaManhartsberger_11-f376d1dd-6a67-462c-90f0-4fd0f343f7c8-2048x1365-1-768x512.jpg 768w, https:\/\/visualjournalism.de\/wp-content\/uploads\/11-LailaSieber_HelenaLeaManhartsberger_11-f376d1dd-6a67-462c-90f0-4fd0f343f7c8-2048x1365-1-1536x1024.jpg 1536w, https:\/\/visualjournalism.de\/wp-content\/uploads\/11-LailaSieber_HelenaLeaManhartsberger_11-f376d1dd-6a67-462c-90f0-4fd0f343f7c8-2048x1365-1-1400x933.jpg 1400w, https:\/\/visualjournalism.de\/wp-content\/uploads\/11-LailaSieber_HelenaLeaManhartsberger_11-f376d1dd-6a67-462c-90f0-4fd0f343f7c8-2048x1365-1-670x447.jpg 670w, https:\/\/visualjournalism.de\/wp-content\/uploads\/11-LailaSieber_HelenaLeaManhartsberger_11-f376d1dd-6a67-462c-90f0-4fd0f343f7c8-2048x1365-1-420x280.jpg 420w, https:\/\/visualjournalism.de\/wp-content\/uploads\/11-LailaSieber_HelenaLeaManhartsberger_11-f376d1dd-6a67-462c-90f0-4fd0f343f7c8-2048x1365-1-350x233.jpg 350w, https:\/\/visualjournalism.de\/wp-content\/uploads\/11-LailaSieber_HelenaLeaManhartsberger_11-f376d1dd-6a67-462c-90f0-4fd0f343f7c8-2048x1365-1.jpg 2048w\"\n                width=\"1050\" \n                height=\"700\"\n                alt=\"\" \n            \/>\n            \n                            <span class=\"post__image__title\">Photography from the work &quot;Where you can hear the silence&quot; by Helena Lea Manhartsberger and Laila Sieber<\/span>\n                    <\/div><!-- post__image__container -->\n\n        \n    <\/figure><!-- post__image -->\n\n\n\n\n<p class=\"post__paragraph has-spacing--m\"><strong><a href=\"https:\/\/www.helena-manhartsberger.com\/\" target=\"_blank\" rel=\"noreferrer noopener\">Helena Lea Manhartsberger<\/a>&nbsp;wins this year<\/strong>&#8216;s Gabriel Gruener Scholarship together with journalist Nora Belghaus. The Zeitenspiegel Reportagen journalists&#8217; association sponsors a team of photographers and writers to realize a journalistic project each year. The Gabriel Gruener Scholarship is awarded as part of the Hansel Mieth Award. It is endowed with 6000 Euros and a stay at the&nbsp;<a href=\"https:\/\/www.akademie-solitude.de\/de\/\" target=\"_blank\" rel=\"noreferrer noopener\">Akademie Schloss Solitude<\/a>&nbsp;in Stuttgart.&nbsp;&nbsp;<br><br>Helena Lea Manhartsberger and Nora Belghaus will use the funds to produce a reportage entitled \u201cUnder the Earth the Truth.\u201d The two will accompany an Argentine team of forensic anthropologists in the project. This group is looking for undocumented migrant graves in South America. Helena Lea Manhartsberger graduated in 2021 with her book \u201csex work\u2014lock down.\u201d&nbsp;&nbsp;<br><br>At the Hansel-Mieth Award, Zeitenspiegel Reportagen regularly honours successful collaborations in image and text. Several other graduates of Hochschule Hannover will be honoured this year, including <a href=\"https:\/\/jescodenzel.com\" target=\"_blank\" rel=\"noreferrer noopener\">Jesco Denzel<\/a>, <a href=\"https:\/\/roman-pawlowski.de\" target=\"_blank\" rel=\"noreferrer noopener\">Roman Pawlowski<\/a>, and <a href=\"https:\/\/kaveh-rk.net\" target=\"_blank\" rel=\"noreferrer noopener\">Kaveh Rostamkhani<\/a>, who all find themselves on the awards shortlist.<\/p>\n\n\n\n<div class=\"wp-block-group has-spacing--none\">\n<div class=\"devider has-spacing--none\">\n    <hr>\n<\/div>\n\n\n    <nav id=\"section-navigation-block_aae9999e3c00629b9126af0cc207c38f\" class=\"section-navigation has-spacing--m\">\n        <ul>\n\n                \n                    <li>This might also interest you:<\/li>\n                \n            \n            \n                        \n                        \n\n            \n\n        <\/ul>\n        \n    <\/nav>\n\n\n\n<div class=\"four-columns-teaser has-spacing--m\">\n\n    \r\n<article class=\"post-teaser post-65184 post type-post status-publish format-standard has-post-thumbnail hentry category-events category-news-en\">\r\n\t<header class=\"entry-header\">\r\n\r\n\t\t<div class=\"entry-categories\">\n\t<a class=\"post__tag\" href=\"https:\/\/visualjournalism.de\/en\/news-en\/events\/\" rel=\"category tag\">Events<\/a><\/div>\r\n\t\t<a href=\"https:\/\/visualjournalism.de\/en\/news-en\/events\/experience-visual-journalism-live-discover-which-media-study-program-suits-you-best\/\" rel=\"bookmark\">\r\n\t\t\t<h2 class=\"entry-title\">Experience visual journalism live: Discover which media degree program is right for you.<\/h2>\r\n\t\t\t<p class=\"entry-excerpt\">The Media_Special on November 11, 2025 will showcase the media degree programs at the University of Applied Sciences and Arts Hannover. Workshops, talks and lectures provide insights and help with the choice of course. <\/p>\r\n\t\t<\/a>\r\n\r\n\t<\/header><!-- .entry-header -->\r\n\r\n\t<figure class=\"post__image\">\r\n\t\t<a href=\"https:\/\/visualjournalism.de\/en\/news-en\/events\/experience-visual-journalism-live-discover-which-media-study-program-suits-you-best\/\" rel=\"bookmark\">\r\n\t\t\t<img loading=\"lazy\" decoding=\"async\" width=\"350\" height=\"233\" src=\"https:\/\/visualjournalism.de\/wp-content\/uploads\/rosty_foto-12-350x233.jpg\" class=\"attachment-post-image--two-column--small size-post-image--two-column--small\" alt=\"\" srcset=\"https:\/\/visualjournalism.de\/wp-content\/uploads\/rosty_foto-12-350x233.jpg 350w, https:\/\/visualjournalism.de\/wp-content\/uploads\/rosty_foto-12-300x200.jpg 300w, https:\/\/visualjournalism.de\/wp-content\/uploads\/rosty_foto-12-1024x683.jpg 1024w, https:\/\/visualjournalism.de\/wp-content\/uploads\/rosty_foto-12-768x512.jpg 768w, https:\/\/visualjournalism.de\/wp-content\/uploads\/rosty_foto-12-1536x1024.jpg 1536w, https:\/\/visualjournalism.de\/wp-content\/uploads\/rosty_foto-12-1400x933.jpg 1400w, https:\/\/visualjournalism.de\/wp-content\/uploads\/rosty_foto-12-1050x700.jpg 1050w, https:\/\/visualjournalism.de\/wp-content\/uploads\/rosty_foto-12-670x447.jpg 670w, https:\/\/visualjournalism.de\/wp-content\/uploads\/rosty_foto-12-420x280.jpg 420w, https:\/\/visualjournalism.de\/wp-content\/uploads\/rosty_foto-12.jpg 1920w\" sizes=\"auto, (max-width: 350px) 100vw, 350px\" \/>\t\t<\/a>\r\n\t<\/figure><!-- .post__image -->\r\n\r\n<\/article>\r\n\r\n<article class=\"post-teaser post-14985 post type-post status-publish format-standard has-post-thumbnail hentry category-application category-news-en\">\r\n\t<header class=\"entry-header\">\r\n\r\n\t\t<div class=\"entry-categories\">\n\t<a class=\"post__tag\" href=\"https:\/\/visualjournalism.de\/en\/news-en\/application\/\" rel=\"category tag\">Application<\/a><\/div>\r\n\t\t<a href=\"https:\/\/visualjournalism.de\/en\/news-en\/application\/apply-now\/\" rel=\"bookmark\">\r\n\t\t\t<h2 class=\"entry-title\">Get ready to launch your journalistic career!<\/h2>\r\n\t\t\t<p class=\"entry-excerpt\">Make sure you&#8217;re on track for the winter semester.<\/p>\r\n\t\t<\/a>\r\n\r\n\t<\/header><!-- .entry-header -->\r\n\r\n\t<figure class=\"post__image\">\r\n\t\t<a href=\"https:\/\/visualjournalism.de\/en\/news-en\/application\/apply-now\/\" rel=\"bookmark\">\r\n\t\t\t\n<div class=\"splide\">\n    <div class=\"splide__track\">\n\n        <div class=\"splide__list\">\n\n                    \n\n                    <div class=\"splide__slide\">\n\n                        <img loading=\"lazy\" decoding=\"async\"  \n                            src=\"https:\/\/visualjournalism.de\/wp-content\/uploads\/rosty_foto-20-350x233.jpg\" \n                            srcset=\"https:\/\/visualjournalism.de\/wp-content\/uploads\/rosty_foto-20-350x233.jpg 350w, https:\/\/visualjournalism.de\/wp-content\/uploads\/rosty_foto-20-300x200.jpg 300w, https:\/\/visualjournalism.de\/wp-content\/uploads\/rosty_foto-20-1024x683.jpg 1024w, https:\/\/visualjournalism.de\/wp-content\/uploads\/rosty_foto-20-768x512.jpg 768w, https:\/\/visualjournalism.de\/wp-content\/uploads\/rosty_foto-20-1536x1024.jpg 1536w, https:\/\/visualjournalism.de\/wp-content\/uploads\/rosty_foto-20-1400x933.jpg 1400w, https:\/\/visualjournalism.de\/wp-content\/uploads\/rosty_foto-20-1050x700.jpg 1050w, https:\/\/visualjournalism.de\/wp-content\/uploads\/rosty_foto-20-670x447.jpg 670w, https:\/\/visualjournalism.de\/wp-content\/uploads\/rosty_foto-20-420x280.jpg 420w, https:\/\/visualjournalism.de\/wp-content\/uploads\/rosty_foto-20.jpg 1920w\" \n                            width=\"350\"  \n                            height=\"233\" \n                            alt=\"\"  \n                        \/>\n\n                    <\/div>\n                \n                        \n\n                    <div class=\"splide__slide\">\n\n                        <img loading=\"lazy\" decoding=\"async\"  \n                            src=\"https:\/\/visualjournalism.de\/wp-content\/uploads\/2026\/02\/IMG_0694-2-350x263.jpg\" \n                            srcset=\"https:\/\/visualjournalism.de\/wp-content\/uploads\/2026\/02\/IMG_0694-2-350x263.jpg 350w, https:\/\/visualjournalism.de\/wp-content\/uploads\/2026\/02\/IMG_0694-2-300x225.jpg 300w, https:\/\/visualjournalism.de\/wp-content\/uploads\/2026\/02\/IMG_0694-2-1024x768.jpg 1024w, https:\/\/visualjournalism.de\/wp-content\/uploads\/2026\/02\/IMG_0694-2-768x576.jpg 768w, https:\/\/visualjournalism.de\/wp-content\/uploads\/2026\/02\/IMG_0694-2-1536x1152.jpg 1536w, https:\/\/visualjournalism.de\/wp-content\/uploads\/2026\/02\/IMG_0694-2-2048x1536.jpg 2048w, https:\/\/visualjournalism.de\/wp-content\/uploads\/2026\/02\/IMG_0694-2-1920x1440.jpg 1920w, https:\/\/visualjournalism.de\/wp-content\/uploads\/2026\/02\/IMG_0694-2-1400x1050.jpg 1400w, https:\/\/visualjournalism.de\/wp-content\/uploads\/2026\/02\/IMG_0694-2-1050x788.jpg 1050w, https:\/\/visualjournalism.de\/wp-content\/uploads\/2026\/02\/IMG_0694-2-670x503.jpg 670w, https:\/\/visualjournalism.de\/wp-content\/uploads\/2026\/02\/IMG_0694-2-420x315.jpg 420w, https:\/\/visualjournalism.de\/wp-content\/uploads\/2026\/02\/IMG_0694-2-150x113.jpg 150w\" \n                            width=\"350\"  \n                            height=\"263\" \n                            alt=\"\"  \n                        \/>\n\n                    <\/div>\n                \n                        \n\n                    <div class=\"splide__slide\">\n\n                        <img loading=\"lazy\" decoding=\"async\"  \n                            src=\"https:\/\/visualjournalism.de\/wp-content\/uploads\/1mg6251-1500x1000-1-350x233.jpg\" \n                            srcset=\"https:\/\/visualjournalism.de\/wp-content\/uploads\/1mg6251-1500x1000-1-350x233.jpg 350w, https:\/\/visualjournalism.de\/wp-content\/uploads\/1mg6251-1500x1000-1-300x200.jpg 300w, https:\/\/visualjournalism.de\/wp-content\/uploads\/1mg6251-1500x1000-1-1024x683.jpg 1024w, https:\/\/visualjournalism.de\/wp-content\/uploads\/1mg6251-1500x1000-1-768x512.jpg 768w, https:\/\/visualjournalism.de\/wp-content\/uploads\/1mg6251-1500x1000-1-1400x933.jpg 1400w, https:\/\/visualjournalism.de\/wp-content\/uploads\/1mg6251-1500x1000-1-1050x700.jpg 1050w, https:\/\/visualjournalism.de\/wp-content\/uploads\/1mg6251-1500x1000-1-670x447.jpg 670w, https:\/\/visualjournalism.de\/wp-content\/uploads\/1mg6251-1500x1000-1-420x280.jpg 420w, https:\/\/visualjournalism.de\/wp-content\/uploads\/1mg6251-1500x1000-1-150x100.jpg 150w, https:\/\/visualjournalism.de\/wp-content\/uploads\/1mg6251-1500x1000-1.jpg 1500w\" \n                            width=\"350\"  \n                            height=\"233\" \n                            alt=\"\"  \n                        \/>\n\n                    <\/div>\n                \n                        \n\n                    <div class=\"splide__slide\">\n\n                        <img loading=\"lazy\" decoding=\"async\"  \n                            src=\"https:\/\/visualjournalism.de\/wp-content\/uploads\/rosty_foto-17-350x233.jpg\" \n                            srcset=\"https:\/\/visualjournalism.de\/wp-content\/uploads\/rosty_foto-17-350x233.jpg 350w, https:\/\/visualjournalism.de\/wp-content\/uploads\/rosty_foto-17-300x200.jpg 300w, https:\/\/visualjournalism.de\/wp-content\/uploads\/rosty_foto-17-1024x683.jpg 1024w, https:\/\/visualjournalism.de\/wp-content\/uploads\/rosty_foto-17-768x512.jpg 768w, https:\/\/visualjournalism.de\/wp-content\/uploads\/rosty_foto-17-1536x1024.jpg 1536w, https:\/\/visualjournalism.de\/wp-content\/uploads\/rosty_foto-17-1400x933.jpg 1400w, https:\/\/visualjournalism.de\/wp-content\/uploads\/rosty_foto-17-1050x700.jpg 1050w, https:\/\/visualjournalism.de\/wp-content\/uploads\/rosty_foto-17-670x447.jpg 670w, https:\/\/visualjournalism.de\/wp-content\/uploads\/rosty_foto-17-420x280.jpg 420w, https:\/\/visualjournalism.de\/wp-content\/uploads\/rosty_foto-17.jpg 1920w\" \n                            width=\"350\"  \n                            height=\"233\" \n                            alt=\"\"  \n                        \/>\n\n                    <\/div>\n                \n                        \n\n                    <div class=\"splide__slide\">\n\n                        <img loading=\"lazy\" decoding=\"async\"  \n                            src=\"https:\/\/visualjournalism.de\/wp-content\/uploads\/20250924EE_11-350x233.jpg\" \n                            srcset=\"https:\/\/visualjournalism.de\/wp-content\/uploads\/20250924EE_11-350x233.jpg 350w, https:\/\/visualjournalism.de\/wp-content\/uploads\/20250924EE_11-300x200.jpg 300w, https:\/\/visualjournalism.de\/wp-content\/uploads\/20250924EE_11-1024x683.jpg 1024w, https:\/\/visualjournalism.de\/wp-content\/uploads\/20250924EE_11-768x512.jpg 768w, https:\/\/visualjournalism.de\/wp-content\/uploads\/20250924EE_11-1536x1024.jpg 1536w, https:\/\/visualjournalism.de\/wp-content\/uploads\/20250924EE_11-2048x1365.jpg 2048w, https:\/\/visualjournalism.de\/wp-content\/uploads\/20250924EE_11-1920x1280.jpg 1920w, https:\/\/visualjournalism.de\/wp-content\/uploads\/20250924EE_11-1400x933.jpg 1400w, https:\/\/visualjournalism.de\/wp-content\/uploads\/20250924EE_11-1050x700.jpg 1050w, https:\/\/visualjournalism.de\/wp-content\/uploads\/20250924EE_11-670x447.jpg 670w, https:\/\/visualjournalism.de\/wp-content\/uploads\/20250924EE_11-420x280.jpg 420w\" \n                            width=\"350\"  \n                            height=\"233\" \n                            alt=\"\"  \n                        \/>\n\n                    <\/div>\n                \n                        \n\n                    <div class=\"splide__slide\">\n\n                        <img loading=\"lazy\" decoding=\"async\"  \n                            src=\"https:\/\/visualjournalism.de\/wp-content\/uploads\/2026\/02\/IMG_0665-2-350x263.jpg\" \n                            srcset=\"https:\/\/visualjournalism.de\/wp-content\/uploads\/2026\/02\/IMG_0665-2-350x263.jpg 350w, https:\/\/visualjournalism.de\/wp-content\/uploads\/2026\/02\/IMG_0665-2-300x225.jpg 300w, https:\/\/visualjournalism.de\/wp-content\/uploads\/2026\/02\/IMG_0665-2-1024x768.jpg 1024w, https:\/\/visualjournalism.de\/wp-content\/uploads\/2026\/02\/IMG_0665-2-768x576.jpg 768w, https:\/\/visualjournalism.de\/wp-content\/uploads\/2026\/02\/IMG_0665-2-1536x1152.jpg 1536w, https:\/\/visualjournalism.de\/wp-content\/uploads\/2026\/02\/IMG_0665-2-2048x1536.jpg 2048w, https:\/\/visualjournalism.de\/wp-content\/uploads\/2026\/02\/IMG_0665-2-1920x1440.jpg 1920w, https:\/\/visualjournalism.de\/wp-content\/uploads\/2026\/02\/IMG_0665-2-1400x1050.jpg 1400w, https:\/\/visualjournalism.de\/wp-content\/uploads\/2026\/02\/IMG_0665-2-1050x788.jpg 1050w, https:\/\/visualjournalism.de\/wp-content\/uploads\/2026\/02\/IMG_0665-2-670x503.jpg 670w, https:\/\/visualjournalism.de\/wp-content\/uploads\/2026\/02\/IMG_0665-2-420x315.jpg 420w, https:\/\/visualjournalism.de\/wp-content\/uploads\/2026\/02\/IMG_0665-2-150x113.jpg 150w\" \n                            width=\"350\"  \n                            height=\"263\" \n                            alt=\"\"  \n                        \/>\n\n                    <\/div>\n                \n                        \n\n                    <div class=\"splide__slide\">\n\n                        <img loading=\"lazy\" decoding=\"async\"  \n                            src=\"https:\/\/visualjournalism.de\/wp-content\/uploads\/Erstsemester_Begruessung-17-350x233.jpg\" \n                            srcset=\"https:\/\/visualjournalism.de\/wp-content\/uploads\/Erstsemester_Begruessung-17-350x233.jpg 350w, https:\/\/visualjournalism.de\/wp-content\/uploads\/Erstsemester_Begruessung-17-300x200.jpg 300w, https:\/\/visualjournalism.de\/wp-content\/uploads\/Erstsemester_Begruessung-17-1024x683.jpg 1024w, https:\/\/visualjournalism.de\/wp-content\/uploads\/Erstsemester_Begruessung-17-768x512.jpg 768w, https:\/\/visualjournalism.de\/wp-content\/uploads\/Erstsemester_Begruessung-17-1536x1024.jpg 1536w, https:\/\/visualjournalism.de\/wp-content\/uploads\/Erstsemester_Begruessung-17-2048x1365.jpg 2048w, https:\/\/visualjournalism.de\/wp-content\/uploads\/Erstsemester_Begruessung-17-1920x1280.jpg 1920w, https:\/\/visualjournalism.de\/wp-content\/uploads\/Erstsemester_Begruessung-17-1400x933.jpg 1400w, https:\/\/visualjournalism.de\/wp-content\/uploads\/Erstsemester_Begruessung-17-1050x700.jpg 1050w, https:\/\/visualjournalism.de\/wp-content\/uploads\/Erstsemester_Begruessung-17-670x447.jpg 670w, https:\/\/visualjournalism.de\/wp-content\/uploads\/Erstsemester_Begruessung-17-420x280.jpg 420w\" \n                            width=\"350\"  \n                            height=\"233\" \n                            alt=\"\"  \n                        \/>\n\n                    <\/div>\n                \n                        \n\n                    <div class=\"splide__slide\">\n\n                        <img loading=\"lazy\" decoding=\"async\"  \n                            src=\"https:\/\/visualjournalism.de\/wp-content\/uploads\/rosty_foto-12-350x233.jpg\" \n                            srcset=\"https:\/\/visualjournalism.de\/wp-content\/uploads\/rosty_foto-12-350x233.jpg 350w, https:\/\/visualjournalism.de\/wp-content\/uploads\/rosty_foto-12-300x200.jpg 300w, https:\/\/visualjournalism.de\/wp-content\/uploads\/rosty_foto-12-1024x683.jpg 1024w, https:\/\/visualjournalism.de\/wp-content\/uploads\/rosty_foto-12-768x512.jpg 768w, https:\/\/visualjournalism.de\/wp-content\/uploads\/rosty_foto-12-1536x1024.jpg 1536w, https:\/\/visualjournalism.de\/wp-content\/uploads\/rosty_foto-12-1400x933.jpg 1400w, https:\/\/visualjournalism.de\/wp-content\/uploads\/rosty_foto-12-1050x700.jpg 1050w, https:\/\/visualjournalism.de\/wp-content\/uploads\/rosty_foto-12-670x447.jpg 670w, https:\/\/visualjournalism.de\/wp-content\/uploads\/rosty_foto-12-420x280.jpg 420w, https:\/\/visualjournalism.de\/wp-content\/uploads\/rosty_foto-12.jpg 1920w\" \n                            width=\"350\"  \n                            height=\"233\" \n                            alt=\"\"  \n                        \/>\n\n                    <\/div>\n                \n                \n        <\/div> <!-- .splide__list -->\n\n    <\/div><!-- slide__track -->\n<\/div>\t\t<\/a>\r\n\t<\/figure><!-- .post__image -->\r\n\r\n<\/article>\r\n\r\n<article class=\"post-teaser post-64654 post type-post status-publish format-standard has-post-thumbnail hentry category-awards category-news-en\">\r\n\t<header class=\"entry-header\">\r\n\r\n\t\t<div class=\"entry-categories\">\n\t<a class=\"post__tag\" href=\"https:\/\/visualjournalism.de\/en\/news-en\/awards\/\" rel=\"category tag\">Awards<\/a><\/div>\r\n\t\t<a href=\"https:\/\/visualjournalism.de\/en\/news-en\/awards\/julius-schien-wins-the-vgh-photo-prize-2025\/\" rel=\"bookmark\">\r\n\t\t\t<h2 class=\"entry-title\">With a photo series on right-wing violence:<\/h2>\r\n\t\t\t<p class=\"entry-excerpt\">Julius Schien wins the VGH Photo Prize 2025<\/p>\r\n\t\t<\/a>\r\n\r\n\t<\/header><!-- .entry-header -->\r\n\r\n\t<figure class=\"post__image\">\r\n\t\t<a href=\"https:\/\/visualjournalism.de\/en\/news-en\/awards\/julius-schien-wins-the-vgh-photo-prize-2025\/\" rel=\"bookmark\">\r\n\t\t\t<img loading=\"lazy\" decoding=\"async\" width=\"350\" height=\"280\" src=\"https:\/\/visualjournalism.de\/wp-content\/uploads\/VGH-Fotopreis2025-Rechtes-Land_1993-01-15_Arnstadt_Karl-Sidon_CJulius-Schien-350x280.jpg\" class=\"attachment-post-image--two-column--small size-post-image--two-column--small\" alt=\"\" srcset=\"https:\/\/visualjournalism.de\/wp-content\/uploads\/VGH-Fotopreis2025-Rechtes-Land_1993-01-15_Arnstadt_Karl-Sidon_CJulius-Schien-350x280.jpg 350w, https:\/\/visualjournalism.de\/wp-content\/uploads\/VGH-Fotopreis2025-Rechtes-Land_1993-01-15_Arnstadt_Karl-Sidon_CJulius-Schien-300x240.jpg 300w, https:\/\/visualjournalism.de\/wp-content\/uploads\/VGH-Fotopreis2025-Rechtes-Land_1993-01-15_Arnstadt_Karl-Sidon_CJulius-Schien-1024x819.jpg 1024w, https:\/\/visualjournalism.de\/wp-content\/uploads\/VGH-Fotopreis2025-Rechtes-Land_1993-01-15_Arnstadt_Karl-Sidon_CJulius-Schien-768x615.jpg 768w, https:\/\/visualjournalism.de\/wp-content\/uploads\/VGH-Fotopreis2025-Rechtes-Land_1993-01-15_Arnstadt_Karl-Sidon_CJulius-Schien-1536x1229.jpg 1536w, https:\/\/visualjournalism.de\/wp-content\/uploads\/VGH-Fotopreis2025-Rechtes-Land_1993-01-15_Arnstadt_Karl-Sidon_CJulius-Schien-2048x1639.jpg 2048w, https:\/\/visualjournalism.de\/wp-content\/uploads\/VGH-Fotopreis2025-Rechtes-Land_1993-01-15_Arnstadt_Karl-Sidon_CJulius-Schien-1920x1536.jpg 1920w, https:\/\/visualjournalism.de\/wp-content\/uploads\/VGH-Fotopreis2025-Rechtes-Land_1993-01-15_Arnstadt_Karl-Sidon_CJulius-Schien-1400x1120.jpg 1400w, https:\/\/visualjournalism.de\/wp-content\/uploads\/VGH-Fotopreis2025-Rechtes-Land_1993-01-15_Arnstadt_Karl-Sidon_CJulius-Schien-1050x840.jpg 1050w, https:\/\/visualjournalism.de\/wp-content\/uploads\/VGH-Fotopreis2025-Rechtes-Land_1993-01-15_Arnstadt_Karl-Sidon_CJulius-Schien-670x536.jpg 670w, https:\/\/visualjournalism.de\/wp-content\/uploads\/VGH-Fotopreis2025-Rechtes-Land_1993-01-15_Arnstadt_Karl-Sidon_CJulius-Schien-420x336.jpg 420w\" sizes=\"auto, (max-width: 350px) 100vw, 350px\" \/>\t\t<\/a>\r\n\t<\/figure><!-- .post__image -->\r\n\r\n<\/article>\r\n\r\n<article class=\"post-teaser post-64668 post type-post status-publish format-standard has-post-thumbnail hentry category-current category-news-en\">\r\n\t<header class=\"entry-header\">\r\n\r\n\t\t<div class=\"entry-categories\">\n\t<a class=\"post__tag\" href=\"https:\/\/visualjournalism.de\/en\/news-en\/\" rel=\"category tag\">News<\/a><\/div>\r\n\t\t<a href=\"https:\/\/visualjournalism.de\/en\/news-en\/a-huge-playground-starting-studies-in-hannover\/\" rel=\"bookmark\">\r\n\t\t\t<h2 class=\"entry-title\">&#8220;A huge playground&#8221;.<\/h2>\r\n\t\t\t<p class=\"entry-excerpt\">The first semester students experience the start as open, diverse and inspiring.<\/p>\r\n\t\t<\/a>\r\n\r\n\t<\/header><!-- .entry-header -->\r\n\r\n\t<figure class=\"post__image\">\r\n\t\t<a href=\"https:\/\/visualjournalism.de\/en\/news-en\/a-huge-playground-starting-studies-in-hannover\/\" rel=\"bookmark\">\r\n\t\t\t\n<div class=\"splide\">\n    <div class=\"splide__track\">\n\n        <div class=\"splide__list\">\n\n                    \n\n                    <div class=\"splide__slide\">\n\n                        <img loading=\"lazy\" decoding=\"async\"  \n                            src=\"https:\/\/visualjournalism.de\/wp-content\/uploads\/Erstsemester_Begruessung-17-350x233.jpg\" \n                            srcset=\"https:\/\/visualjournalism.de\/wp-content\/uploads\/Erstsemester_Begruessung-17-350x233.jpg 350w, https:\/\/visualjournalism.de\/wp-content\/uploads\/Erstsemester_Begruessung-17-300x200.jpg 300w, https:\/\/visualjournalism.de\/wp-content\/uploads\/Erstsemester_Begruessung-17-1024x683.jpg 1024w, https:\/\/visualjournalism.de\/wp-content\/uploads\/Erstsemester_Begruessung-17-768x512.jpg 768w, https:\/\/visualjournalism.de\/wp-content\/uploads\/Erstsemester_Begruessung-17-1536x1024.jpg 1536w, https:\/\/visualjournalism.de\/wp-content\/uploads\/Erstsemester_Begruessung-17-2048x1365.jpg 2048w, https:\/\/visualjournalism.de\/wp-content\/uploads\/Erstsemester_Begruessung-17-1920x1280.jpg 1920w, https:\/\/visualjournalism.de\/wp-content\/uploads\/Erstsemester_Begruessung-17-1400x933.jpg 1400w, https:\/\/visualjournalism.de\/wp-content\/uploads\/Erstsemester_Begruessung-17-1050x700.jpg 1050w, https:\/\/visualjournalism.de\/wp-content\/uploads\/Erstsemester_Begruessung-17-670x447.jpg 670w, https:\/\/visualjournalism.de\/wp-content\/uploads\/Erstsemester_Begruessung-17-420x280.jpg 420w\" \n                            width=\"350\"  \n                            height=\"233\" \n                            alt=\"\"  \n                        \/>\n\n                    <\/div>\n                \n                        \n\n                    <div class=\"splide__slide\">\n\n                        <img loading=\"lazy\" decoding=\"async\"  \n                            src=\"https:\/\/visualjournalism.de\/wp-content\/uploads\/Erstsemester_Begruessung-7-350x233.jpg\" \n                            srcset=\"https:\/\/visualjournalism.de\/wp-content\/uploads\/Erstsemester_Begruessung-7-350x233.jpg 350w, https:\/\/visualjournalism.de\/wp-content\/uploads\/Erstsemester_Begruessung-7-300x200.jpg 300w, https:\/\/visualjournalism.de\/wp-content\/uploads\/Erstsemester_Begruessung-7-1024x683.jpg 1024w, https:\/\/visualjournalism.de\/wp-content\/uploads\/Erstsemester_Begruessung-7-768x512.jpg 768w, https:\/\/visualjournalism.de\/wp-content\/uploads\/Erstsemester_Begruessung-7-1536x1024.jpg 1536w, https:\/\/visualjournalism.de\/wp-content\/uploads\/Erstsemester_Begruessung-7-2048x1365.jpg 2048w, https:\/\/visualjournalism.de\/wp-content\/uploads\/Erstsemester_Begruessung-7-1920x1280.jpg 1920w, https:\/\/visualjournalism.de\/wp-content\/uploads\/Erstsemester_Begruessung-7-1400x933.jpg 1400w, https:\/\/visualjournalism.de\/wp-content\/uploads\/Erstsemester_Begruessung-7-1050x700.jpg 1050w, https:\/\/visualjournalism.de\/wp-content\/uploads\/Erstsemester_Begruessung-7-670x447.jpg 670w, https:\/\/visualjournalism.de\/wp-content\/uploads\/Erstsemester_Begruessung-7-420x280.jpg 420w\" \n                            width=\"350\"  \n                            height=\"233\" \n                            alt=\"\"  \n                        \/>\n\n                    <\/div>\n                \n                        \n\n                    <div class=\"splide__slide\">\n\n                        <img loading=\"lazy\" decoding=\"async\"  \n                            src=\"https:\/\/visualjournalism.de\/wp-content\/uploads\/Erstsemester_Begruessung-21-350x233.jpg\" \n                            srcset=\"https:\/\/visualjournalism.de\/wp-content\/uploads\/Erstsemester_Begruessung-21-350x233.jpg 350w, https:\/\/visualjournalism.de\/wp-content\/uploads\/Erstsemester_Begruessung-21-300x200.jpg 300w, https:\/\/visualjournalism.de\/wp-content\/uploads\/Erstsemester_Begruessung-21-1024x683.jpg 1024w, https:\/\/visualjournalism.de\/wp-content\/uploads\/Erstsemester_Begruessung-21-768x512.jpg 768w, https:\/\/visualjournalism.de\/wp-content\/uploads\/Erstsemester_Begruessung-21-1536x1024.jpg 1536w, https:\/\/visualjournalism.de\/wp-content\/uploads\/Erstsemester_Begruessung-21-2048x1365.jpg 2048w, https:\/\/visualjournalism.de\/wp-content\/uploads\/Erstsemester_Begruessung-21-1920x1280.jpg 1920w, https:\/\/visualjournalism.de\/wp-content\/uploads\/Erstsemester_Begruessung-21-1400x933.jpg 1400w, https:\/\/visualjournalism.de\/wp-content\/uploads\/Erstsemester_Begruessung-21-1050x700.jpg 1050w, https:\/\/visualjournalism.de\/wp-content\/uploads\/Erstsemester_Begruessung-21-670x447.jpg 670w, https:\/\/visualjournalism.de\/wp-content\/uploads\/Erstsemester_Begruessung-21-420x280.jpg 420w\" \n                            width=\"350\"  \n                            height=\"233\" \n                            alt=\"\"  \n                        \/>\n\n                    <\/div>\n                \n                \n        <\/div> <!-- .splide__list -->\n\n    <\/div><!-- slide__track -->\n<\/div>\t\t<\/a>\r\n\t<\/figure><!-- .post__image -->\r\n\r\n<\/article>\r\n\n<\/div><!-- .2-columns-teaser-->\n\n    \n\n\n<div class=\"wp-block-group has-spacing--default has-spacing--default\">\n<div class=\"devider has-spacing--none\">\n    <hr>\n<\/div>\n\n\n \n\n    <div id=\"lead-in-block_7aab090a01b3c98bd9210856b5e22687\" class=\"block-lead-in typo--default font-size--xl has-spacing--s width--default\">\n        <p><strong>Empfehlungen der Redaktion:<\/strong><\/p>\n    <\/div>\n\n\n\n\r\n\r\n\r\n\n\n\r\n\r\n\r\n\r\n        <div class=\"teaser-grid grid-layout--3col has-spacing--s width--inline\">\r\n\r\n            \r\n                <article class=\"post-teaser\">\r\n\r\n                    <a href=\"https:\/\/visualjournalism.de\/en\/magazine\/sammeln\/von-ausbeutung-und-musikalischem-erbe\/\" rel=\"permalink\">\r\n\r\n                        <div class=\"post-teaser__content\">\r\n\r\n                            <span class=\"entry-categories\">Sammeln<\/span>\r\n                            <h3 class=\"post-teaser__headline\">\r\n                                Von Ausbeutung und musikalischem Erbe                            <\/h3>\r\n\r\n                            <div class=\"post-teaser__excerpt\">\r\n                                <p>Was bedeutet kulturelle Verantwortung im Musikgesch\u00e4ft? Das Berliner Label Habibi Funk gibt vergessener Musik eine B\u00fchne und zeigt, warum zu gutem Sound auch Haltung geh\u00f6rt. <\/p>\r\n                            <\/div>\r\n\r\n                        <\/div><!-- .post-teaser__content -->\r\n\r\n\r\n                        \r\n                            <figure class=\"post-teaser__image\">\r\n                                <img loading=\"lazy\" decoding=\"async\"  \r\n                                    src=\"https:\/\/visualjournalism.de\/wp-content\/uploads\/DSC04407-768x512.jpg\" \r\n                                    srcset=\"https:\/\/visualjournalism.de\/wp-content\/uploads\/DSC04407-768x512.jpg 768w, https:\/\/visualjournalism.de\/wp-content\/uploads\/DSC04407-300x200.jpg 300w, https:\/\/visualjournalism.de\/wp-content\/uploads\/DSC04407-1024x683.jpg 1024w, https:\/\/visualjournalism.de\/wp-content\/uploads\/DSC04407-1536x1024.jpg 1536w, https:\/\/visualjournalism.de\/wp-content\/uploads\/DSC04407-2048x1365.jpg 2048w, https:\/\/visualjournalism.de\/wp-content\/uploads\/DSC04407-1920x1280.jpg 1920w, https:\/\/visualjournalism.de\/wp-content\/uploads\/DSC04407-1400x933.jpg 1400w, https:\/\/visualjournalism.de\/wp-content\/uploads\/DSC04407-1050x700.jpg 1050w, https:\/\/visualjournalism.de\/wp-content\/uploads\/DSC04407-670x447.jpg 670w, https:\/\/visualjournalism.de\/wp-content\/uploads\/DSC04407-420x280.jpg 420w, https:\/\/visualjournalism.de\/wp-content\/uploads\/DSC04407-350x233.jpg 350w, https:\/\/visualjournalism.de\/wp-content\/uploads\/DSC04407-150x100.jpg 150w\" \r\n                                    width=\"768\"  \r\n                                    height=\"512\" \r\n                                    alt=\"\"\r\n                                \/>\r\n                            <\/figure>\r\n\r\n                        \r\n                    \r\n                    <\/a>\r\n\r\n                <\/article><!--- .post-teaser-->\r\n\r\n            \r\n                <article class=\"post-teaser\">\r\n\r\n                    <a href=\"https:\/\/visualjournalism.de\/en\/magazine\/guide\/how-to-create-a-photo-series-ideas-themes-and-examples\/\" rel=\"permalink\">\r\n\r\n                        <div class=\"post-teaser__content\">\r\n\r\n                            <span class=\"entry-categories\">Guide<\/span>\r\n                            <h3 class=\"post-teaser__headline\">\r\n                                How to create a photo series.                            <\/h3>\r\n\r\n                            <div class=\"post-teaser__excerpt\">\r\n                                <p>Ideas, tips and examples from our professors.<\/p>\r\n                            <\/div>\r\n\r\n                        <\/div><!-- .post-teaser__content -->\r\n\r\n\r\n                        \r\n                            <figure class=\"post-teaser__image\">\r\n                                <img loading=\"lazy\" decoding=\"async\"  \r\n                                    src=\"https:\/\/visualjournalism.de\/wp-content\/uploads\/Andy-Happel-768x674.jpg\" \r\n                                    srcset=\"https:\/\/visualjournalism.de\/wp-content\/uploads\/Andy-Happel-768x674.jpg 768w, https:\/\/visualjournalism.de\/wp-content\/uploads\/Andy-Happel-300x263.jpg 300w, https:\/\/visualjournalism.de\/wp-content\/uploads\/Andy-Happel-1024x898.jpg 1024w, https:\/\/visualjournalism.de\/wp-content\/uploads\/Andy-Happel-1536x1347.jpg 1536w, https:\/\/visualjournalism.de\/wp-content\/uploads\/Andy-Happel-2048x1796.jpg 2048w, https:\/\/visualjournalism.de\/wp-content\/uploads\/Andy-Happel-1400x1228.jpg 1400w, https:\/\/visualjournalism.de\/wp-content\/uploads\/Andy-Happel-1050x921.jpg 1050w, https:\/\/visualjournalism.de\/wp-content\/uploads\/Andy-Happel-670x588.jpg 670w, https:\/\/visualjournalism.de\/wp-content\/uploads\/Andy-Happel-420x368.jpg 420w, https:\/\/visualjournalism.de\/wp-content\/uploads\/Andy-Happel-350x307.jpg 350w\" \r\n                                    width=\"768\"  \r\n                                    height=\"674\" \r\n                                    alt=\"Photo series by Andy Happel with young people in China in reddish light.\"\r\n                                \/>\r\n                            <\/figure>\r\n\r\n                        \r\n                    \r\n                    <\/a>\r\n\r\n                <\/article><!--- .post-teaser-->\r\n\r\n            \r\n                <article class=\"post-teaser\">\r\n\r\n                    <a href=\"https:\/\/visualjournalism.de\/en\/magazine\/ratgeber\/hannover-deshalb-lohnt-sich-ein-studium-hier\/\" rel=\"permalink\">\r\n\r\n                        <div class=\"post-teaser__content\">\r\n\r\n                            <span class=\"entry-categories\">Ratgeber<\/span>\r\n                            <h3 class=\"post-teaser__headline\">\r\n                                Hannover aufregend unaufgeregt.                            <\/h3>\r\n\r\n                            <div class=\"post-teaser__excerpt\">\r\n                                <p>In diesem Kommentar erf\u00e4hrst du, warum sich ein Studium in Hannover f\u00fcr dich lohnt und wie der beste Start in Niedersachsens Landeshauptstadt gelingen kann.<\/p>\r\n                            <\/div>\r\n\r\n                        <\/div><!-- .post-teaser__content -->\r\n\r\n\r\n                        \r\n                            <figure class=\"post-teaser__image\">\r\n                                <img loading=\"lazy\" decoding=\"async\"  \r\n                                    src=\"https:\/\/visualjournalism.de\/wp-content\/uploads\/2025\/02\/hannover_unaufgeregt_aufgeregt-2-768x491.jpg\" \r\n                                    srcset=\"https:\/\/visualjournalism.de\/wp-content\/uploads\/2025\/02\/hannover_unaufgeregt_aufgeregt-2-768x491.jpg 768w, https:\/\/visualjournalism.de\/wp-content\/uploads\/2025\/02\/hannover_unaufgeregt_aufgeregt-2-300x192.jpg 300w, https:\/\/visualjournalism.de\/wp-content\/uploads\/2025\/02\/hannover_unaufgeregt_aufgeregt-2-1024x655.jpg 1024w, https:\/\/visualjournalism.de\/wp-content\/uploads\/2025\/02\/hannover_unaufgeregt_aufgeregt-2-1536x982.jpg 1536w, https:\/\/visualjournalism.de\/wp-content\/uploads\/2025\/02\/hannover_unaufgeregt_aufgeregt-2-2048x1310.jpg 2048w, https:\/\/visualjournalism.de\/wp-content\/uploads\/2025\/02\/hannover_unaufgeregt_aufgeregt-2-1920x1228.jpg 1920w, https:\/\/visualjournalism.de\/wp-content\/uploads\/2025\/02\/hannover_unaufgeregt_aufgeregt-2-1400x895.jpg 1400w, https:\/\/visualjournalism.de\/wp-content\/uploads\/2025\/02\/hannover_unaufgeregt_aufgeregt-2-1050x671.jpg 1050w, https:\/\/visualjournalism.de\/wp-content\/uploads\/2025\/02\/hannover_unaufgeregt_aufgeregt-2-670x428.jpg 670w, https:\/\/visualjournalism.de\/wp-content\/uploads\/2025\/02\/hannover_unaufgeregt_aufgeregt-2-420x269.jpg 420w, https:\/\/visualjournalism.de\/wp-content\/uploads\/2025\/02\/hannover_unaufgeregt_aufgeregt-2-350x224.jpg 350w, https:\/\/visualjournalism.de\/wp-content\/uploads\/2025\/02\/hannover_unaufgeregt_aufgeregt-2-150x96.jpg 150w\" \r\n                                    width=\"768\"  \r\n                                    height=\"491\" \r\n                                    alt=\"\"\r\n                                \/>\r\n                            <\/figure>\r\n\r\n                        \r\n                    \r\n                    <\/a>\r\n\r\n                <\/article><!--- .post-teaser-->\r\n\r\n            \r\n        <\/div><!-- .teaser-grid -->\r\n\r\n\n\n\r\n\r\n\r\n\n\n\n    <div class=\"btn-wrapper has-spacing--m\">\n        <a class=\"btn\" href=\"https:\/\/visualjournalism.de\/magazin\/\" target=\"_blank\">ZUR MAGAZIN-STARTSEITE<\/a>\n    <\/div>\n<\/div>\n<\/div>\n\n<div class=\"wp-block-group has-spacing--none has-color-3-background-color has-background has-spacing--none\">\n    <nav id=\"section-navigation-block_cf4de51e0dc4a2f1611cede63faf2ce8\" class=\"section-navigation has-spacing--m\">\n        <ul>\n\n                \n                    <li>Contact<\/li>\n                \n            \n            \n                        \n                        \n\n            \n\n        <\/ul>\n        \n    <\/nav>\n\n\n\n<div class=\"pinned-block has-spacing--m\">\n\t\n\n<div class=\"pinned-block__column--left\">\n    \n\n \n\n    <div id=\"lead-in-block_1209102942e8f2cfce5aedf90729c0c2\" class=\"block-lead-in typo--soehne font-size--xl has-spacing--m width--full\">\n        <p><strong>Your contact partners<\/strong> will be happy to assist you with your personal concerns. However, due to the large number of enquiries, we ask you to first check our FAQ to see if your question may already have been answered.<\/p>\n    <\/div>\n\n\n\n\n    <div class=\"btn-wrapper alignleft has-spacing--m\">\n        <a class=\"btn\" href=\"https:\/\/visualjournalism.de\/faq\/\" target=\"_blank\">FAQ<\/a>\n    <\/div>\n\n\n<\/div>\n\n\n<div class=\"pinned-block__column--right\">\n    \n    \n    <div class=\"infocard has-spacing--m\">\n\n    \n        <div class=\"info-item--full\">\n            <p>\n                <span class=\"info-item__headline\">Dean of Studies, Design and Media department<\/span>\n            <\/p>\n            \n            <div class=\"info-item__content\">\n                <p>\n                    <span class=\"info-item__text\"><a href=\"https:\/\/visualjournalism.de\/karen-fromm\/\">Prof. Dr. Karen Fromm<\/a><\/span>\n                    <span class=\"info-item__text--small\">\n                        <span><a href=\"mailto:karen.fromm@hs-hannover.de\">E-Mail schreiben<\/a><\/span><span><a href=\"tel:+49 511 9296 8538\">+49 511 9296 8538<\/a><\/span>                    <\/span>\n                <\/p>\n\n                <figure class=\"info-item__image\">\n\n                    <a href=\"https:\/\/visualjournalism.de\/karen-fromm\/\"><img loading=\"lazy\" decoding=\"async\" width=\"52\" height=\"52\" src=\"https:\/\/visualjournalism.de\/wp-content\/uploads\/Prof_Dr_Karen_Fromm_thumb-1-52x52.jpg\" class=\"attachment-image-portrait size-image-portrait\" alt=\"\" srcset=\"https:\/\/visualjournalism.de\/wp-content\/uploads\/Prof_Dr_Karen_Fromm_thumb-1-52x52.jpg 52w, https:\/\/visualjournalism.de\/wp-content\/uploads\/Prof_Dr_Karen_Fromm_thumb-1.jpg 100w\" sizes=\"auto, (max-width: 52px) 100vw, 52px\" \/><\/a>                <\/figure>\n                \n            <\/div><!-- .info-item__content -->\n            \n        <\/div><!-- .info-item--full -->\n\n\n        <div class=\"info-item--full\">\n            <p>\n                <span class=\"info-item__headline\">Programme representative<\/span>\n            <\/p>\n            \n            <div class=\"info-item__content\">\n                <p>\n                    <span class=\"info-item__text\"><a href=\"https:\/\/visualjournalism.de\/michael-hauri\/\">Prof. Michael Hauri<\/a><\/span>\n                    <span class=\"info-item__text--small\">\n                        <span><a href=\"mailto:michael.hauri@hs-hannover.de\">E-Mail schreiben<\/a><\/span><span><a href=\"tel:+49 511 9296 8241\">+49 511 9296 8241<\/a><\/span>                    <\/span>\n                <\/p>\n\n                <figure class=\"info-item__image\">\n\n                    <a href=\"https:\/\/visualjournalism.de\/michael-hauri\/\"><img loading=\"lazy\" decoding=\"async\" width=\"52\" height=\"52\" src=\"https:\/\/visualjournalism.de\/wp-content\/uploads\/Michael-Hauri-thumb-1-52x52.jpg\" class=\"attachment-image-portrait size-image-portrait\" alt=\"\" srcset=\"https:\/\/visualjournalism.de\/wp-content\/uploads\/Michael-Hauri-thumb-1-52x52.jpg 52w, https:\/\/visualjournalism.de\/wp-content\/uploads\/Michael-Hauri-thumb-1-68x68.jpg 68w, https:\/\/visualjournalism.de\/wp-content\/uploads\/Michael-Hauri-thumb-1-96x96.jpg 96w, https:\/\/visualjournalism.de\/wp-content\/uploads\/Michael-Hauri-thumb-1.jpg 100w\" sizes=\"auto, (max-width: 52px) 100vw, 52px\" \/><\/a>                <\/figure>\n                \n            <\/div><!-- .info-item__content -->\n            \n        <\/div><!-- .info-item--full -->\n\n\n        <div class=\"info-item--full\">\n            <p>\n                <span class=\"info-item__headline\">Application and admission procedure<\/span>\n            <\/p>\n            \n            <div class=\"info-item__content\">\n                <p>\n                    <span class=\"info-item__text\"><a href=\"https:\/\/visualjournalism.de\/lars-bauernschmitt\/\">Prof. Lars Bauernschmitt<\/a><\/span>\n                    <span class=\"info-item__text--small\">\n                        <span><a href=\"mailto:lars.bauernschmitt@hs-hannover.de\">E-Mail schreiben<\/a><\/span><span><a href=\"tel:+49 511 9296 2467\">+49 511 9296 2467<\/a><\/span>                    <\/span>\n                <\/p>\n\n                <figure class=\"info-item__image\">\n\n                    <a href=\"https:\/\/visualjournalism.de\/lars-bauernschmitt\/\"><img loading=\"lazy\" decoding=\"async\" width=\"52\" height=\"52\" src=\"https:\/\/visualjournalism.de\/wp-content\/uploads\/prof_lars_bauernschmitt_thumb-1-52x52.jpg\" class=\"attachment-image-portrait size-image-portrait\" alt=\"\" srcset=\"https:\/\/visualjournalism.de\/wp-content\/uploads\/prof_lars_bauernschmitt_thumb-1-52x52.jpg 52w, https:\/\/visualjournalism.de\/wp-content\/uploads\/prof_lars_bauernschmitt_thumb-1.jpg 100w\" sizes=\"auto, (max-width: 52px) 100vw, 52px\" \/><\/a>                <\/figure>\n                \n            <\/div><!-- .info-item__content -->\n            \n        <\/div><!-- .info-item--full -->\n\n \n    <\/div>\n\n\n\n<p class=\"post__paragraph is-style-typo--soehne has-spacing--m has-spacing--default\">Hochschule Hannover<br>Faculty III &#8211; Media, Information and Design<br>Expo Plaza 2<br>D-30539 Hanover<\/p>\n\n\n\n    <div class=\"btn-wrapper has-spacing--m\">\n        <a class=\"btn\" href=\"https:\/\/www.hs-hannover.de\" target=\"_blank\">HS-HANNOVER.DE<\/a>\n    <\/div>\n\n\n<\/div>\n<\/div><\/div>\n","protected":false},"excerpt":{"rendered":"<p>Helena Lea Manhartsberger&nbsp;wins this year&#8216;s Gabriel Gruener Scholarship together with journalist Nora Belghaus. The Zeitenspiegel Reportagen journalists&#8217; association sponsors a team of photographers and writers to realize a journalistic project each year. The Gabriel Gruener Scholarship is awarded as part of the Hansel Mieth Award. It is endowed with 6000 Euros and a stay at [&hellip;]<\/p>\n","protected":false},"author":3,"featured_media":15840,"comment_status":"closed","ping_status":"closed","sticky":false,"template":"","format":"standard","meta":{"_acf_changed":false,"footnotes":""},"categories":[82,78],"tags":[],"class_list":["post-16053","post","type-post","status-publish","format-standard","has-post-thumbnail","hentry","category-awards","category-news-en"],"acf":[],"yoast_head":"<!-- This site is optimized with the Yoast SEO Premium plugin v27.3 (Yoast SEO v27.3) - https:\/\/yoast.com\/product\/yoast-seo-premium-wordpress\/ -->\n<title>Hansel-Mieth Prize 2023: Helena Manhartsberger awarded<\/title>\n<meta name=\"description\" content=\"The former student wins the Gabriel Gruener Scholarship. Three other alumni of Hochschule Hannover are on the shortlist.\" \/>\n<meta name=\"robots\" content=\"index, follow, max-snippet:-1, max-image-preview:large, max-video-preview:-1\" \/>\n<link rel=\"canonical\" href=\"https:\/\/visualjournalism.de\/en\/news-en\/awards\/hansel-mieth-prize-2023\/\" \/>\n<meta property=\"og:locale\" content=\"en_US\" \/>\n<meta property=\"og:type\" content=\"article\" \/>\n<meta property=\"og:title\" content=\"Hansel-Mieth Prize 2023\" \/>\n<meta property=\"og:description\" content=\"The former student wins the Gabriel Gruener Scholarship. Three other alumni of Hochschule Hannover are on the shortlist.\" \/>\n<meta property=\"og:url\" content=\"https:\/\/visualjournalism.de\/en\/news-en\/awards\/hansel-mieth-prize-2023\/\" \/>\n<meta property=\"og:site_name\" content=\"Visual Journalism and Documentary Photography\" \/>\n<meta property=\"article:publisher\" content=\"https:\/\/www.facebook.com\/people\/wwwfotostudentende\/100065173703897\/\" \/>\n<meta property=\"article:published_time\" content=\"2023-03-10T19:55:18+00:00\" \/>\n<meta property=\"article:modified_time\" content=\"2023-03-12T10:52:05+00:00\" \/>\n<meta property=\"og:image\" content=\"https:\/\/visualjournalism.de\/wp-content\/uploads\/11-LailaSieber_HelenaLeaManhartsberger_11-f376d1dd-6a67-462c-90f0-4fd0f343f7c8-2048x1365-1.jpg\" \/>\n\t<meta property=\"og:image:width\" content=\"2048\" \/>\n\t<meta property=\"og:image:height\" content=\"1365\" \/>\n\t<meta property=\"og:image:type\" content=\"image\/jpeg\" \/>\n<meta name=\"author\" content=\"Finn Winkler\" \/>\n<meta name=\"twitter:card\" content=\"summary_large_image\" \/>\n<meta name=\"twitter:creator\" content=\"@HsHannover\" \/>\n<meta name=\"twitter:site\" content=\"@HsHannover\" \/>\n<meta name=\"twitter:label1\" content=\"Written by\" \/>\n\t<meta name=\"twitter:data1\" content=\"Finn Winkler\" \/>\n\t<meta name=\"twitter:label2\" content=\"Est. reading time\" \/>\n\t<meta name=\"twitter:data2\" content=\"1 minute\" \/>\n<script type=\"application\/ld+json\" class=\"yoast-schema-graph\">{\"@context\":\"https:\\\/\\\/schema.org\",\"@graph\":[{\"@type\":\"Article\",\"@id\":\"https:\\\/\\\/visualjournalism.de\\\/en\\\/news-en\\\/awards\\\/hansel-mieth-prize-2023\\\/#article\",\"isPartOf\":{\"@id\":\"https:\\\/\\\/visualjournalism.de\\\/en\\\/news-en\\\/awards\\\/hansel-mieth-prize-2023\\\/\"},\"author\":{\"name\":\"Finn Winkler\",\"@id\":\"https:\\\/\\\/visualjournalism.de\\\/en\\\/#\\\/schema\\\/person\\\/fe76d52976e84c2580e156ad5f413b78\"},\"headline\":\"Hansel-Mieth Prize 2023\",\"datePublished\":\"2023-03-10T19:55:18+00:00\",\"dateModified\":\"2023-03-12T10:52:05+00:00\",\"mainEntityOfPage\":{\"@id\":\"https:\\\/\\\/visualjournalism.de\\\/en\\\/news-en\\\/awards\\\/hansel-mieth-prize-2023\\\/\"},\"wordCount\":168,\"publisher\":{\"@id\":\"https:\\\/\\\/visualjournalism.de\\\/en\\\/#organization\"},\"image\":{\"@id\":\"https:\\\/\\\/visualjournalism.de\\\/en\\\/news-en\\\/awards\\\/hansel-mieth-prize-2023\\\/#primaryimage\"},\"thumbnailUrl\":\"https:\\\/\\\/visualjournalism.de\\\/wp-content\\\/uploads\\\/11-LailaSieber_HelenaLeaManhartsberger_11-f376d1dd-6a67-462c-90f0-4fd0f343f7c8-2048x1365-1.jpg\",\"articleSection\":[\"Awards\",\"News\"],\"inLanguage\":\"en-US\"},{\"@type\":\"WebPage\",\"@id\":\"https:\\\/\\\/visualjournalism.de\\\/en\\\/news-en\\\/awards\\\/hansel-mieth-prize-2023\\\/\",\"url\":\"https:\\\/\\\/visualjournalism.de\\\/en\\\/news-en\\\/awards\\\/hansel-mieth-prize-2023\\\/\",\"name\":\"Hansel-Mieth Prize 2023: Helena Manhartsberger awarded\",\"isPartOf\":{\"@id\":\"https:\\\/\\\/visualjournalism.de\\\/en\\\/#website\"},\"primaryImageOfPage\":{\"@id\":\"https:\\\/\\\/visualjournalism.de\\\/en\\\/news-en\\\/awards\\\/hansel-mieth-prize-2023\\\/#primaryimage\"},\"image\":{\"@id\":\"https:\\\/\\\/visualjournalism.de\\\/en\\\/news-en\\\/awards\\\/hansel-mieth-prize-2023\\\/#primaryimage\"},\"thumbnailUrl\":\"https:\\\/\\\/visualjournalism.de\\\/wp-content\\\/uploads\\\/11-LailaSieber_HelenaLeaManhartsberger_11-f376d1dd-6a67-462c-90f0-4fd0f343f7c8-2048x1365-1.jpg\",\"datePublished\":\"2023-03-10T19:55:18+00:00\",\"dateModified\":\"2023-03-12T10:52:05+00:00\",\"description\":\"The former student wins the Gabriel Gruener Scholarship. Three other alumni of Hochschule Hannover are on the shortlist.\",\"breadcrumb\":{\"@id\":\"https:\\\/\\\/visualjournalism.de\\\/en\\\/news-en\\\/awards\\\/hansel-mieth-prize-2023\\\/#breadcrumb\"},\"inLanguage\":\"en-US\",\"potentialAction\":[{\"@type\":\"ReadAction\",\"target\":[\"https:\\\/\\\/visualjournalism.de\\\/en\\\/news-en\\\/awards\\\/hansel-mieth-prize-2023\\\/\"]}]},{\"@type\":\"ImageObject\",\"inLanguage\":\"en-US\",\"@id\":\"https:\\\/\\\/visualjournalism.de\\\/en\\\/news-en\\\/awards\\\/hansel-mieth-prize-2023\\\/#primaryimage\",\"url\":\"https:\\\/\\\/visualjournalism.de\\\/wp-content\\\/uploads\\\/11-LailaSieber_HelenaLeaManhartsberger_11-f376d1dd-6a67-462c-90f0-4fd0f343f7c8-2048x1365-1.jpg\",\"contentUrl\":\"https:\\\/\\\/visualjournalism.de\\\/wp-content\\\/uploads\\\/11-LailaSieber_HelenaLeaManhartsberger_11-f376d1dd-6a67-462c-90f0-4fd0f343f7c8-2048x1365-1.jpg\",\"width\":2048,\"height\":1365,\"caption\":\"Photography from the work \\\"Where you can hear the silence\\\" by Helena Lea Manhartsberger and Laila Sieber\"},{\"@type\":\"BreadcrumbList\",\"@id\":\"https:\\\/\\\/visualjournalism.de\\\/en\\\/news-en\\\/awards\\\/hansel-mieth-prize-2023\\\/#breadcrumb\",\"itemListElement\":[{\"@type\":\"ListItem\",\"position\":1,\"name\":\"Home\",\"item\":\"https:\\\/\\\/visualjournalism.de\\\/en\\\/\"},{\"@type\":\"ListItem\",\"position\":2,\"name\":\"Hansel-Mieth Prize 2023\"}]},{\"@type\":\"WebSite\",\"@id\":\"https:\\\/\\\/visualjournalism.de\\\/en\\\/#website\",\"url\":\"https:\\\/\\\/visualjournalism.de\\\/en\\\/\",\"name\":\"Visual Journalism and Documentary Photography\",\"description\":\"All about the bilingual bachelor&#039;s program at Hannover University of Applied Sciences and Arts.\",\"publisher\":{\"@id\":\"https:\\\/\\\/visualjournalism.de\\\/en\\\/#organization\"},\"alternateName\":\"visualjournalism.de\",\"potentialAction\":[{\"@type\":\"SearchAction\",\"target\":{\"@type\":\"EntryPoint\",\"urlTemplate\":\"https:\\\/\\\/visualjournalism.de\\\/en\\\/?s={search_term_string}\"},\"query-input\":{\"@type\":\"PropertyValueSpecification\",\"valueRequired\":true,\"valueName\":\"search_term_string\"}}],\"inLanguage\":\"en-US\"},{\"@type\":\"Organization\",\"@id\":\"https:\\\/\\\/visualjournalism.de\\\/en\\\/#organization\",\"name\":\"Hochschule Hannover \u2013 University of Applied Sciences and Arts\",\"alternateName\":\"HsH\",\"url\":\"https:\\\/\\\/visualjournalism.de\\\/en\\\/\",\"logo\":{\"@type\":\"ImageObject\",\"inLanguage\":\"en-US\",\"@id\":\"https:\\\/\\\/visualjournalism.de\\\/en\\\/#\\\/schema\\\/logo\\\/image\\\/\",\"url\":\"https:\\\/\\\/visualjournalism.de\\\/wp-content\\\/uploads\\\/logo-hochschule-hannover.png\",\"contentUrl\":\"https:\\\/\\\/visualjournalism.de\\\/wp-content\\\/uploads\\\/logo-hochschule-hannover.png\",\"width\":363,\"height\":270,\"caption\":\"Hochschule Hannover \u2013 University of Applied Sciences and Arts\"},\"image\":{\"@id\":\"https:\\\/\\\/visualjournalism.de\\\/en\\\/#\\\/schema\\\/logo\\\/image\\\/\"},\"sameAs\":[\"https:\\\/\\\/www.facebook.com\\\/people\\\/wwwfotostudentende\\\/100065173703897\\\/\",\"https:\\\/\\\/x.com\\\/HsHannover\",\"https:\\\/\\\/www.instagram.com\\\/visualjournalism.de\\\/\"]},{\"@type\":\"Person\",\"@id\":\"https:\\\/\\\/visualjournalism.de\\\/en\\\/#\\\/schema\\\/person\\\/fe76d52976e84c2580e156ad5f413b78\",\"name\":\"Finn Winkler\"}]}<\/script>\n<!-- \/ Yoast SEO Premium plugin. -->","yoast_head_json":{"title":"Hansel-Mieth Prize 2023: Helena Manhartsberger awarded","description":"The former student wins the Gabriel Gruener Scholarship. Three other alumni of Hochschule Hannover are on the shortlist.","robots":{"index":"index","follow":"follow","max-snippet":"max-snippet:-1","max-image-preview":"max-image-preview:large","max-video-preview":"max-video-preview:-1"},"canonical":"https:\/\/visualjournalism.de\/en\/news-en\/awards\/hansel-mieth-prize-2023\/","og_locale":"en_US","og_type":"article","og_title":"Hansel-Mieth Prize 2023","og_description":"The former student wins the Gabriel Gruener Scholarship. Three other alumni of Hochschule Hannover are on the shortlist.","og_url":"https:\/\/visualjournalism.de\/en\/news-en\/awards\/hansel-mieth-prize-2023\/","og_site_name":"Visual Journalism and Documentary Photography","article_publisher":"https:\/\/www.facebook.com\/people\/wwwfotostudentende\/100065173703897\/","article_published_time":"2023-03-10T19:55:18+00:00","article_modified_time":"2023-03-12T10:52:05+00:00","og_image":[{"width":2048,"height":1365,"url":"https:\/\/visualjournalism.de\/wp-content\/uploads\/11-LailaSieber_HelenaLeaManhartsberger_11-f376d1dd-6a67-462c-90f0-4fd0f343f7c8-2048x1365-1.jpg","type":"image\/jpeg"}],"author":"Finn Winkler","twitter_card":"summary_large_image","twitter_creator":"@HsHannover","twitter_site":"@HsHannover","twitter_misc":{"Written by":"Finn Winkler","Est. reading time":"1 minute"},"schema":{"@context":"https:\/\/schema.org","@graph":[{"@type":"Article","@id":"https:\/\/visualjournalism.de\/en\/news-en\/awards\/hansel-mieth-prize-2023\/#article","isPartOf":{"@id":"https:\/\/visualjournalism.de\/en\/news-en\/awards\/hansel-mieth-prize-2023\/"},"author":{"name":"Finn Winkler","@id":"https:\/\/visualjournalism.de\/en\/#\/schema\/person\/fe76d52976e84c2580e156ad5f413b78"},"headline":"Hansel-Mieth Prize 2023","datePublished":"2023-03-10T19:55:18+00:00","dateModified":"2023-03-12T10:52:05+00:00","mainEntityOfPage":{"@id":"https:\/\/visualjournalism.de\/en\/news-en\/awards\/hansel-mieth-prize-2023\/"},"wordCount":168,"publisher":{"@id":"https:\/\/visualjournalism.de\/en\/#organization"},"image":{"@id":"https:\/\/visualjournalism.de\/en\/news-en\/awards\/hansel-mieth-prize-2023\/#primaryimage"},"thumbnailUrl":"https:\/\/visualjournalism.de\/wp-content\/uploads\/11-LailaSieber_HelenaLeaManhartsberger_11-f376d1dd-6a67-462c-90f0-4fd0f343f7c8-2048x1365-1.jpg","articleSection":["Awards","News"],"inLanguage":"en-US"},{"@type":"WebPage","@id":"https:\/\/visualjournalism.de\/en\/news-en\/awards\/hansel-mieth-prize-2023\/","url":"https:\/\/visualjournalism.de\/en\/news-en\/awards\/hansel-mieth-prize-2023\/","name":"Hansel-Mieth Prize 2023: Helena Manhartsberger awarded","isPartOf":{"@id":"https:\/\/visualjournalism.de\/en\/#website"},"primaryImageOfPage":{"@id":"https:\/\/visualjournalism.de\/en\/news-en\/awards\/hansel-mieth-prize-2023\/#primaryimage"},"image":{"@id":"https:\/\/visualjournalism.de\/en\/news-en\/awards\/hansel-mieth-prize-2023\/#primaryimage"},"thumbnailUrl":"https:\/\/visualjournalism.de\/wp-content\/uploads\/11-LailaSieber_HelenaLeaManhartsberger_11-f376d1dd-6a67-462c-90f0-4fd0f343f7c8-2048x1365-1.jpg","datePublished":"2023-03-10T19:55:18+00:00","dateModified":"2023-03-12T10:52:05+00:00","description":"The former student wins the Gabriel Gruener Scholarship. Three other alumni of Hochschule Hannover are on the shortlist.","breadcrumb":{"@id":"https:\/\/visualjournalism.de\/en\/news-en\/awards\/hansel-mieth-prize-2023\/#breadcrumb"},"inLanguage":"en-US","potentialAction":[{"@type":"ReadAction","target":["https:\/\/visualjournalism.de\/en\/news-en\/awards\/hansel-mieth-prize-2023\/"]}]},{"@type":"ImageObject","inLanguage":"en-US","@id":"https:\/\/visualjournalism.de\/en\/news-en\/awards\/hansel-mieth-prize-2023\/#primaryimage","url":"https:\/\/visualjournalism.de\/wp-content\/uploads\/11-LailaSieber_HelenaLeaManhartsberger_11-f376d1dd-6a67-462c-90f0-4fd0f343f7c8-2048x1365-1.jpg","contentUrl":"https:\/\/visualjournalism.de\/wp-content\/uploads\/11-LailaSieber_HelenaLeaManhartsberger_11-f376d1dd-6a67-462c-90f0-4fd0f343f7c8-2048x1365-1.jpg","width":2048,"height":1365,"caption":"Photography from the work \"Where you can hear the silence\" by Helena Lea Manhartsberger and Laila Sieber"},{"@type":"BreadcrumbList","@id":"https:\/\/visualjournalism.de\/en\/news-en\/awards\/hansel-mieth-prize-2023\/#breadcrumb","itemListElement":[{"@type":"ListItem","position":1,"name":"Home","item":"https:\/\/visualjournalism.de\/en\/"},{"@type":"ListItem","position":2,"name":"Hansel-Mieth Prize 2023"}]},{"@type":"WebSite","@id":"https:\/\/visualjournalism.de\/en\/#website","url":"https:\/\/visualjournalism.de\/en\/","name":"Visual Journalism and Documentary Photography","description":"All about the bilingual bachelor&#039;s program at Hannover University of Applied Sciences and Arts.","publisher":{"@id":"https:\/\/visualjournalism.de\/en\/#organization"},"alternateName":"visualjournalism.de","potentialAction":[{"@type":"SearchAction","target":{"@type":"EntryPoint","urlTemplate":"https:\/\/visualjournalism.de\/en\/?s={search_term_string}"},"query-input":{"@type":"PropertyValueSpecification","valueRequired":true,"valueName":"search_term_string"}}],"inLanguage":"en-US"},{"@type":"Organization","@id":"https:\/\/visualjournalism.de\/en\/#organization","name":"Hochschule Hannover \u2013 University of Applied Sciences and Arts","alternateName":"HsH","url":"https:\/\/visualjournalism.de\/en\/","logo":{"@type":"ImageObject","inLanguage":"en-US","@id":"https:\/\/visualjournalism.de\/en\/#\/schema\/logo\/image\/","url":"https:\/\/visualjournalism.de\/wp-content\/uploads\/logo-hochschule-hannover.png","contentUrl":"https:\/\/visualjournalism.de\/wp-content\/uploads\/logo-hochschule-hannover.png","width":363,"height":270,"caption":"Hochschule Hannover \u2013 University of Applied Sciences and Arts"},"image":{"@id":"https:\/\/visualjournalism.de\/en\/#\/schema\/logo\/image\/"},"sameAs":["https:\/\/www.facebook.com\/people\/wwwfotostudentende\/100065173703897\/","https:\/\/x.com\/HsHannover","https:\/\/www.instagram.com\/visualjournalism.de\/"]},{"@type":"Person","@id":"https:\/\/visualjournalism.de\/en\/#\/schema\/person\/fe76d52976e84c2580e156ad5f413b78","name":"Finn Winkler"}]}},"_links":{"self":[{"href":"https:\/\/visualjournalism.de\/en\/wp-json\/wp\/v2\/posts\/16053","targetHints":{"allow":["GET"]}}],"collection":[{"href":"https:\/\/visualjournalism.de\/en\/wp-json\/wp\/v2\/posts"}],"about":[{"href":"https:\/\/visualjournalism.de\/en\/wp-json\/wp\/v2\/types\/post"}],"author":[{"embeddable":true,"href":"https:\/\/visualjournalism.de\/en\/wp-json\/wp\/v2\/users\/3"}],"replies":[{"embeddable":true,"href":"https:\/\/visualjournalism.de\/en\/wp-json\/wp\/v2\/comments?post=16053"}],"version-history":[{"count":0,"href":"https:\/\/visualjournalism.de\/en\/wp-json\/wp\/v2\/posts\/16053\/revisions"}],"wp:featuredmedia":[{"embeddable":true,"href":"https:\/\/visualjournalism.de\/en\/wp-json\/wp\/v2\/media\/15840"}],"wp:attachment":[{"href":"https:\/\/visualjournalism.de\/en\/wp-json\/wp\/v2\/media?parent=16053"}],"wp:term":[{"taxonomy":"category","embeddable":true,"href":"https:\/\/visualjournalism.de\/en\/wp-json\/wp\/v2\/categories?post=16053"},{"taxonomy":"post_tag","embeddable":true,"href":"https:\/\/visualjournalism.de\/en\/wp-json\/wp\/v2\/tags?post=16053"}],"curies":[{"name":"wp","href":"https:\/\/api.w.org\/{rel}","templated":true}]}}