{"id":17411,"date":"2023-04-07T18:35:31","date_gmt":"2023-04-07T18:35:31","guid":{"rendered":"https:\/\/visualjournalism.de\/?p=17411"},"modified":"2023-04-18T07:28:25","modified_gmt":"2023-04-18T07:28:25","slug":"kai-loffelbein-exhibition-echo-echo-hannover-kolonial","status":"publish","type":"post","link":"https:\/\/visualjournalism.de\/en\/news-en\/kai-loffelbein-exhibition-echo-echo-hannover-kolonial\/","title":{"rendered":"Kai L\u00f6ffelbein Exhibition &#8220;Echo Echo &#8211; Hannover kolonial&#8221;."},"content":{"rendered":"\n \n\n    <div id=\"lead-in-block_f8e5a02c4e51bb4a7b3ceeaa8cbd5aef\" class=\"block-lead-in typo--default font-size--xl has-spacing--m width--default\">\n        <h1><strong>Hannover and Colonialism. <\/strong><\/h1>\n<p>Former student Kai L\u00f6ffelbein&#8217;s project &#8220;Echo Echo &#8211; Hannover kolonial&#8221; at GAF until April 30.<\/p>\n<div class=\"entry-meta\">\r\n    <span class=\"posted-on\"><a href=\"https:\/\/visualjournalism.de\/en\/news-en\/kai-loffelbein-exhibition-echo-echo-hannover-kolonial\/\" rel=\"bookmark\"><time class=\"entry-date published\" datetime=\"2023-04-07T18:35:31+02:00\">07.04.2023<\/time><\/a><\/span> <span class=\"byline\">Text: <span class=\"author vcard\">Finn Winkler<\/span><\/span> <span class=\"photographer\"> Fotos: Kai L\u00f6ffelbein<\/span><\/div><!-- .entry-meta -->\r\n    <\/div>\n\n\n\n    <figure class=\"block-photo post__image--wide-left has-spacing--m with-title\">\n\n        <div class=\"post__image__container\">\n            <img loading=\"lazy\" decoding=\"async\" \n                src=\"https:\/\/visualjournalism.de\/wp-content\/uploads\/Echo_echo_02_c_Loeffelbein_Presse-1050x700.jpeg\"\n                srcset=\"https:\/\/visualjournalism.de\/wp-content\/uploads\/Echo_echo_02_c_Loeffelbein_Presse-1050x700.jpeg 1050w, https:\/\/visualjournalism.de\/wp-content\/uploads\/Echo_echo_02_c_Loeffelbein_Presse-300x200.jpeg 300w, https:\/\/visualjournalism.de\/wp-content\/uploads\/Echo_echo_02_c_Loeffelbein_Presse-1024x683.jpeg 1024w, https:\/\/visualjournalism.de\/wp-content\/uploads\/Echo_echo_02_c_Loeffelbein_Presse-768x512.jpeg 768w, https:\/\/visualjournalism.de\/wp-content\/uploads\/Echo_echo_02_c_Loeffelbein_Presse-1536x1024.jpeg 1536w, https:\/\/visualjournalism.de\/wp-content\/uploads\/Echo_echo_02_c_Loeffelbein_Presse-2048x1365.jpeg 2048w, https:\/\/visualjournalism.de\/wp-content\/uploads\/Echo_echo_02_c_Loeffelbein_Presse-1920x1280.jpeg 1920w, https:\/\/visualjournalism.de\/wp-content\/uploads\/Echo_echo_02_c_Loeffelbein_Presse-1400x933.jpeg 1400w, https:\/\/visualjournalism.de\/wp-content\/uploads\/Echo_echo_02_c_Loeffelbein_Presse-670x447.jpeg 670w, https:\/\/visualjournalism.de\/wp-content\/uploads\/Echo_echo_02_c_Loeffelbein_Presse-420x280.jpeg 420w, https:\/\/visualjournalism.de\/wp-content\/uploads\/Echo_echo_02_c_Loeffelbein_Presse-350x233.jpeg 350w, https:\/\/visualjournalism.de\/wp-content\/uploads\/Echo_echo_02_c_Loeffelbein_Presse-150x100.jpeg 150w\"\n                width=\"1050\" \n                height=\"700\"\n                alt=\"Crashed aircraft at Hannover Zoo, surrounded by plants, photographed by Kai L\u00f6ffelbein.\" \n            \/>\n            \n                            <span class=\"post__image__title\">Photo: Kai L\u00f6ffelbein\n<\/span>\n                    <\/div><!-- post__image__container -->\n\n        \n    <\/figure><!-- post__image -->\n\n\n\n\n<p class=\"post__paragraph has-spacing--default\"><strong>The <a href=\"http:\/\/gafeisfabrik.de\/\">Galerie f\u00fcr Fotografie<\/a> <\/strong>in Hannover is currently showing the work &#8220;Echo Echo &#8211; Hannover kolonial&#8221; by alumnus <a href=\"https:\/\/kailoeffelbein.com\/\" target=\"_blank\" rel=\"noreferrer noopener\">Kai L\u00f6ffelbein<\/a>. In it, he looks at the colonial legacy in Hannover, and how the stereotypes of that time still shape the city today. Therefore, he photographed, for example, the Zambezi theme world of the city zoo or the Africa quarter in Hannover-Badenstedt. But Kai L\u00f6ffelbein also scoured the archives of museums for artefacts. To realize the work, he received the &#8220;Hannover Shots&#8221; project grant from the Hannover Foundation. This is endowed with 10,000 euros and is awarded every two years to professional photographers. In this way, the foundation promotes targeted photo projects that approach the city of Hanover with an interested and open eye.  <br><br><a href=\"https:\/\/visualjournalism.de\/en\/prof-dr-karen-fromm\/\" target=\"_blank\" rel=\"noreferrer noopener\">Prof. Dr. Karen Fromm<\/a>, who sat on the jury for &#8220;Hannover Shots,&#8221; remarked in her speech at the exhibition opening: &#8220;The focus of Kai L\u00f6ffelbein&#8217;s photographs is not the supposedly exotic other. His search for traces on his own doorstep becomes rather an inversion and irritation of this classical\/colonial axis of vision.&#8221;  <\/p>\n\n\n\n<p class=\"post__paragraph has-spacing--default\">For Karen Fromm, herein lies the relevance of the project: &#8220;In summary, &#8216;Echo Echo&#8217; can be read as an attempt to raise awareness of the history of colonialism and thus contribute to a process of de-colonization of thought.&#8221; For her, this cannot simply be completed by renaming streets or removing monuments. What is needed much more is a new perspective that is not limited to military occupation and plunder. Instead, it would have to include epistemic violence. For Karen Fromm, projects like this help to develop such a new perspective.<\/p>\n\n\n\n    <div class=\"headline-block has-spacing--xs\">\n\n        <h2 class=\"post__headline\">Kai L\u00f6ffelbein in dialogue<\/h2>\n\n        \n    <\/div>\n\n    \n\n\n\n\n<p class=\"post__paragraph has-spacing--default\">On Thursday, April 13, 2023, Kai L\u00f6ffelbein and Prof. Dr. Karen Fromm will lead a guided tour of the exhibition &#8220;Echo Echo&#8221; at 7 pm. A week later, again at the same time, there will be an artist talk with the photographer in the gallery. In addition to Kai L\u00f6ffelbein, Dr. Claudia Andratschke from the Landes-Museum Hannover, Tchadarou Abdoul from Generation Postmigration e.V. and Dr. Jens Binner from ZeitZentrum Zivilcourage will also speak about the work. The event will be moderated by journalist Hanna Legatis.  <\/p>\n\n\n\n<p class=\"post__paragraph has-spacing--default\"><br><\/p>\n\n\n\n<p class=\"post__paragraph has-spacing--default\"><strong>Location<\/strong><br>GAF &#8211; Gallery of Photography<br>Seilerstra\u00dfe 15d<br>30171 Hanover<br><br><strong>Exhibition<\/strong><br>6. until 30. April 2023  <br><br><strong>Guided tour of the exhibition<\/strong><br>April 13, 2023, 7 pm<br><br><strong>Artist talk<\/strong><br>April 20, 2023, 7 pm<\/p>\n\n\n\n<div class=\"wp-block-group has-spacing--none\">\n<div class=\"devider has-spacing--none\">\n    <hr>\n<\/div>\n\n\n    <nav id=\"section-navigation-block_787f2a840c2c8d273b46009bc82d2ac3\" class=\"section-navigation has-spacing--m\">\n        <ul>\n\n                \n                    <li>This might also interest you:<\/li>\n                \n            \n            \n                        \n                        \n\n            \n\n        <\/ul>\n        \n    <\/nav>\n\n\n\n<div class=\"four-columns-teaser has-spacing--m\">\n\n    \r\n<article class=\"post-teaser post-65184 post type-post status-publish format-standard has-post-thumbnail hentry category-events category-news-en\">\r\n\t<header class=\"entry-header\">\r\n\r\n\t\t<div class=\"entry-categories\">\n\t<a class=\"post__tag\" href=\"https:\/\/visualjournalism.de\/en\/news-en\/events\/\" rel=\"category tag\">Events<\/a><\/div>\r\n\t\t<a href=\"https:\/\/visualjournalism.de\/en\/news-en\/events\/experience-visual-journalism-live-discover-which-media-study-program-suits-you-best\/\" rel=\"bookmark\">\r\n\t\t\t<h2 class=\"entry-title\">Experience visual journalism live: Discover which media degree program is right for you.<\/h2>\r\n\t\t\t<p class=\"entry-excerpt\">The Media_Special on November 11, 2025 will showcase the media degree programs at the University of Applied Sciences and Arts Hannover. Workshops, talks and lectures provide insights and help with the choice of course. <\/p>\r\n\t\t<\/a>\r\n\r\n\t<\/header><!-- .entry-header -->\r\n\r\n\t<figure class=\"post__image\">\r\n\t\t<a href=\"https:\/\/visualjournalism.de\/en\/news-en\/events\/experience-visual-journalism-live-discover-which-media-study-program-suits-you-best\/\" rel=\"bookmark\">\r\n\t\t\t<img loading=\"lazy\" decoding=\"async\" width=\"350\" height=\"233\" src=\"https:\/\/visualjournalism.de\/wp-content\/uploads\/rosty_foto-12-350x233.jpg\" class=\"attachment-post-image--two-column--small size-post-image--two-column--small\" alt=\"\" srcset=\"https:\/\/visualjournalism.de\/wp-content\/uploads\/rosty_foto-12-350x233.jpg 350w, https:\/\/visualjournalism.de\/wp-content\/uploads\/rosty_foto-12-300x200.jpg 300w, https:\/\/visualjournalism.de\/wp-content\/uploads\/rosty_foto-12-1024x683.jpg 1024w, https:\/\/visualjournalism.de\/wp-content\/uploads\/rosty_foto-12-768x512.jpg 768w, https:\/\/visualjournalism.de\/wp-content\/uploads\/rosty_foto-12-1536x1024.jpg 1536w, https:\/\/visualjournalism.de\/wp-content\/uploads\/rosty_foto-12-1400x933.jpg 1400w, https:\/\/visualjournalism.de\/wp-content\/uploads\/rosty_foto-12-1050x700.jpg 1050w, https:\/\/visualjournalism.de\/wp-content\/uploads\/rosty_foto-12-670x447.jpg 670w, https:\/\/visualjournalism.de\/wp-content\/uploads\/rosty_foto-12-420x280.jpg 420w, https:\/\/visualjournalism.de\/wp-content\/uploads\/rosty_foto-12.jpg 1920w\" sizes=\"auto, (max-width: 350px) 100vw, 350px\" \/>\t\t<\/a>\r\n\t<\/figure><!-- .post__image -->\r\n\r\n<\/article>\r\n\r\n<article class=\"post-teaser post-14985 post type-post status-publish format-standard has-post-thumbnail hentry category-application category-news-en\">\r\n\t<header class=\"entry-header\">\r\n\r\n\t\t<div class=\"entry-categories\">\n\t<a class=\"post__tag\" href=\"https:\/\/visualjournalism.de\/en\/news-en\/application\/\" rel=\"category tag\">Application<\/a><\/div>\r\n\t\t<a href=\"https:\/\/visualjournalism.de\/en\/news-en\/application\/apply-now\/\" rel=\"bookmark\">\r\n\t\t\t<h2 class=\"entry-title\">Get ready to launch your journalistic career!<\/h2>\r\n\t\t\t<p class=\"entry-excerpt\">Make sure you&#8217;re on track for the winter semester.<\/p>\r\n\t\t<\/a>\r\n\r\n\t<\/header><!-- .entry-header -->\r\n\r\n\t<figure class=\"post__image\">\r\n\t\t<a href=\"https:\/\/visualjournalism.de\/en\/news-en\/application\/apply-now\/\" rel=\"bookmark\">\r\n\t\t\t\n<div class=\"splide\">\n    <div class=\"splide__track\">\n\n        <div class=\"splide__list\">\n\n                    \n\n                    <div class=\"splide__slide\">\n\n                        <img loading=\"lazy\" decoding=\"async\"  \n                            src=\"https:\/\/visualjournalism.de\/wp-content\/uploads\/rosty_foto-20-350x233.jpg\" \n                            srcset=\"https:\/\/visualjournalism.de\/wp-content\/uploads\/rosty_foto-20-350x233.jpg 350w, https:\/\/visualjournalism.de\/wp-content\/uploads\/rosty_foto-20-300x200.jpg 300w, https:\/\/visualjournalism.de\/wp-content\/uploads\/rosty_foto-20-1024x683.jpg 1024w, https:\/\/visualjournalism.de\/wp-content\/uploads\/rosty_foto-20-768x512.jpg 768w, https:\/\/visualjournalism.de\/wp-content\/uploads\/rosty_foto-20-1536x1024.jpg 1536w, https:\/\/visualjournalism.de\/wp-content\/uploads\/rosty_foto-20-1400x933.jpg 1400w, https:\/\/visualjournalism.de\/wp-content\/uploads\/rosty_foto-20-1050x700.jpg 1050w, https:\/\/visualjournalism.de\/wp-content\/uploads\/rosty_foto-20-670x447.jpg 670w, https:\/\/visualjournalism.de\/wp-content\/uploads\/rosty_foto-20-420x280.jpg 420w, https:\/\/visualjournalism.de\/wp-content\/uploads\/rosty_foto-20.jpg 1920w\" \n                            width=\"350\"  \n                            height=\"233\" \n                            alt=\"\"  \n                        \/>\n\n                    <\/div>\n                \n                        \n\n                    <div class=\"splide__slide\">\n\n                        <img loading=\"lazy\" decoding=\"async\"  \n                            src=\"https:\/\/visualjournalism.de\/wp-content\/uploads\/2026\/02\/IMG_0694-2-350x263.jpg\" \n                            srcset=\"https:\/\/visualjournalism.de\/wp-content\/uploads\/2026\/02\/IMG_0694-2-350x263.jpg 350w, https:\/\/visualjournalism.de\/wp-content\/uploads\/2026\/02\/IMG_0694-2-300x225.jpg 300w, https:\/\/visualjournalism.de\/wp-content\/uploads\/2026\/02\/IMG_0694-2-1024x768.jpg 1024w, https:\/\/visualjournalism.de\/wp-content\/uploads\/2026\/02\/IMG_0694-2-768x576.jpg 768w, https:\/\/visualjournalism.de\/wp-content\/uploads\/2026\/02\/IMG_0694-2-1536x1152.jpg 1536w, https:\/\/visualjournalism.de\/wp-content\/uploads\/2026\/02\/IMG_0694-2-2048x1536.jpg 2048w, https:\/\/visualjournalism.de\/wp-content\/uploads\/2026\/02\/IMG_0694-2-1920x1440.jpg 1920w, https:\/\/visualjournalism.de\/wp-content\/uploads\/2026\/02\/IMG_0694-2-1400x1050.jpg 1400w, https:\/\/visualjournalism.de\/wp-content\/uploads\/2026\/02\/IMG_0694-2-1050x788.jpg 1050w, https:\/\/visualjournalism.de\/wp-content\/uploads\/2026\/02\/IMG_0694-2-670x503.jpg 670w, https:\/\/visualjournalism.de\/wp-content\/uploads\/2026\/02\/IMG_0694-2-420x315.jpg 420w, https:\/\/visualjournalism.de\/wp-content\/uploads\/2026\/02\/IMG_0694-2-150x113.jpg 150w\" \n                            width=\"350\"  \n                            height=\"263\" \n                            alt=\"\"  \n                        \/>\n\n                    <\/div>\n                \n                        \n\n                    <div class=\"splide__slide\">\n\n                        <img loading=\"lazy\" decoding=\"async\"  \n                            src=\"https:\/\/visualjournalism.de\/wp-content\/uploads\/1mg6251-1500x1000-1-350x233.jpg\" \n                            srcset=\"https:\/\/visualjournalism.de\/wp-content\/uploads\/1mg6251-1500x1000-1-350x233.jpg 350w, https:\/\/visualjournalism.de\/wp-content\/uploads\/1mg6251-1500x1000-1-300x200.jpg 300w, https:\/\/visualjournalism.de\/wp-content\/uploads\/1mg6251-1500x1000-1-1024x683.jpg 1024w, https:\/\/visualjournalism.de\/wp-content\/uploads\/1mg6251-1500x1000-1-768x512.jpg 768w, https:\/\/visualjournalism.de\/wp-content\/uploads\/1mg6251-1500x1000-1-1400x933.jpg 1400w, https:\/\/visualjournalism.de\/wp-content\/uploads\/1mg6251-1500x1000-1-1050x700.jpg 1050w, https:\/\/visualjournalism.de\/wp-content\/uploads\/1mg6251-1500x1000-1-670x447.jpg 670w, https:\/\/visualjournalism.de\/wp-content\/uploads\/1mg6251-1500x1000-1-420x280.jpg 420w, https:\/\/visualjournalism.de\/wp-content\/uploads\/1mg6251-1500x1000-1-150x100.jpg 150w, https:\/\/visualjournalism.de\/wp-content\/uploads\/1mg6251-1500x1000-1.jpg 1500w\" \n                            width=\"350\"  \n                            height=\"233\" \n                            alt=\"\"  \n                        \/>\n\n                    <\/div>\n                \n                        \n\n                    <div class=\"splide__slide\">\n\n                        <img loading=\"lazy\" decoding=\"async\"  \n                            src=\"https:\/\/visualjournalism.de\/wp-content\/uploads\/rosty_foto-17-350x233.jpg\" \n                            srcset=\"https:\/\/visualjournalism.de\/wp-content\/uploads\/rosty_foto-17-350x233.jpg 350w, https:\/\/visualjournalism.de\/wp-content\/uploads\/rosty_foto-17-300x200.jpg 300w, https:\/\/visualjournalism.de\/wp-content\/uploads\/rosty_foto-17-1024x683.jpg 1024w, https:\/\/visualjournalism.de\/wp-content\/uploads\/rosty_foto-17-768x512.jpg 768w, https:\/\/visualjournalism.de\/wp-content\/uploads\/rosty_foto-17-1536x1024.jpg 1536w, https:\/\/visualjournalism.de\/wp-content\/uploads\/rosty_foto-17-1400x933.jpg 1400w, https:\/\/visualjournalism.de\/wp-content\/uploads\/rosty_foto-17-1050x700.jpg 1050w, https:\/\/visualjournalism.de\/wp-content\/uploads\/rosty_foto-17-670x447.jpg 670w, https:\/\/visualjournalism.de\/wp-content\/uploads\/rosty_foto-17-420x280.jpg 420w, https:\/\/visualjournalism.de\/wp-content\/uploads\/rosty_foto-17.jpg 1920w\" \n                            width=\"350\"  \n                            height=\"233\" \n                            alt=\"\"  \n                        \/>\n\n                    <\/div>\n                \n                        \n\n                    <div class=\"splide__slide\">\n\n                        <img loading=\"lazy\" decoding=\"async\"  \n                            src=\"https:\/\/visualjournalism.de\/wp-content\/uploads\/20250924EE_11-350x233.jpg\" \n                            srcset=\"https:\/\/visualjournalism.de\/wp-content\/uploads\/20250924EE_11-350x233.jpg 350w, https:\/\/visualjournalism.de\/wp-content\/uploads\/20250924EE_11-300x200.jpg 300w, https:\/\/visualjournalism.de\/wp-content\/uploads\/20250924EE_11-1024x683.jpg 1024w, https:\/\/visualjournalism.de\/wp-content\/uploads\/20250924EE_11-768x512.jpg 768w, https:\/\/visualjournalism.de\/wp-content\/uploads\/20250924EE_11-1536x1024.jpg 1536w, https:\/\/visualjournalism.de\/wp-content\/uploads\/20250924EE_11-2048x1365.jpg 2048w, https:\/\/visualjournalism.de\/wp-content\/uploads\/20250924EE_11-1920x1280.jpg 1920w, https:\/\/visualjournalism.de\/wp-content\/uploads\/20250924EE_11-1400x933.jpg 1400w, https:\/\/visualjournalism.de\/wp-content\/uploads\/20250924EE_11-1050x700.jpg 1050w, https:\/\/visualjournalism.de\/wp-content\/uploads\/20250924EE_11-670x447.jpg 670w, https:\/\/visualjournalism.de\/wp-content\/uploads\/20250924EE_11-420x280.jpg 420w\" \n                            width=\"350\"  \n                            height=\"233\" \n                            alt=\"\"  \n                        \/>\n\n                    <\/div>\n                \n                        \n\n                    <div class=\"splide__slide\">\n\n                        <img loading=\"lazy\" decoding=\"async\"  \n                            src=\"https:\/\/visualjournalism.de\/wp-content\/uploads\/2026\/02\/IMG_0665-2-350x263.jpg\" \n                            srcset=\"https:\/\/visualjournalism.de\/wp-content\/uploads\/2026\/02\/IMG_0665-2-350x263.jpg 350w, https:\/\/visualjournalism.de\/wp-content\/uploads\/2026\/02\/IMG_0665-2-300x225.jpg 300w, https:\/\/visualjournalism.de\/wp-content\/uploads\/2026\/02\/IMG_0665-2-1024x768.jpg 1024w, https:\/\/visualjournalism.de\/wp-content\/uploads\/2026\/02\/IMG_0665-2-768x576.jpg 768w, https:\/\/visualjournalism.de\/wp-content\/uploads\/2026\/02\/IMG_0665-2-1536x1152.jpg 1536w, https:\/\/visualjournalism.de\/wp-content\/uploads\/2026\/02\/IMG_0665-2-2048x1536.jpg 2048w, https:\/\/visualjournalism.de\/wp-content\/uploads\/2026\/02\/IMG_0665-2-1920x1440.jpg 1920w, https:\/\/visualjournalism.de\/wp-content\/uploads\/2026\/02\/IMG_0665-2-1400x1050.jpg 1400w, https:\/\/visualjournalism.de\/wp-content\/uploads\/2026\/02\/IMG_0665-2-1050x788.jpg 1050w, https:\/\/visualjournalism.de\/wp-content\/uploads\/2026\/02\/IMG_0665-2-670x503.jpg 670w, https:\/\/visualjournalism.de\/wp-content\/uploads\/2026\/02\/IMG_0665-2-420x315.jpg 420w, https:\/\/visualjournalism.de\/wp-content\/uploads\/2026\/02\/IMG_0665-2-150x113.jpg 150w\" \n                            width=\"350\"  \n                            height=\"263\" \n                            alt=\"\"  \n                        \/>\n\n                    <\/div>\n                \n                        \n\n                    <div class=\"splide__slide\">\n\n                        <img loading=\"lazy\" decoding=\"async\"  \n                            src=\"https:\/\/visualjournalism.de\/wp-content\/uploads\/Erstsemester_Begruessung-17-350x233.jpg\" \n                            srcset=\"https:\/\/visualjournalism.de\/wp-content\/uploads\/Erstsemester_Begruessung-17-350x233.jpg 350w, https:\/\/visualjournalism.de\/wp-content\/uploads\/Erstsemester_Begruessung-17-300x200.jpg 300w, https:\/\/visualjournalism.de\/wp-content\/uploads\/Erstsemester_Begruessung-17-1024x683.jpg 1024w, https:\/\/visualjournalism.de\/wp-content\/uploads\/Erstsemester_Begruessung-17-768x512.jpg 768w, https:\/\/visualjournalism.de\/wp-content\/uploads\/Erstsemester_Begruessung-17-1536x1024.jpg 1536w, https:\/\/visualjournalism.de\/wp-content\/uploads\/Erstsemester_Begruessung-17-2048x1365.jpg 2048w, https:\/\/visualjournalism.de\/wp-content\/uploads\/Erstsemester_Begruessung-17-1920x1280.jpg 1920w, https:\/\/visualjournalism.de\/wp-content\/uploads\/Erstsemester_Begruessung-17-1400x933.jpg 1400w, https:\/\/visualjournalism.de\/wp-content\/uploads\/Erstsemester_Begruessung-17-1050x700.jpg 1050w, https:\/\/visualjournalism.de\/wp-content\/uploads\/Erstsemester_Begruessung-17-670x447.jpg 670w, https:\/\/visualjournalism.de\/wp-content\/uploads\/Erstsemester_Begruessung-17-420x280.jpg 420w\" \n                            width=\"350\"  \n                            height=\"233\" \n                            alt=\"\"  \n                        \/>\n\n                    <\/div>\n                \n                        \n\n                    <div class=\"splide__slide\">\n\n                        <img loading=\"lazy\" decoding=\"async\"  \n                            src=\"https:\/\/visualjournalism.de\/wp-content\/uploads\/rosty_foto-12-350x233.jpg\" \n                            srcset=\"https:\/\/visualjournalism.de\/wp-content\/uploads\/rosty_foto-12-350x233.jpg 350w, https:\/\/visualjournalism.de\/wp-content\/uploads\/rosty_foto-12-300x200.jpg 300w, https:\/\/visualjournalism.de\/wp-content\/uploads\/rosty_foto-12-1024x683.jpg 1024w, https:\/\/visualjournalism.de\/wp-content\/uploads\/rosty_foto-12-768x512.jpg 768w, https:\/\/visualjournalism.de\/wp-content\/uploads\/rosty_foto-12-1536x1024.jpg 1536w, https:\/\/visualjournalism.de\/wp-content\/uploads\/rosty_foto-12-1400x933.jpg 1400w, https:\/\/visualjournalism.de\/wp-content\/uploads\/rosty_foto-12-1050x700.jpg 1050w, https:\/\/visualjournalism.de\/wp-content\/uploads\/rosty_foto-12-670x447.jpg 670w, https:\/\/visualjournalism.de\/wp-content\/uploads\/rosty_foto-12-420x280.jpg 420w, https:\/\/visualjournalism.de\/wp-content\/uploads\/rosty_foto-12.jpg 1920w\" \n                            width=\"350\"  \n                            height=\"233\" \n                            alt=\"\"  \n                        \/>\n\n                    <\/div>\n                \n                \n        <\/div> <!-- .splide__list -->\n\n    <\/div><!-- slide__track -->\n<\/div>\t\t<\/a>\r\n\t<\/figure><!-- .post__image -->\r\n\r\n<\/article>\r\n\r\n<article class=\"post-teaser post-64654 post type-post status-publish format-standard has-post-thumbnail hentry category-awards category-news-en\">\r\n\t<header class=\"entry-header\">\r\n\r\n\t\t<div class=\"entry-categories\">\n\t<a class=\"post__tag\" href=\"https:\/\/visualjournalism.de\/en\/news-en\/awards\/\" rel=\"category tag\">Awards<\/a><\/div>\r\n\t\t<a href=\"https:\/\/visualjournalism.de\/en\/news-en\/awards\/julius-schien-wins-the-vgh-photo-prize-2025\/\" rel=\"bookmark\">\r\n\t\t\t<h2 class=\"entry-title\">With a photo series on right-wing violence:<\/h2>\r\n\t\t\t<p class=\"entry-excerpt\">Julius Schien wins the VGH Photo Prize 2025<\/p>\r\n\t\t<\/a>\r\n\r\n\t<\/header><!-- .entry-header -->\r\n\r\n\t<figure class=\"post__image\">\r\n\t\t<a href=\"https:\/\/visualjournalism.de\/en\/news-en\/awards\/julius-schien-wins-the-vgh-photo-prize-2025\/\" rel=\"bookmark\">\r\n\t\t\t<img loading=\"lazy\" decoding=\"async\" width=\"350\" height=\"280\" src=\"https:\/\/visualjournalism.de\/wp-content\/uploads\/VGH-Fotopreis2025-Rechtes-Land_1993-01-15_Arnstadt_Karl-Sidon_CJulius-Schien-350x280.jpg\" class=\"attachment-post-image--two-column--small size-post-image--two-column--small\" alt=\"\" srcset=\"https:\/\/visualjournalism.de\/wp-content\/uploads\/VGH-Fotopreis2025-Rechtes-Land_1993-01-15_Arnstadt_Karl-Sidon_CJulius-Schien-350x280.jpg 350w, https:\/\/visualjournalism.de\/wp-content\/uploads\/VGH-Fotopreis2025-Rechtes-Land_1993-01-15_Arnstadt_Karl-Sidon_CJulius-Schien-300x240.jpg 300w, https:\/\/visualjournalism.de\/wp-content\/uploads\/VGH-Fotopreis2025-Rechtes-Land_1993-01-15_Arnstadt_Karl-Sidon_CJulius-Schien-1024x819.jpg 1024w, https:\/\/visualjournalism.de\/wp-content\/uploads\/VGH-Fotopreis2025-Rechtes-Land_1993-01-15_Arnstadt_Karl-Sidon_CJulius-Schien-768x615.jpg 768w, https:\/\/visualjournalism.de\/wp-content\/uploads\/VGH-Fotopreis2025-Rechtes-Land_1993-01-15_Arnstadt_Karl-Sidon_CJulius-Schien-1536x1229.jpg 1536w, https:\/\/visualjournalism.de\/wp-content\/uploads\/VGH-Fotopreis2025-Rechtes-Land_1993-01-15_Arnstadt_Karl-Sidon_CJulius-Schien-2048x1639.jpg 2048w, https:\/\/visualjournalism.de\/wp-content\/uploads\/VGH-Fotopreis2025-Rechtes-Land_1993-01-15_Arnstadt_Karl-Sidon_CJulius-Schien-1920x1536.jpg 1920w, https:\/\/visualjournalism.de\/wp-content\/uploads\/VGH-Fotopreis2025-Rechtes-Land_1993-01-15_Arnstadt_Karl-Sidon_CJulius-Schien-1400x1120.jpg 1400w, https:\/\/visualjournalism.de\/wp-content\/uploads\/VGH-Fotopreis2025-Rechtes-Land_1993-01-15_Arnstadt_Karl-Sidon_CJulius-Schien-1050x840.jpg 1050w, https:\/\/visualjournalism.de\/wp-content\/uploads\/VGH-Fotopreis2025-Rechtes-Land_1993-01-15_Arnstadt_Karl-Sidon_CJulius-Schien-670x536.jpg 670w, https:\/\/visualjournalism.de\/wp-content\/uploads\/VGH-Fotopreis2025-Rechtes-Land_1993-01-15_Arnstadt_Karl-Sidon_CJulius-Schien-420x336.jpg 420w\" sizes=\"auto, (max-width: 350px) 100vw, 350px\" \/>\t\t<\/a>\r\n\t<\/figure><!-- .post__image -->\r\n\r\n<\/article>\r\n\r\n<article class=\"post-teaser post-64668 post type-post status-publish format-standard has-post-thumbnail hentry category-current category-news-en\">\r\n\t<header class=\"entry-header\">\r\n\r\n\t\t<div class=\"entry-categories\">\n\t<a class=\"post__tag\" href=\"https:\/\/visualjournalism.de\/en\/news-en\/\" rel=\"category tag\">News<\/a><\/div>\r\n\t\t<a href=\"https:\/\/visualjournalism.de\/en\/news-en\/a-huge-playground-starting-studies-in-hannover\/\" rel=\"bookmark\">\r\n\t\t\t<h2 class=\"entry-title\">&#8220;A huge playground&#8221;.<\/h2>\r\n\t\t\t<p class=\"entry-excerpt\">The first semester students experience the start as open, diverse and inspiring.<\/p>\r\n\t\t<\/a>\r\n\r\n\t<\/header><!-- .entry-header -->\r\n\r\n\t<figure class=\"post__image\">\r\n\t\t<a href=\"https:\/\/visualjournalism.de\/en\/news-en\/a-huge-playground-starting-studies-in-hannover\/\" rel=\"bookmark\">\r\n\t\t\t\n<div class=\"splide\">\n    <div class=\"splide__track\">\n\n        <div class=\"splide__list\">\n\n                    \n\n                    <div class=\"splide__slide\">\n\n                        <img loading=\"lazy\" decoding=\"async\"  \n                            src=\"https:\/\/visualjournalism.de\/wp-content\/uploads\/Erstsemester_Begruessung-17-350x233.jpg\" \n                            srcset=\"https:\/\/visualjournalism.de\/wp-content\/uploads\/Erstsemester_Begruessung-17-350x233.jpg 350w, https:\/\/visualjournalism.de\/wp-content\/uploads\/Erstsemester_Begruessung-17-300x200.jpg 300w, https:\/\/visualjournalism.de\/wp-content\/uploads\/Erstsemester_Begruessung-17-1024x683.jpg 1024w, https:\/\/visualjournalism.de\/wp-content\/uploads\/Erstsemester_Begruessung-17-768x512.jpg 768w, https:\/\/visualjournalism.de\/wp-content\/uploads\/Erstsemester_Begruessung-17-1536x1024.jpg 1536w, https:\/\/visualjournalism.de\/wp-content\/uploads\/Erstsemester_Begruessung-17-2048x1365.jpg 2048w, https:\/\/visualjournalism.de\/wp-content\/uploads\/Erstsemester_Begruessung-17-1920x1280.jpg 1920w, https:\/\/visualjournalism.de\/wp-content\/uploads\/Erstsemester_Begruessung-17-1400x933.jpg 1400w, https:\/\/visualjournalism.de\/wp-content\/uploads\/Erstsemester_Begruessung-17-1050x700.jpg 1050w, https:\/\/visualjournalism.de\/wp-content\/uploads\/Erstsemester_Begruessung-17-670x447.jpg 670w, https:\/\/visualjournalism.de\/wp-content\/uploads\/Erstsemester_Begruessung-17-420x280.jpg 420w\" \n                            width=\"350\"  \n                            height=\"233\" \n                            alt=\"\"  \n                        \/>\n\n                    <\/div>\n                \n                        \n\n                    <div class=\"splide__slide\">\n\n                        <img loading=\"lazy\" decoding=\"async\"  \n                            src=\"https:\/\/visualjournalism.de\/wp-content\/uploads\/Erstsemester_Begruessung-7-350x233.jpg\" \n                            srcset=\"https:\/\/visualjournalism.de\/wp-content\/uploads\/Erstsemester_Begruessung-7-350x233.jpg 350w, https:\/\/visualjournalism.de\/wp-content\/uploads\/Erstsemester_Begruessung-7-300x200.jpg 300w, https:\/\/visualjournalism.de\/wp-content\/uploads\/Erstsemester_Begruessung-7-1024x683.jpg 1024w, https:\/\/visualjournalism.de\/wp-content\/uploads\/Erstsemester_Begruessung-7-768x512.jpg 768w, https:\/\/visualjournalism.de\/wp-content\/uploads\/Erstsemester_Begruessung-7-1536x1024.jpg 1536w, https:\/\/visualjournalism.de\/wp-content\/uploads\/Erstsemester_Begruessung-7-2048x1365.jpg 2048w, https:\/\/visualjournalism.de\/wp-content\/uploads\/Erstsemester_Begruessung-7-1920x1280.jpg 1920w, https:\/\/visualjournalism.de\/wp-content\/uploads\/Erstsemester_Begruessung-7-1400x933.jpg 1400w, https:\/\/visualjournalism.de\/wp-content\/uploads\/Erstsemester_Begruessung-7-1050x700.jpg 1050w, https:\/\/visualjournalism.de\/wp-content\/uploads\/Erstsemester_Begruessung-7-670x447.jpg 670w, https:\/\/visualjournalism.de\/wp-content\/uploads\/Erstsemester_Begruessung-7-420x280.jpg 420w\" \n                            width=\"350\"  \n                            height=\"233\" \n                            alt=\"\"  \n                        \/>\n\n                    <\/div>\n                \n                        \n\n                    <div class=\"splide__slide\">\n\n                        <img loading=\"lazy\" decoding=\"async\"  \n                            src=\"https:\/\/visualjournalism.de\/wp-content\/uploads\/Erstsemester_Begruessung-21-350x233.jpg\" \n                            srcset=\"https:\/\/visualjournalism.de\/wp-content\/uploads\/Erstsemester_Begruessung-21-350x233.jpg 350w, https:\/\/visualjournalism.de\/wp-content\/uploads\/Erstsemester_Begruessung-21-300x200.jpg 300w, https:\/\/visualjournalism.de\/wp-content\/uploads\/Erstsemester_Begruessung-21-1024x683.jpg 1024w, https:\/\/visualjournalism.de\/wp-content\/uploads\/Erstsemester_Begruessung-21-768x512.jpg 768w, https:\/\/visualjournalism.de\/wp-content\/uploads\/Erstsemester_Begruessung-21-1536x1024.jpg 1536w, https:\/\/visualjournalism.de\/wp-content\/uploads\/Erstsemester_Begruessung-21-2048x1365.jpg 2048w, https:\/\/visualjournalism.de\/wp-content\/uploads\/Erstsemester_Begruessung-21-1920x1280.jpg 1920w, https:\/\/visualjournalism.de\/wp-content\/uploads\/Erstsemester_Begruessung-21-1400x933.jpg 1400w, https:\/\/visualjournalism.de\/wp-content\/uploads\/Erstsemester_Begruessung-21-1050x700.jpg 1050w, https:\/\/visualjournalism.de\/wp-content\/uploads\/Erstsemester_Begruessung-21-670x447.jpg 670w, https:\/\/visualjournalism.de\/wp-content\/uploads\/Erstsemester_Begruessung-21-420x280.jpg 420w\" \n                            width=\"350\"  \n                            height=\"233\" \n                            alt=\"\"  \n                        \/>\n\n                    <\/div>\n                \n                \n        <\/div> <!-- .splide__list -->\n\n    <\/div><!-- slide__track -->\n<\/div>\t\t<\/a>\r\n\t<\/figure><!-- .post__image -->\r\n\r\n<\/article>\r\n\n<\/div><!-- .2-columns-teaser-->\n\n    \n\n\n<div class=\"wp-block-group has-spacing--default has-spacing--default\">\n<div class=\"devider has-spacing--none\">\n    <hr>\n<\/div>\n\n\n \n\n    <div id=\"lead-in-block_abd62e5610e5f7d0960be020b0d0e21e\" class=\"block-lead-in typo--default font-size--xl has-spacing--s width--default\">\n        <p><strong>Empfehlungen der Redaktion:<\/strong><\/p>\n    <\/div>\n\n\n\n\r\n\r\n\r\n\n\n\r\n\r\n\r\n\r\n        <div class=\"teaser-grid grid-layout--3col has-spacing--s width--inline\">\r\n\r\n            \r\n                <article class=\"post-teaser\">\r\n\r\n                    <a href=\"https:\/\/visualjournalism.de\/en\/magazine\/sammeln\/die-architektur-des-datenhandels\/\" rel=\"permalink\">\r\n\r\n                        <div class=\"post-teaser__content\">\r\n\r\n                            <span class=\"entry-categories\">Sammeln<\/span>\r\n                            <h3 class=\"post-teaser__headline\">\r\n                                Die Architektur des Datenhandels                            <\/h3>\r\n\r\n                            <div class=\"post-teaser__excerpt\">\r\n                                <p>Kaum ein System bleibt so unsichtbar und wirkt zugleich so weitreichend wie der Handel mit Nutzerdaten. Was wir anklicken, suchen oder besuchen, wird zu Signalen in einem globalen Markt, der Menschen in Kategorien einordnet und Informationen gezielt verteilt.<\/p>\r\n                            <\/div>\r\n\r\n                        <\/div><!-- .post-teaser__content -->\r\n\r\n\r\n                        \r\n                            <figure class=\"post-teaser__image\">\r\n                                <img loading=\"lazy\" decoding=\"async\"  \r\n                                    src=\"https:\/\/visualjournalism.de\/wp-content\/uploads\/24_Geiersbach-Paul_Accept-All-768x512.jpg\" \r\n                                    srcset=\"https:\/\/visualjournalism.de\/wp-content\/uploads\/24_Geiersbach-Paul_Accept-All-768x512.jpg 768w, https:\/\/visualjournalism.de\/wp-content\/uploads\/24_Geiersbach-Paul_Accept-All-300x200.jpg 300w, https:\/\/visualjournalism.de\/wp-content\/uploads\/24_Geiersbach-Paul_Accept-All-1024x682.jpg 1024w, https:\/\/visualjournalism.de\/wp-content\/uploads\/24_Geiersbach-Paul_Accept-All-1536x1024.jpg 1536w, https:\/\/visualjournalism.de\/wp-content\/uploads\/24_Geiersbach-Paul_Accept-All-1920x1280.jpg 1920w, https:\/\/visualjournalism.de\/wp-content\/uploads\/24_Geiersbach-Paul_Accept-All-1400x933.jpg 1400w, https:\/\/visualjournalism.de\/wp-content\/uploads\/24_Geiersbach-Paul_Accept-All-1050x700.jpg 1050w, https:\/\/visualjournalism.de\/wp-content\/uploads\/24_Geiersbach-Paul_Accept-All-670x447.jpg 670w, https:\/\/visualjournalism.de\/wp-content\/uploads\/24_Geiersbach-Paul_Accept-All-420x280.jpg 420w, https:\/\/visualjournalism.de\/wp-content\/uploads\/24_Geiersbach-Paul_Accept-All-350x233.jpg 350w, https:\/\/visualjournalism.de\/wp-content\/uploads\/24_Geiersbach-Paul_Accept-All-150x100.jpg 150w, https:\/\/visualjournalism.de\/wp-content\/uploads\/24_Geiersbach-Paul_Accept-All.jpg 2000w\" \r\n                                    width=\"768\"  \r\n                                    height=\"512\" \r\n                                    alt=\"eine querformatige farbige Fotografie. Eine W\u00fcstenlandschaft ist von oben fotografiert, mit einem leichten Sanh\u00fcgel. Der Sandh\u00fcgel ist in der Mitte des Bildes eingebrochen.\"\r\n                                \/>\r\n                            <\/figure>\r\n\r\n                        \r\n                    \r\n                    <\/a>\r\n\r\n                <\/article><!--- .post-teaser-->\r\n\r\n            \r\n                <article class=\"post-teaser\">\r\n\r\n                    <a href=\"https:\/\/visualjournalism.de\/en\/magazine\/sammeln\/stress-im-alltag-atmen-trotz-allem\/\" rel=\"permalink\">\r\n\r\n                        <div class=\"post-teaser__content\">\r\n\r\n                            <span class=\"entry-categories\">Sammeln<\/span>\r\n                            <h3 class=\"post-teaser__headline\">\r\n                                Atmen trotz allem                            <\/h3>\r\n\r\n                            <div class=\"post-teaser__excerpt\">\r\n                                <p>Die Welt wird lauter, die Jugend ersch\u00f6pfter \u2013 und Selbstf\u00fcrsorge zum Privileg. Wo junge Menschen heute noch Kraft finden.<\/p>\r\n                            <\/div>\r\n\r\n                        <\/div><!-- .post-teaser__content -->\r\n\r\n\r\n                        \r\n                            <figure class=\"post-teaser__image\">\r\n                                <img loading=\"lazy\" decoding=\"async\"  \r\n                                    src=\"https:\/\/visualjournalism.de\/wp-content\/uploads\/Yael-Wagner00002-768x512.jpg\" \r\n                                    srcset=\"https:\/\/visualjournalism.de\/wp-content\/uploads\/Yael-Wagner00002-768x512.jpg 768w, https:\/\/visualjournalism.de\/wp-content\/uploads\/Yael-Wagner00002-300x200.jpg 300w, https:\/\/visualjournalism.de\/wp-content\/uploads\/Yael-Wagner00002-1024x683.jpg 1024w, https:\/\/visualjournalism.de\/wp-content\/uploads\/Yael-Wagner00002-1536x1024.jpg 1536w, https:\/\/visualjournalism.de\/wp-content\/uploads\/Yael-Wagner00002-2048x1365.jpg 2048w, https:\/\/visualjournalism.de\/wp-content\/uploads\/Yael-Wagner00002-1920x1280.jpg 1920w, https:\/\/visualjournalism.de\/wp-content\/uploads\/Yael-Wagner00002-1400x933.jpg 1400w, https:\/\/visualjournalism.de\/wp-content\/uploads\/Yael-Wagner00002-1050x700.jpg 1050w, https:\/\/visualjournalism.de\/wp-content\/uploads\/Yael-Wagner00002-670x447.jpg 670w, https:\/\/visualjournalism.de\/wp-content\/uploads\/Yael-Wagner00002-420x280.jpg 420w, https:\/\/visualjournalism.de\/wp-content\/uploads\/Yael-Wagner00002-350x233.jpg 350w, https:\/\/visualjournalism.de\/wp-content\/uploads\/Yael-Wagner00002-150x100.jpg 150w\" \r\n                                    width=\"768\"  \r\n                                    height=\"512\" \r\n                                    alt=\"\"\r\n                                \/>\r\n                            <\/figure>\r\n\r\n                        \r\n                    \r\n                    <\/a>\r\n\r\n                <\/article><!--- .post-teaser-->\r\n\r\n            \r\n                <article class=\"post-teaser\">\r\n\r\n                    <a href=\"https:\/\/visualjournalism.de\/en\/magazine\/ratgeber\/nicht-jedes-laecheln-bedeutet-zustimmung-wie-respektvolle-reisefotografie-gelingt\/\" rel=\"permalink\">\r\n\r\n                        <div class=\"post-teaser__content\">\r\n\r\n                            <span class=\"entry-categories\">Ratgeber<\/span>\r\n                            <h3 class=\"post-teaser__headline\">\r\n                                Faire Reisefotografie: Nicht jedes L\u00e4cheln bedeutet Zustimmung\u00a0                            <\/h3>\r\n\r\n                            <div class=\"post-teaser__excerpt\">\r\n                                <p>Ein Klick geht schnell, R\u00fccksicht nicht immer \u2013 so fotografierst du auf deinen Reisen respektvoll.<\/p>\r\n                            <\/div>\r\n\r\n                        <\/div><!-- .post-teaser__content -->\r\n\r\n\r\n                        \r\n                            <figure class=\"post-teaser__image\">\r\n                                <img loading=\"lazy\" decoding=\"async\"  \r\n                                    src=\"https:\/\/visualjournalism.de\/wp-content\/uploads\/SalomeZiermann_Scan_Indien_03-768x512.jpg\" \r\n                                    srcset=\"https:\/\/visualjournalism.de\/wp-content\/uploads\/SalomeZiermann_Scan_Indien_03-768x512.jpg 768w, https:\/\/visualjournalism.de\/wp-content\/uploads\/SalomeZiermann_Scan_Indien_03-300x200.jpg 300w, https:\/\/visualjournalism.de\/wp-content\/uploads\/SalomeZiermann_Scan_Indien_03-1024x683.jpg 1024w, https:\/\/visualjournalism.de\/wp-content\/uploads\/SalomeZiermann_Scan_Indien_03-1050x700.jpg 1050w, https:\/\/visualjournalism.de\/wp-content\/uploads\/SalomeZiermann_Scan_Indien_03-670x447.jpg 670w, https:\/\/visualjournalism.de\/wp-content\/uploads\/SalomeZiermann_Scan_Indien_03-420x280.jpg 420w, https:\/\/visualjournalism.de\/wp-content\/uploads\/SalomeZiermann_Scan_Indien_03-350x233.jpg 350w, https:\/\/visualjournalism.de\/wp-content\/uploads\/SalomeZiermann_Scan_Indien_03-150x100.jpg 150w, https:\/\/visualjournalism.de\/wp-content\/uploads\/SalomeZiermann_Scan_Indien_03.jpg 1200w\" \r\n                                    width=\"768\"  \r\n                                    height=\"512\" \r\n                                    alt=\"Zwei Frauen in traditionellen, bunten Saris l\u00e4cheln und gestikulieren in die Kamera. Ein Kind und ein Junge im Hintergrund erg\u00e4nzen die Szene.\"\r\n                                \/>\r\n                            <\/figure>\r\n\r\n                        \r\n                    \r\n                    <\/a>\r\n\r\n                <\/article><!--- .post-teaser-->\r\n\r\n            \r\n        <\/div><!-- .teaser-grid -->\r\n\r\n\n\n\r\n\r\n\r\n\n\n\n    <div class=\"btn-wrapper has-spacing--m\">\n        <a class=\"btn\" href=\"https:\/\/visualjournalism.de\/magazin\/\" target=\"_blank\">ZUR MAGAZIN-STARTSEITE<\/a>\n    <\/div>\n<\/div>\n<\/div>\n\n<div class=\"wp-block-group has-spacing--none has-color-3-background-color has-background has-spacing--none\">\n    <nav id=\"section-navigation-block_4377ce9098e2287a070d121278689e50\" class=\"section-navigation has-spacing--m\">\n        <ul>\n\n                \n                    <li>Contact<\/li>\n                \n            \n            \n                        \n                        \n\n            \n\n        <\/ul>\n        \n    <\/nav>\n\n\n\n<div class=\"pinned-block has-spacing--m\">\n\t\n\n<div class=\"pinned-block__column--left\">\n    \n\n \n\n    <div id=\"lead-in-block_a8ce4bf02e6d910a0e5c41722148e366\" class=\"block-lead-in typo--soehne font-size--xl has-spacing--m width--full\">\n        <p><strong>Your contact partners<\/strong> will be happy to assist you with your personal concerns. However, due to the large number of enquiries, we ask you to first check our FAQ to see if your question may already have been answered.<\/p>\n    <\/div>\n\n\n\n\n    <div class=\"btn-wrapper alignleft has-spacing--m\">\n        <a class=\"btn\" href=\"https:\/\/visualjournalism.de\/faq\/\" target=\"_blank\">FAQ<\/a>\n    <\/div>\n\n\n<\/div>\n\n\n<div class=\"pinned-block__column--right\">\n    \n    \n    <div class=\"infocard has-spacing--m\">\n\n    \n        <div class=\"info-item--full\">\n            <p>\n                <span class=\"info-item__headline\">Dean of Studies, Design and Media department<\/span>\n            <\/p>\n            \n            <div class=\"info-item__content\">\n                <p>\n                    <span class=\"info-item__text\"><a href=\"https:\/\/visualjournalism.de\/karen-fromm\/\">Prof. Dr. Karen Fromm<\/a><\/span>\n                    <span class=\"info-item__text--small\">\n                        <span><a href=\"mailto:karen.fromm@hs-hannover.de\">E-Mail schreiben<\/a><\/span><span><a href=\"tel:+49 511 9296 8538\">+49 511 9296 8538<\/a><\/span>                    <\/span>\n                <\/p>\n\n                <figure class=\"info-item__image\">\n\n                    <a href=\"https:\/\/visualjournalism.de\/karen-fromm\/\"><img loading=\"lazy\" decoding=\"async\" width=\"52\" height=\"52\" src=\"https:\/\/visualjournalism.de\/wp-content\/uploads\/Prof_Dr_Karen_Fromm_thumb-1-52x52.jpg\" class=\"attachment-image-portrait size-image-portrait\" alt=\"\" srcset=\"https:\/\/visualjournalism.de\/wp-content\/uploads\/Prof_Dr_Karen_Fromm_thumb-1-52x52.jpg 52w, https:\/\/visualjournalism.de\/wp-content\/uploads\/Prof_Dr_Karen_Fromm_thumb-1.jpg 100w\" sizes=\"auto, (max-width: 52px) 100vw, 52px\" \/><\/a>                <\/figure>\n                \n            <\/div><!-- .info-item__content -->\n            \n        <\/div><!-- .info-item--full -->\n\n\n        <div class=\"info-item--full\">\n            <p>\n                <span class=\"info-item__headline\">Programme representative<\/span>\n            <\/p>\n            \n            <div class=\"info-item__content\">\n                <p>\n                    <span class=\"info-item__text\"><a href=\"https:\/\/visualjournalism.de\/michael-hauri\/\">Prof. Michael Hauri<\/a><\/span>\n                    <span class=\"info-item__text--small\">\n                        <span><a href=\"mailto:michael.hauri@hs-hannover.de\">E-Mail schreiben<\/a><\/span><span><a href=\"tel:+49 511 9296 8241\">+49 511 9296 8241<\/a><\/span>                    <\/span>\n                <\/p>\n\n                <figure class=\"info-item__image\">\n\n                    <a href=\"https:\/\/visualjournalism.de\/michael-hauri\/\"><img loading=\"lazy\" decoding=\"async\" width=\"52\" height=\"52\" src=\"https:\/\/visualjournalism.de\/wp-content\/uploads\/Michael-Hauri-thumb-1-52x52.jpg\" class=\"attachment-image-portrait size-image-portrait\" alt=\"\" srcset=\"https:\/\/visualjournalism.de\/wp-content\/uploads\/Michael-Hauri-thumb-1-52x52.jpg 52w, https:\/\/visualjournalism.de\/wp-content\/uploads\/Michael-Hauri-thumb-1-68x68.jpg 68w, https:\/\/visualjournalism.de\/wp-content\/uploads\/Michael-Hauri-thumb-1-96x96.jpg 96w, https:\/\/visualjournalism.de\/wp-content\/uploads\/Michael-Hauri-thumb-1.jpg 100w\" sizes=\"auto, (max-width: 52px) 100vw, 52px\" \/><\/a>                <\/figure>\n                \n            <\/div><!-- .info-item__content -->\n            \n        <\/div><!-- .info-item--full -->\n\n\n        <div class=\"info-item--full\">\n            <p>\n                <span class=\"info-item__headline\">Application and admission procedure<\/span>\n            <\/p>\n            \n            <div class=\"info-item__content\">\n                <p>\n                    <span class=\"info-item__text\"><a href=\"https:\/\/visualjournalism.de\/lars-bauernschmitt\/\">Prof. Lars Bauernschmitt<\/a><\/span>\n                    <span class=\"info-item__text--small\">\n                        <span><a href=\"mailto:lars.bauernschmitt@hs-hannover.de\">E-Mail schreiben<\/a><\/span><span><a href=\"tel:+49 511 9296 2467\">+49 511 9296 2467<\/a><\/span>                    <\/span>\n                <\/p>\n\n                <figure class=\"info-item__image\">\n\n                    <a href=\"https:\/\/visualjournalism.de\/lars-bauernschmitt\/\"><img loading=\"lazy\" decoding=\"async\" width=\"52\" height=\"52\" src=\"https:\/\/visualjournalism.de\/wp-content\/uploads\/prof_lars_bauernschmitt_thumb-1-52x52.jpg\" class=\"attachment-image-portrait size-image-portrait\" alt=\"\" srcset=\"https:\/\/visualjournalism.de\/wp-content\/uploads\/prof_lars_bauernschmitt_thumb-1-52x52.jpg 52w, https:\/\/visualjournalism.de\/wp-content\/uploads\/prof_lars_bauernschmitt_thumb-1.jpg 100w\" sizes=\"auto, (max-width: 52px) 100vw, 52px\" \/><\/a>                <\/figure>\n                \n            <\/div><!-- .info-item__content -->\n            \n        <\/div><!-- .info-item--full -->\n\n \n    <\/div>\n\n\n\n<p class=\"post__paragraph is-style-typo--soehne has-spacing--m has-spacing--default\">Hochschule Hannover<br>Faculty III &#8211; Media, Information and Design<br>Expo Plaza 2<br>D-30539 Hanover<\/p>\n\n\n\n    <div class=\"btn-wrapper has-spacing--m\">\n        <a class=\"btn\" href=\"https:\/\/www.hs-hannover.de\" target=\"_blank\">HS-HANNOVER.DE<\/a>\n    <\/div>\n\n\n<\/div>\n<\/div><\/div>\n","protected":false},"excerpt":{"rendered":"<p>The Galerie f\u00fcr Fotografie in Hannover is currently showing the work &#8220;Echo Echo &#8211; Hannover kolonial&#8221; by alumnus Kai L\u00f6ffelbein. In it, he looks at the colonial legacy in Hannover, and how the stereotypes of that time still shape the city today. Therefore, he photographed, for example, the Zambezi theme world of the city zoo [&hellip;]<\/p>\n","protected":false},"author":3,"featured_media":17385,"comment_status":"closed","ping_status":"closed","sticky":false,"template":"","format":"standard","meta":{"_acf_changed":false,"footnotes":""},"categories":[79,78],"tags":[],"class_list":["post-17411","post","type-post","status-publish","format-standard","has-post-thumbnail","hentry","category-exhibitions","category-news-en"],"acf":[],"yoast_head":"<!-- This site is optimized with the Yoast SEO Premium plugin v27.3 (Yoast SEO v27.3) - https:\/\/yoast.com\/product\/yoast-seo-premium-wordpress\/ -->\n<title>News Kai L\u00f6ffelbein Exhibition &quot;Echo Echo - Hannover kolonial&quot;. &#8211; Visual Journalism and Documentary Photography<\/title>\n<meta name=\"description\" content=\"Hanover and Colonialism. Alumnus Kai L\u00f6ffelbein is exhibiting the work &quot;Echo Echo&quot; work at GAF until April 30.\" \/>\n<meta name=\"robots\" content=\"index, follow, max-snippet:-1, max-image-preview:large, max-video-preview:-1\" \/>\n<link rel=\"canonical\" href=\"https:\/\/visualjournalism.de\/en\/news-en\/kai-loffelbein-exhibition-echo-echo-hannover-kolonial\/\" \/>\n<meta property=\"og:locale\" content=\"en_US\" \/>\n<meta property=\"og:type\" content=\"article\" \/>\n<meta property=\"og:title\" content=\"Kai L\u00f6ffelbein Exhibition &quot;Echo Echo - Hannover kolonial&quot;.\" \/>\n<meta property=\"og:description\" content=\"Hanover and Colonialism. Alumnus Kai L\u00f6ffelbein is exhibiting the work &quot;Echo Echo&quot; work at GAF until April 30.\" \/>\n<meta property=\"og:url\" content=\"https:\/\/visualjournalism.de\/en\/news-en\/kai-loffelbein-exhibition-echo-echo-hannover-kolonial\/\" \/>\n<meta property=\"og:site_name\" content=\"Visual Journalism and Documentary Photography\" \/>\n<meta property=\"article:publisher\" content=\"https:\/\/www.facebook.com\/people\/wwwfotostudentende\/100065173703897\/\" \/>\n<meta property=\"article:published_time\" content=\"2023-04-07T18:35:31+00:00\" \/>\n<meta property=\"article:modified_time\" content=\"2023-04-18T07:28:25+00:00\" \/>\n<meta property=\"og:image\" content=\"https:\/\/visualjournalism.de\/wp-content\/uploads\/Echo_echo_02_c_Loeffelbein_Presse-scaled.jpeg\" \/>\n\t<meta property=\"og:image:width\" content=\"2560\" \/>\n\t<meta property=\"og:image:height\" content=\"1707\" \/>\n\t<meta property=\"og:image:type\" content=\"image\/jpeg\" \/>\n<meta name=\"author\" content=\"Finn Winkler\" \/>\n<meta name=\"twitter:card\" content=\"summary_large_image\" \/>\n<meta name=\"twitter:creator\" content=\"@HsHannover\" \/>\n<meta name=\"twitter:site\" content=\"@HsHannover\" \/>\n<meta name=\"twitter:label1\" content=\"Written by\" \/>\n\t<meta name=\"twitter:data1\" content=\"Finn Winkler\" \/>\n\t<meta name=\"twitter:label2\" content=\"Est. reading time\" \/>\n\t<meta name=\"twitter:data2\" content=\"3 minutes\" \/>\n<script type=\"application\/ld+json\" class=\"yoast-schema-graph\">{\"@context\":\"https:\\\/\\\/schema.org\",\"@graph\":[{\"@type\":\"Article\",\"@id\":\"https:\\\/\\\/visualjournalism.de\\\/en\\\/news-en\\\/kai-loffelbein-exhibition-echo-echo-hannover-kolonial\\\/#article\",\"isPartOf\":{\"@id\":\"https:\\\/\\\/visualjournalism.de\\\/en\\\/news-en\\\/kai-loffelbein-exhibition-echo-echo-hannover-kolonial\\\/\"},\"author\":{\"name\":\"Finn Winkler\",\"@id\":\"https:\\\/\\\/visualjournalism.de\\\/en\\\/#\\\/schema\\\/person\\\/fe76d52976e84c2580e156ad5f413b78\"},\"headline\":\"Kai L\u00f6ffelbein Exhibition &#8220;Echo Echo &#8211; Hannover kolonial&#8221;.\",\"datePublished\":\"2023-04-07T18:35:31+00:00\",\"dateModified\":\"2023-04-18T07:28:25+00:00\",\"mainEntityOfPage\":{\"@id\":\"https:\\\/\\\/visualjournalism.de\\\/en\\\/news-en\\\/kai-loffelbein-exhibition-echo-echo-hannover-kolonial\\\/\"},\"wordCount\":387,\"publisher\":{\"@id\":\"https:\\\/\\\/visualjournalism.de\\\/en\\\/#organization\"},\"image\":{\"@id\":\"https:\\\/\\\/visualjournalism.de\\\/en\\\/news-en\\\/kai-loffelbein-exhibition-echo-echo-hannover-kolonial\\\/#primaryimage\"},\"thumbnailUrl\":\"https:\\\/\\\/visualjournalism.de\\\/wp-content\\\/uploads\\\/Echo_echo_02_c_Loeffelbein_Presse-scaled.jpeg\",\"articleSection\":[\"Exhibitions\",\"News\"],\"inLanguage\":\"en-US\"},{\"@type\":\"WebPage\",\"@id\":\"https:\\\/\\\/visualjournalism.de\\\/en\\\/news-en\\\/kai-loffelbein-exhibition-echo-echo-hannover-kolonial\\\/\",\"url\":\"https:\\\/\\\/visualjournalism.de\\\/en\\\/news-en\\\/kai-loffelbein-exhibition-echo-echo-hannover-kolonial\\\/\",\"name\":\"News Kai L\u00f6ffelbein Exhibition \\\"Echo Echo - Hannover kolonial\\\". &#8211; Visual Journalism and Documentary Photography\",\"isPartOf\":{\"@id\":\"https:\\\/\\\/visualjournalism.de\\\/en\\\/#website\"},\"primaryImageOfPage\":{\"@id\":\"https:\\\/\\\/visualjournalism.de\\\/en\\\/news-en\\\/kai-loffelbein-exhibition-echo-echo-hannover-kolonial\\\/#primaryimage\"},\"image\":{\"@id\":\"https:\\\/\\\/visualjournalism.de\\\/en\\\/news-en\\\/kai-loffelbein-exhibition-echo-echo-hannover-kolonial\\\/#primaryimage\"},\"thumbnailUrl\":\"https:\\\/\\\/visualjournalism.de\\\/wp-content\\\/uploads\\\/Echo_echo_02_c_Loeffelbein_Presse-scaled.jpeg\",\"datePublished\":\"2023-04-07T18:35:31+00:00\",\"dateModified\":\"2023-04-18T07:28:25+00:00\",\"description\":\"Hanover and Colonialism. Alumnus Kai L\u00f6ffelbein is exhibiting the work \\\"Echo Echo\\\" work at GAF until April 30.\",\"breadcrumb\":{\"@id\":\"https:\\\/\\\/visualjournalism.de\\\/en\\\/news-en\\\/kai-loffelbein-exhibition-echo-echo-hannover-kolonial\\\/#breadcrumb\"},\"inLanguage\":\"en-US\",\"potentialAction\":[{\"@type\":\"ReadAction\",\"target\":[\"https:\\\/\\\/visualjournalism.de\\\/en\\\/news-en\\\/kai-loffelbein-exhibition-echo-echo-hannover-kolonial\\\/\"]}]},{\"@type\":\"ImageObject\",\"inLanguage\":\"en-US\",\"@id\":\"https:\\\/\\\/visualjournalism.de\\\/en\\\/news-en\\\/kai-loffelbein-exhibition-echo-echo-hannover-kolonial\\\/#primaryimage\",\"url\":\"https:\\\/\\\/visualjournalism.de\\\/wp-content\\\/uploads\\\/Echo_echo_02_c_Loeffelbein_Presse-scaled.jpeg\",\"contentUrl\":\"https:\\\/\\\/visualjournalism.de\\\/wp-content\\\/uploads\\\/Echo_echo_02_c_Loeffelbein_Presse-scaled.jpeg\",\"width\":2560,\"height\":1707,\"caption\":\"Photo: Kai L\u00f6ffelbein\"},{\"@type\":\"BreadcrumbList\",\"@id\":\"https:\\\/\\\/visualjournalism.de\\\/en\\\/news-en\\\/kai-loffelbein-exhibition-echo-echo-hannover-kolonial\\\/#breadcrumb\",\"itemListElement\":[{\"@type\":\"ListItem\",\"position\":1,\"name\":\"Home\",\"item\":\"https:\\\/\\\/visualjournalism.de\\\/en\\\/\"},{\"@type\":\"ListItem\",\"position\":2,\"name\":\"Kai L\u00f6ffelbein Exhibition &#8220;Echo Echo &#8211; Hannover kolonial&#8221;.\"}]},{\"@type\":\"WebSite\",\"@id\":\"https:\\\/\\\/visualjournalism.de\\\/en\\\/#website\",\"url\":\"https:\\\/\\\/visualjournalism.de\\\/en\\\/\",\"name\":\"Visual Journalism and Documentary Photography\",\"description\":\"All about the bilingual bachelor&#039;s program at Hannover University of Applied Sciences and Arts.\",\"publisher\":{\"@id\":\"https:\\\/\\\/visualjournalism.de\\\/en\\\/#organization\"},\"alternateName\":\"visualjournalism.de\",\"potentialAction\":[{\"@type\":\"SearchAction\",\"target\":{\"@type\":\"EntryPoint\",\"urlTemplate\":\"https:\\\/\\\/visualjournalism.de\\\/en\\\/?s={search_term_string}\"},\"query-input\":{\"@type\":\"PropertyValueSpecification\",\"valueRequired\":true,\"valueName\":\"search_term_string\"}}],\"inLanguage\":\"en-US\"},{\"@type\":\"Organization\",\"@id\":\"https:\\\/\\\/visualjournalism.de\\\/en\\\/#organization\",\"name\":\"Hochschule Hannover \u2013 University of Applied Sciences and Arts\",\"alternateName\":\"HsH\",\"url\":\"https:\\\/\\\/visualjournalism.de\\\/en\\\/\",\"logo\":{\"@type\":\"ImageObject\",\"inLanguage\":\"en-US\",\"@id\":\"https:\\\/\\\/visualjournalism.de\\\/en\\\/#\\\/schema\\\/logo\\\/image\\\/\",\"url\":\"https:\\\/\\\/visualjournalism.de\\\/wp-content\\\/uploads\\\/logo-hochschule-hannover.png\",\"contentUrl\":\"https:\\\/\\\/visualjournalism.de\\\/wp-content\\\/uploads\\\/logo-hochschule-hannover.png\",\"width\":363,\"height\":270,\"caption\":\"Hochschule Hannover \u2013 University of Applied Sciences and Arts\"},\"image\":{\"@id\":\"https:\\\/\\\/visualjournalism.de\\\/en\\\/#\\\/schema\\\/logo\\\/image\\\/\"},\"sameAs\":[\"https:\\\/\\\/www.facebook.com\\\/people\\\/wwwfotostudentende\\\/100065173703897\\\/\",\"https:\\\/\\\/x.com\\\/HsHannover\",\"https:\\\/\\\/www.instagram.com\\\/visualjournalism.de\\\/\"]},{\"@type\":\"Person\",\"@id\":\"https:\\\/\\\/visualjournalism.de\\\/en\\\/#\\\/schema\\\/person\\\/fe76d52976e84c2580e156ad5f413b78\",\"name\":\"Finn Winkler\"}]}<\/script>\n<!-- \/ Yoast SEO Premium plugin. -->","yoast_head_json":{"title":"News Kai L\u00f6ffelbein Exhibition \"Echo Echo - Hannover kolonial\". &#8211; Visual Journalism and Documentary Photography","description":"Hanover and Colonialism. Alumnus Kai L\u00f6ffelbein is exhibiting the work \"Echo Echo\" work at GAF until April 30.","robots":{"index":"index","follow":"follow","max-snippet":"max-snippet:-1","max-image-preview":"max-image-preview:large","max-video-preview":"max-video-preview:-1"},"canonical":"https:\/\/visualjournalism.de\/en\/news-en\/kai-loffelbein-exhibition-echo-echo-hannover-kolonial\/","og_locale":"en_US","og_type":"article","og_title":"Kai L\u00f6ffelbein Exhibition \"Echo Echo - Hannover kolonial\".","og_description":"Hanover and Colonialism. Alumnus Kai L\u00f6ffelbein is exhibiting the work \"Echo Echo\" work at GAF until April 30.","og_url":"https:\/\/visualjournalism.de\/en\/news-en\/kai-loffelbein-exhibition-echo-echo-hannover-kolonial\/","og_site_name":"Visual Journalism and Documentary Photography","article_publisher":"https:\/\/www.facebook.com\/people\/wwwfotostudentende\/100065173703897\/","article_published_time":"2023-04-07T18:35:31+00:00","article_modified_time":"2023-04-18T07:28:25+00:00","og_image":[{"width":2560,"height":1707,"url":"https:\/\/visualjournalism.de\/wp-content\/uploads\/Echo_echo_02_c_Loeffelbein_Presse-scaled.jpeg","type":"image\/jpeg"}],"author":"Finn Winkler","twitter_card":"summary_large_image","twitter_creator":"@HsHannover","twitter_site":"@HsHannover","twitter_misc":{"Written by":"Finn Winkler","Est. reading time":"3 minutes"},"schema":{"@context":"https:\/\/schema.org","@graph":[{"@type":"Article","@id":"https:\/\/visualjournalism.de\/en\/news-en\/kai-loffelbein-exhibition-echo-echo-hannover-kolonial\/#article","isPartOf":{"@id":"https:\/\/visualjournalism.de\/en\/news-en\/kai-loffelbein-exhibition-echo-echo-hannover-kolonial\/"},"author":{"name":"Finn Winkler","@id":"https:\/\/visualjournalism.de\/en\/#\/schema\/person\/fe76d52976e84c2580e156ad5f413b78"},"headline":"Kai L\u00f6ffelbein Exhibition &#8220;Echo Echo &#8211; Hannover kolonial&#8221;.","datePublished":"2023-04-07T18:35:31+00:00","dateModified":"2023-04-18T07:28:25+00:00","mainEntityOfPage":{"@id":"https:\/\/visualjournalism.de\/en\/news-en\/kai-loffelbein-exhibition-echo-echo-hannover-kolonial\/"},"wordCount":387,"publisher":{"@id":"https:\/\/visualjournalism.de\/en\/#organization"},"image":{"@id":"https:\/\/visualjournalism.de\/en\/news-en\/kai-loffelbein-exhibition-echo-echo-hannover-kolonial\/#primaryimage"},"thumbnailUrl":"https:\/\/visualjournalism.de\/wp-content\/uploads\/Echo_echo_02_c_Loeffelbein_Presse-scaled.jpeg","articleSection":["Exhibitions","News"],"inLanguage":"en-US"},{"@type":"WebPage","@id":"https:\/\/visualjournalism.de\/en\/news-en\/kai-loffelbein-exhibition-echo-echo-hannover-kolonial\/","url":"https:\/\/visualjournalism.de\/en\/news-en\/kai-loffelbein-exhibition-echo-echo-hannover-kolonial\/","name":"News Kai L\u00f6ffelbein Exhibition \"Echo Echo - Hannover kolonial\". &#8211; Visual Journalism and Documentary Photography","isPartOf":{"@id":"https:\/\/visualjournalism.de\/en\/#website"},"primaryImageOfPage":{"@id":"https:\/\/visualjournalism.de\/en\/news-en\/kai-loffelbein-exhibition-echo-echo-hannover-kolonial\/#primaryimage"},"image":{"@id":"https:\/\/visualjournalism.de\/en\/news-en\/kai-loffelbein-exhibition-echo-echo-hannover-kolonial\/#primaryimage"},"thumbnailUrl":"https:\/\/visualjournalism.de\/wp-content\/uploads\/Echo_echo_02_c_Loeffelbein_Presse-scaled.jpeg","datePublished":"2023-04-07T18:35:31+00:00","dateModified":"2023-04-18T07:28:25+00:00","description":"Hanover and Colonialism. Alumnus Kai L\u00f6ffelbein is exhibiting the work \"Echo Echo\" work at GAF until April 30.","breadcrumb":{"@id":"https:\/\/visualjournalism.de\/en\/news-en\/kai-loffelbein-exhibition-echo-echo-hannover-kolonial\/#breadcrumb"},"inLanguage":"en-US","potentialAction":[{"@type":"ReadAction","target":["https:\/\/visualjournalism.de\/en\/news-en\/kai-loffelbein-exhibition-echo-echo-hannover-kolonial\/"]}]},{"@type":"ImageObject","inLanguage":"en-US","@id":"https:\/\/visualjournalism.de\/en\/news-en\/kai-loffelbein-exhibition-echo-echo-hannover-kolonial\/#primaryimage","url":"https:\/\/visualjournalism.de\/wp-content\/uploads\/Echo_echo_02_c_Loeffelbein_Presse-scaled.jpeg","contentUrl":"https:\/\/visualjournalism.de\/wp-content\/uploads\/Echo_echo_02_c_Loeffelbein_Presse-scaled.jpeg","width":2560,"height":1707,"caption":"Photo: Kai L\u00f6ffelbein"},{"@type":"BreadcrumbList","@id":"https:\/\/visualjournalism.de\/en\/news-en\/kai-loffelbein-exhibition-echo-echo-hannover-kolonial\/#breadcrumb","itemListElement":[{"@type":"ListItem","position":1,"name":"Home","item":"https:\/\/visualjournalism.de\/en\/"},{"@type":"ListItem","position":2,"name":"Kai L\u00f6ffelbein Exhibition &#8220;Echo Echo &#8211; Hannover kolonial&#8221;."}]},{"@type":"WebSite","@id":"https:\/\/visualjournalism.de\/en\/#website","url":"https:\/\/visualjournalism.de\/en\/","name":"Visual Journalism and Documentary Photography","description":"All about the bilingual bachelor&#039;s program at Hannover University of Applied Sciences and Arts.","publisher":{"@id":"https:\/\/visualjournalism.de\/en\/#organization"},"alternateName":"visualjournalism.de","potentialAction":[{"@type":"SearchAction","target":{"@type":"EntryPoint","urlTemplate":"https:\/\/visualjournalism.de\/en\/?s={search_term_string}"},"query-input":{"@type":"PropertyValueSpecification","valueRequired":true,"valueName":"search_term_string"}}],"inLanguage":"en-US"},{"@type":"Organization","@id":"https:\/\/visualjournalism.de\/en\/#organization","name":"Hochschule Hannover \u2013 University of Applied Sciences and Arts","alternateName":"HsH","url":"https:\/\/visualjournalism.de\/en\/","logo":{"@type":"ImageObject","inLanguage":"en-US","@id":"https:\/\/visualjournalism.de\/en\/#\/schema\/logo\/image\/","url":"https:\/\/visualjournalism.de\/wp-content\/uploads\/logo-hochschule-hannover.png","contentUrl":"https:\/\/visualjournalism.de\/wp-content\/uploads\/logo-hochschule-hannover.png","width":363,"height":270,"caption":"Hochschule Hannover \u2013 University of Applied Sciences and Arts"},"image":{"@id":"https:\/\/visualjournalism.de\/en\/#\/schema\/logo\/image\/"},"sameAs":["https:\/\/www.facebook.com\/people\/wwwfotostudentende\/100065173703897\/","https:\/\/x.com\/HsHannover","https:\/\/www.instagram.com\/visualjournalism.de\/"]},{"@type":"Person","@id":"https:\/\/visualjournalism.de\/en\/#\/schema\/person\/fe76d52976e84c2580e156ad5f413b78","name":"Finn Winkler"}]}},"_links":{"self":[{"href":"https:\/\/visualjournalism.de\/en\/wp-json\/wp\/v2\/posts\/17411","targetHints":{"allow":["GET"]}}],"collection":[{"href":"https:\/\/visualjournalism.de\/en\/wp-json\/wp\/v2\/posts"}],"about":[{"href":"https:\/\/visualjournalism.de\/en\/wp-json\/wp\/v2\/types\/post"}],"author":[{"embeddable":true,"href":"https:\/\/visualjournalism.de\/en\/wp-json\/wp\/v2\/users\/3"}],"replies":[{"embeddable":true,"href":"https:\/\/visualjournalism.de\/en\/wp-json\/wp\/v2\/comments?post=17411"}],"version-history":[{"count":0,"href":"https:\/\/visualjournalism.de\/en\/wp-json\/wp\/v2\/posts\/17411\/revisions"}],"wp:featuredmedia":[{"embeddable":true,"href":"https:\/\/visualjournalism.de\/en\/wp-json\/wp\/v2\/media\/17385"}],"wp:attachment":[{"href":"https:\/\/visualjournalism.de\/en\/wp-json\/wp\/v2\/media?parent=17411"}],"wp:term":[{"taxonomy":"category","embeddable":true,"href":"https:\/\/visualjournalism.de\/en\/wp-json\/wp\/v2\/categories?post=17411"},{"taxonomy":"post_tag","embeddable":true,"href":"https:\/\/visualjournalism.de\/en\/wp-json\/wp\/v2\/tags?post=17411"}],"curies":[{"name":"wp","href":"https:\/\/api.w.org\/{rel}","templated":true}]}}