{"id":40322,"date":"2024-04-04T07:35:05","date_gmt":"2024-04-04T07:35:05","guid":{"rendered":"https:\/\/visualjournalism.de\/?p=40322"},"modified":"2024-05-24T05:30:19","modified_gmt":"2024-05-24T05:30:19","slug":"graduate-daniel-chatard-wins-at-world-press-photo-2024","status":"publish","type":"post","link":"https:\/\/visualjournalism.de\/en\/news-en\/graduate-daniel-chatard-wins-at-world-press-photo-2024\/","title":{"rendered":"Graduate Daniel Chatard wins at World Press Photo 2024"},"content":{"rendered":"\n \n\n    <div id=\"lead-in-block_2f5cdc63652f7edd1a4551eb8f331e78\" class=\"block-lead-in typo--default font-size--xl has-spacing--m width--default\">\n        <h1><strong>Graduate Daniel Chatard wins at World Press Photo 2024.  <\/strong><\/h1>\n<p>The photojournalist documented German coal mining for several years.<\/p>\n<div class=\"entry-meta\">\r\n    <span class=\"posted-on\"><a href=\"https:\/\/visualjournalism.de\/en\/news-en\/graduate-daniel-chatard-wins-at-world-press-photo-2024\/\" rel=\"bookmark\"><time class=\"entry-date published\" datetime=\"2024-04-04T07:35:05+02:00\">04.04.2024<\/time><\/a><\/span><span class=\"byline\">Redaktion: <span class=\"author vcard\"><span class=\"fn n\">Finn Winkler<\/span><\/span><\/span><\/div><!-- .entry-meta -->\r\n    <\/div>\n\n\n\n    <figure class=\"block-photo post__image--wide-left has-spacing--m with-title\">\n\n        <div class=\"post__image__container\">\n            <img loading=\"lazy\" decoding=\"async\" \n                src=\"https:\/\/visualjournalism.de\/wp-content\/uploads\/09Daniel_Chatard-1-1050x840.jpg\"\n                srcset=\"https:\/\/visualjournalism.de\/wp-content\/uploads\/09Daniel_Chatard-1-1050x840.jpg 1050w, https:\/\/visualjournalism.de\/wp-content\/uploads\/09Daniel_Chatard-1-420x336.jpg 420w, https:\/\/visualjournalism.de\/wp-content\/uploads\/09Daniel_Chatard-1-670x536.jpg 670w, https:\/\/visualjournalism.de\/wp-content\/uploads\/09Daniel_Chatard-1-350x280.jpg 350w, https:\/\/visualjournalism.de\/wp-content\/uploads\/09Daniel_Chatard-1-300x240.jpg 300w, https:\/\/visualjournalism.de\/wp-content\/uploads\/09Daniel_Chatard-1-768x614.jpg 768w, https:\/\/visualjournalism.de\/wp-content\/uploads\/09Daniel_Chatard-1-1024x819.jpg 1024w, https:\/\/visualjournalism.de\/wp-content\/uploads\/09Daniel_Chatard-1-1400x1120.jpg 1400w, https:\/\/visualjournalism.de\/wp-content\/uploads\/09Daniel_Chatard-1-700x560.jpg 700w, https:\/\/visualjournalism.de\/wp-content\/uploads\/09Daniel_Chatard-1.jpg 1500w\"\n                width=\"1050\" \n                height=\"840\"\n                alt=\"\" \n            \/>\n            \n                            <span class=\"post__image__title\">Immerath, North Rhine-Westphalia \u00a9 Daniel Chatard<\/span>\n                    <\/div><!-- post__image__container -->\n\n                    <figcaption class=\"post__image__caption--soehne\"><p><strong>To expand the Garzweiler open pit mine<\/strong>, the parish church of St. Lambertus, popularly known as \u201cImmerather Dom\u201d, will be demolished in January 2018.<\/p>\n<\/figcaption>\n        \n    <\/figure><!-- post__image -->\n\n\n\n\n<p class=\"post__paragraph has-spacing--m\"><strong><a href=\"https:\/\/chatard.de\/\">Graduate<\/a> Daniel Chatard<\/strong> was honored at this year&#8217;s World Press Photo Award: With his<a href=\"https:\/\/visualjournalism.de\/en\/magazine\/awarded\/daniel-chatard-coal-mining-germany\/\"> long-term project &#8220;No Man&#8217;s Land&#8221;<\/a>, he won <a href=\"https:\/\/www.worldpressphoto.org\/collection\/photo-contest\/2024\/Daniel-Chatard\/1\">in the &#8220;Long-Term Projects&#8221; category for the Europe region<\/a>. In this <a href=\"https:\/\/visualjournalism.de\/en\/magazine\/guide\/how-to-create-a-powerful-photo-series\/\">photographic essay<\/a>, he has been documenting lignite mining in North Rhine-Westphalia since 2017. Daniel Chatard originally started the project as a student photo project at Hannover University of Applied Sciences and Arts: At the time, a friend had told Daniel that villages were to be destroyed for coal mining. Since then, he has continued to work on it, and a book is now in the works. <a href=\"https:\/\/www.stern.de\/fotografie\/world-press-photo--daniel-chatard-hat-im--niemandsland--fotografiert-34593118.html\">In an interview with Stern magazine, Daniel Chatard recalled<\/a> that one of the things that impressed him most was the determination and resilience of the activists in the forest. &#8220;One of the squatters, nicknamed Clumsy, lived in Hambach Forest for almost five years straight,&#8221; he recalls.  <br><br>According to the World Press Photo website, the jury appreciated the calm visual design of this project. Daniel Chatard&#8217;s work illustrates the local perspective on struggles over the extraction of raw materials that can be observed worldwide. It concludes: &#8220;Among many entries on this subject, this project stood out for its deep and committed reporting.&#8221;<br><br><a href=\"https:\/\/www.kickstarter.com\/projects\/danielchatard\/niemandsland\">To finance the book version of the project, Daniel Chatard has also launched a crowdfunding campaign.<\/a> The book can be pre-ordered there until April 28, 2024 for a price starting at 38 euros. The book project is sponsored by VG Bild-Kunst, Kunststiftung NRW and Landschaftsverband Rheinland and published by &#8220;<a href=\"https:\/\/www.eriskayconnection.com\/\">The Eriskay Connection&#8221; <\/a>.<\/p>\n\n\n \n\n<div class=\"photo-grid grid-layout--3col has-spacing--m\">\n\n            \n\n            <div class=\"photo-grid__image\">\n\n                <figure>\n\n                    <img loading=\"lazy\" decoding=\"async\"  \n                        src=\"https:\/\/visualjournalism.de\/wp-content\/uploads\/Portrait_Daniel-Chatard-768x1023.jpeg\" \n                        srcset=\"https:\/\/visualjournalism.de\/wp-content\/uploads\/Portrait_Daniel-Chatard-768x1023.jpeg 768w, https:\/\/visualjournalism.de\/wp-content\/uploads\/Portrait_Daniel-Chatard-225x300.jpeg 225w, https:\/\/visualjournalism.de\/wp-content\/uploads\/Portrait_Daniel-Chatard-670x893.jpeg 670w, https:\/\/visualjournalism.de\/wp-content\/uploads\/Portrait_Daniel-Chatard-420x560.jpeg 420w, https:\/\/visualjournalism.de\/wp-content\/uploads\/Portrait_Daniel-Chatard-350x466.jpeg 350w, https:\/\/visualjournalism.de\/wp-content\/uploads\/Portrait_Daniel-Chatard-300x400.jpeg 300w, https:\/\/visualjournalism.de\/wp-content\/uploads\/Portrait_Daniel-Chatard-640x853.jpeg 640w, https:\/\/visualjournalism.de\/wp-content\/uploads\/Portrait_Daniel-Chatard-150x200.jpeg 150w, https:\/\/visualjournalism.de\/wp-content\/uploads\/Portrait_Daniel-Chatard.jpeg 800w\" \n                        width=\"768\"  \n                        height=\"1023\" \n                        alt=\"\"  \n                    \/>\n\n                                            <span class=\"photo-grid__image__title\">Photographer Daniel Chatard. Photo: Aliona Kardash<\/span>\n                    \n                    \n                <\/figure>\n\n            <\/div><!-- photo-grid__image -->    \n\n\n            \n\n                    \n                \n\n            <div class=\"photo-grid__image\">\n\n                <figure>\n\n                    <img loading=\"lazy\" decoding=\"async\"  \n                        src=\"https:\/\/visualjournalism.de\/wp-content\/uploads\/11Daniel_Chatard-1-700x560.jpg\" \n                        srcset=\"https:\/\/visualjournalism.de\/wp-content\/uploads\/11Daniel_Chatard-1-700x560.jpg 700w, https:\/\/visualjournalism.de\/wp-content\/uploads\/11Daniel_Chatard-1-420x336.jpg 420w, https:\/\/visualjournalism.de\/wp-content\/uploads\/11Daniel_Chatard-1-1050x840.jpg 1050w, https:\/\/visualjournalism.de\/wp-content\/uploads\/11Daniel_Chatard-1-670x536.jpg 670w, https:\/\/visualjournalism.de\/wp-content\/uploads\/11Daniel_Chatard-1-350x280.jpg 350w, https:\/\/visualjournalism.de\/wp-content\/uploads\/11Daniel_Chatard-1-300x240.jpg 300w, https:\/\/visualjournalism.de\/wp-content\/uploads\/11Daniel_Chatard-1-768x614.jpg 768w, https:\/\/visualjournalism.de\/wp-content\/uploads\/11Daniel_Chatard-1-1024x819.jpg 1024w, https:\/\/visualjournalism.de\/wp-content\/uploads\/11Daniel_Chatard-1-1400x1120.jpg 1400w, https:\/\/visualjournalism.de\/wp-content\/uploads\/11Daniel_Chatard-1.jpg 1500w\" \n                        width=\"700\"  \n                        height=\"560\" \n                        alt=\"\"  \n                    \/>\n\n                                            <span class=\"photo-grid__image__title\">Garzweiler open pit mine, Kerpen \u00a9 Daniel Chatard<\/span>\n                    \n                                            <figcaption class=\"photo-grid__image__caption--soehne\"><p><strong>Several hundred activists<\/strong> entered the Hambach open pit mine during an action by the \u201cEnde Gel\u00e4nde\u201d action alliance in November 2017.<\/p>\n<\/figcaption>\n                    \n                <\/figure>\n\n            <\/div><!-- photo-grid__image -->    \n\n\n            \n\n                    \n                \n\n            <div class=\"photo-grid__image\">\n\n                <figure>\n\n                    <img loading=\"lazy\" decoding=\"async\"  \n                        src=\"https:\/\/visualjournalism.de\/wp-content\/uploads\/15Daniel_Chatard-1-700x560.jpg\" \n                        srcset=\"https:\/\/visualjournalism.de\/wp-content\/uploads\/15Daniel_Chatard-1-700x560.jpg 700w, https:\/\/visualjournalism.de\/wp-content\/uploads\/15Daniel_Chatard-1-420x336.jpg 420w, https:\/\/visualjournalism.de\/wp-content\/uploads\/15Daniel_Chatard-1-1050x840.jpg 1050w, https:\/\/visualjournalism.de\/wp-content\/uploads\/15Daniel_Chatard-1-670x536.jpg 670w, https:\/\/visualjournalism.de\/wp-content\/uploads\/15Daniel_Chatard-1-350x280.jpg 350w, https:\/\/visualjournalism.de\/wp-content\/uploads\/15Daniel_Chatard-1-300x240.jpg 300w, https:\/\/visualjournalism.de\/wp-content\/uploads\/15Daniel_Chatard-1-768x614.jpg 768w, https:\/\/visualjournalism.de\/wp-content\/uploads\/15Daniel_Chatard-1-1024x819.jpg 1024w, https:\/\/visualjournalism.de\/wp-content\/uploads\/15Daniel_Chatard-1-1400x1120.jpg 1400w, https:\/\/visualjournalism.de\/wp-content\/uploads\/15Daniel_Chatard-1.jpg 1500w\" \n                        width=\"700\"  \n                        height=\"560\" \n                        alt=\"\"  \n                    \/>\n\n                                            <span class=\"photo-grid__image__title\">Manheim-neu, Kerpen \u00a9 Daniel Chatard<\/span>\n                    \n                                            <figcaption class=\"photo-grid__image__caption--soehne\"><p><strong>The Manheim-neu<\/strong> resettlement site is located a few kilometres away from Mannheim. The groundbreaking ceremony took place in 2011; today, about 1,000 people live there.<\/p>\n<\/figcaption>\n                    \n                <\/figure>\n\n            <\/div><!-- photo-grid__image -->    \n\n\n            \n\n            \n<\/div>\n\n\n<p class=\"post__paragraph has-spacing--xs\"><strong>Daniel Chatard was born in 1996.<\/strong> From 2015 to 2021, he completed a <a href=\"https:\/\/visualjournalism.de\/en\/magazine\/guide\/study-photography-how-to-find-the-right-university\/\">Bachelor&#8217;s degree at Hanover University of Applied Sciences<\/a> and Arts. During this time, he spent a semester abroad in Siberia and worked as an intern at a Bremen daily newspaper. He then moved on towards a Master&#8217;s degree at the Royal Academy of Art in The Hague. Daniel&#8217;s work has already won awards at the German Youth Photo Prize and the German Photo Book Prize. His pictures were exhibited at the FOTODOKS Festival in Munich and the Noorderlicht Festival in the Netherlands, among others. Daniel Chatard was also a finalist for the Leica Oskar Barnack Award and was nominated for the Prix Pictet. He works for the ZEIT, Den Spiegel, and the Washington Post, among others.  <br><br>With Daniel Chatard, this is the third year in a row where a student from Hannover has been honored with the World Press Photo Award. <a href=\"https:\/\/visualjournalism.de\/en\/news-en\/jonas-kako-world-press-photo\/\">Last year, Jonas Kako was named &#8220;Regional Winner&#8221; in the &#8220;Singles&#8221; category for North and Central America<\/a>. <a href=\"https:\/\/visualjournalism.de\/news\/auszeichnungen\/weltklasse-nanna-heitmann-bei-world-press-photo-ausgezeichnet\/\">Nanna Heitmann won in the European &#8220;Story<\/a><a href=\"https:\/\/visualjournalism.de\/en\/news-en\/jonas-kako-world-press-photo\/\">&#8220;<\/a>category in <a href=\"https:\/\/visualjournalism.de\/news\/auszeichnungen\/weltklasse-nanna-heitmann-bei-world-press-photo-ausgezeichnet\/\">2022 <\/a>. In previous years, <a href=\"https:\/\/jescodenzel.com\/\">Jesco Denzel<\/a> and <a href=\"https:\/\/www.worldpressphoto.org\/heba-khamis-(1)\">Heba Khamis<\/a> were among the winners. The latter even received two awards.<br><\/p>\n\n\n\n<div class=\"wp-block-group has-spacing--none\">\n<div class=\"devider has-spacing--none\">\n    <hr>\n<\/div>\n\n\n    <nav id=\"section-navigation-block_0c0971228633ff0bbd54e292bf8c16be\" class=\"section-navigation has-spacing--m\">\n        <ul>\n\n                \n                    <li>This might also interest you:<\/li>\n                \n            \n            \n                        \n                        \n\n            \n\n        <\/ul>\n        \n    <\/nav>\n\n\n\n<div class=\"four-columns-teaser has-spacing--m\">\n\n    \r\n<article class=\"post-teaser post-65184 post type-post status-publish format-standard has-post-thumbnail hentry category-events category-news-en\">\r\n\t<header class=\"entry-header\">\r\n\r\n\t\t<div class=\"entry-categories\">\n\t<a class=\"post__tag\" href=\"https:\/\/visualjournalism.de\/en\/news-en\/events\/\" rel=\"category tag\">Events<\/a><\/div>\r\n\t\t<a href=\"https:\/\/visualjournalism.de\/en\/news-en\/events\/experience-visual-journalism-live-discover-which-media-study-program-suits-you-best\/\" rel=\"bookmark\">\r\n\t\t\t<h2 class=\"entry-title\">Experience visual journalism live: Discover which media degree program is right for you.<\/h2>\r\n\t\t\t<p class=\"entry-excerpt\">The Media_Special on November 11, 2025 will showcase the media degree programs at the University of Applied Sciences and Arts Hannover. Workshops, talks and lectures provide insights and help with the choice of course. <\/p>\r\n\t\t<\/a>\r\n\r\n\t<\/header><!-- .entry-header -->\r\n\r\n\t<figure class=\"post__image\">\r\n\t\t<a href=\"https:\/\/visualjournalism.de\/en\/news-en\/events\/experience-visual-journalism-live-discover-which-media-study-program-suits-you-best\/\" rel=\"bookmark\">\r\n\t\t\t<img loading=\"lazy\" decoding=\"async\" width=\"350\" height=\"233\" src=\"https:\/\/visualjournalism.de\/wp-content\/uploads\/rosty_foto-12-350x233.jpg\" class=\"attachment-post-image--two-column--small size-post-image--two-column--small\" alt=\"\" srcset=\"https:\/\/visualjournalism.de\/wp-content\/uploads\/rosty_foto-12-350x233.jpg 350w, https:\/\/visualjournalism.de\/wp-content\/uploads\/rosty_foto-12-300x200.jpg 300w, https:\/\/visualjournalism.de\/wp-content\/uploads\/rosty_foto-12-1024x683.jpg 1024w, https:\/\/visualjournalism.de\/wp-content\/uploads\/rosty_foto-12-768x512.jpg 768w, https:\/\/visualjournalism.de\/wp-content\/uploads\/rosty_foto-12-1536x1024.jpg 1536w, https:\/\/visualjournalism.de\/wp-content\/uploads\/rosty_foto-12-1400x933.jpg 1400w, https:\/\/visualjournalism.de\/wp-content\/uploads\/rosty_foto-12-1050x700.jpg 1050w, https:\/\/visualjournalism.de\/wp-content\/uploads\/rosty_foto-12-670x447.jpg 670w, https:\/\/visualjournalism.de\/wp-content\/uploads\/rosty_foto-12-420x280.jpg 420w, https:\/\/visualjournalism.de\/wp-content\/uploads\/rosty_foto-12.jpg 1920w\" sizes=\"auto, (max-width: 350px) 100vw, 350px\" \/>\t\t<\/a>\r\n\t<\/figure><!-- .post__image -->\r\n\r\n<\/article>\r\n\r\n<article class=\"post-teaser post-14985 post type-post status-publish format-standard has-post-thumbnail hentry category-application category-news-en\">\r\n\t<header class=\"entry-header\">\r\n\r\n\t\t<div class=\"entry-categories\">\n\t<a class=\"post__tag\" href=\"https:\/\/visualjournalism.de\/en\/news-en\/application\/\" rel=\"category tag\">Application<\/a><\/div>\r\n\t\t<a href=\"https:\/\/visualjournalism.de\/en\/news-en\/application\/apply-now\/\" rel=\"bookmark\">\r\n\t\t\t<h2 class=\"entry-title\">Get ready to launch your journalistic career!<\/h2>\r\n\t\t\t<p class=\"entry-excerpt\">Make sure you&#8217;re on track for the winter semester.<\/p>\r\n\t\t<\/a>\r\n\r\n\t<\/header><!-- .entry-header -->\r\n\r\n\t<figure class=\"post__image\">\r\n\t\t<a href=\"https:\/\/visualjournalism.de\/en\/news-en\/application\/apply-now\/\" rel=\"bookmark\">\r\n\t\t\t\n<div class=\"splide\">\n    <div class=\"splide__track\">\n\n        <div class=\"splide__list\">\n\n                    \n\n                    <div class=\"splide__slide\">\n\n                        <img loading=\"lazy\" decoding=\"async\"  \n                            src=\"https:\/\/visualjournalism.de\/wp-content\/uploads\/rosty_foto-20-350x233.jpg\" \n                            srcset=\"https:\/\/visualjournalism.de\/wp-content\/uploads\/rosty_foto-20-350x233.jpg 350w, https:\/\/visualjournalism.de\/wp-content\/uploads\/rosty_foto-20-300x200.jpg 300w, https:\/\/visualjournalism.de\/wp-content\/uploads\/rosty_foto-20-1024x683.jpg 1024w, https:\/\/visualjournalism.de\/wp-content\/uploads\/rosty_foto-20-768x512.jpg 768w, https:\/\/visualjournalism.de\/wp-content\/uploads\/rosty_foto-20-1536x1024.jpg 1536w, https:\/\/visualjournalism.de\/wp-content\/uploads\/rosty_foto-20-1400x933.jpg 1400w, https:\/\/visualjournalism.de\/wp-content\/uploads\/rosty_foto-20-1050x700.jpg 1050w, https:\/\/visualjournalism.de\/wp-content\/uploads\/rosty_foto-20-670x447.jpg 670w, https:\/\/visualjournalism.de\/wp-content\/uploads\/rosty_foto-20-420x280.jpg 420w, https:\/\/visualjournalism.de\/wp-content\/uploads\/rosty_foto-20.jpg 1920w\" \n                            width=\"350\"  \n                            height=\"233\" \n                            alt=\"\"  \n                        \/>\n\n                    <\/div>\n                \n                        \n\n                    <div class=\"splide__slide\">\n\n                        <img loading=\"lazy\" decoding=\"async\"  \n                            src=\"https:\/\/visualjournalism.de\/wp-content\/uploads\/2026\/02\/IMG_0694-2-350x263.jpg\" \n                            srcset=\"https:\/\/visualjournalism.de\/wp-content\/uploads\/2026\/02\/IMG_0694-2-350x263.jpg 350w, https:\/\/visualjournalism.de\/wp-content\/uploads\/2026\/02\/IMG_0694-2-300x225.jpg 300w, https:\/\/visualjournalism.de\/wp-content\/uploads\/2026\/02\/IMG_0694-2-1024x768.jpg 1024w, https:\/\/visualjournalism.de\/wp-content\/uploads\/2026\/02\/IMG_0694-2-768x576.jpg 768w, https:\/\/visualjournalism.de\/wp-content\/uploads\/2026\/02\/IMG_0694-2-1536x1152.jpg 1536w, https:\/\/visualjournalism.de\/wp-content\/uploads\/2026\/02\/IMG_0694-2-2048x1536.jpg 2048w, https:\/\/visualjournalism.de\/wp-content\/uploads\/2026\/02\/IMG_0694-2-1920x1440.jpg 1920w, https:\/\/visualjournalism.de\/wp-content\/uploads\/2026\/02\/IMG_0694-2-1400x1050.jpg 1400w, https:\/\/visualjournalism.de\/wp-content\/uploads\/2026\/02\/IMG_0694-2-1050x788.jpg 1050w, https:\/\/visualjournalism.de\/wp-content\/uploads\/2026\/02\/IMG_0694-2-670x503.jpg 670w, https:\/\/visualjournalism.de\/wp-content\/uploads\/2026\/02\/IMG_0694-2-420x315.jpg 420w, https:\/\/visualjournalism.de\/wp-content\/uploads\/2026\/02\/IMG_0694-2-150x113.jpg 150w\" \n                            width=\"350\"  \n                            height=\"263\" \n                            alt=\"\"  \n                        \/>\n\n                    <\/div>\n                \n                        \n\n                    <div class=\"splide__slide\">\n\n                        <img loading=\"lazy\" decoding=\"async\"  \n                            src=\"https:\/\/visualjournalism.de\/wp-content\/uploads\/1mg6251-1500x1000-1-350x233.jpg\" \n                            srcset=\"https:\/\/visualjournalism.de\/wp-content\/uploads\/1mg6251-1500x1000-1-350x233.jpg 350w, https:\/\/visualjournalism.de\/wp-content\/uploads\/1mg6251-1500x1000-1-300x200.jpg 300w, https:\/\/visualjournalism.de\/wp-content\/uploads\/1mg6251-1500x1000-1-1024x683.jpg 1024w, https:\/\/visualjournalism.de\/wp-content\/uploads\/1mg6251-1500x1000-1-768x512.jpg 768w, https:\/\/visualjournalism.de\/wp-content\/uploads\/1mg6251-1500x1000-1-1400x933.jpg 1400w, https:\/\/visualjournalism.de\/wp-content\/uploads\/1mg6251-1500x1000-1-1050x700.jpg 1050w, https:\/\/visualjournalism.de\/wp-content\/uploads\/1mg6251-1500x1000-1-670x447.jpg 670w, https:\/\/visualjournalism.de\/wp-content\/uploads\/1mg6251-1500x1000-1-420x280.jpg 420w, https:\/\/visualjournalism.de\/wp-content\/uploads\/1mg6251-1500x1000-1-150x100.jpg 150w, https:\/\/visualjournalism.de\/wp-content\/uploads\/1mg6251-1500x1000-1.jpg 1500w\" \n                            width=\"350\"  \n                            height=\"233\" \n                            alt=\"\"  \n                        \/>\n\n                    <\/div>\n                \n                        \n\n                    <div class=\"splide__slide\">\n\n                        <img loading=\"lazy\" decoding=\"async\"  \n                            src=\"https:\/\/visualjournalism.de\/wp-content\/uploads\/rosty_foto-17-350x233.jpg\" \n                            srcset=\"https:\/\/visualjournalism.de\/wp-content\/uploads\/rosty_foto-17-350x233.jpg 350w, https:\/\/visualjournalism.de\/wp-content\/uploads\/rosty_foto-17-300x200.jpg 300w, https:\/\/visualjournalism.de\/wp-content\/uploads\/rosty_foto-17-1024x683.jpg 1024w, https:\/\/visualjournalism.de\/wp-content\/uploads\/rosty_foto-17-768x512.jpg 768w, https:\/\/visualjournalism.de\/wp-content\/uploads\/rosty_foto-17-1536x1024.jpg 1536w, https:\/\/visualjournalism.de\/wp-content\/uploads\/rosty_foto-17-1400x933.jpg 1400w, https:\/\/visualjournalism.de\/wp-content\/uploads\/rosty_foto-17-1050x700.jpg 1050w, https:\/\/visualjournalism.de\/wp-content\/uploads\/rosty_foto-17-670x447.jpg 670w, https:\/\/visualjournalism.de\/wp-content\/uploads\/rosty_foto-17-420x280.jpg 420w, https:\/\/visualjournalism.de\/wp-content\/uploads\/rosty_foto-17.jpg 1920w\" \n                            width=\"350\"  \n                            height=\"233\" \n                            alt=\"\"  \n                        \/>\n\n                    <\/div>\n                \n                        \n\n                    <div class=\"splide__slide\">\n\n                        <img loading=\"lazy\" decoding=\"async\"  \n                            src=\"https:\/\/visualjournalism.de\/wp-content\/uploads\/20250924EE_11-350x233.jpg\" \n                            srcset=\"https:\/\/visualjournalism.de\/wp-content\/uploads\/20250924EE_11-350x233.jpg 350w, https:\/\/visualjournalism.de\/wp-content\/uploads\/20250924EE_11-300x200.jpg 300w, https:\/\/visualjournalism.de\/wp-content\/uploads\/20250924EE_11-1024x683.jpg 1024w, https:\/\/visualjournalism.de\/wp-content\/uploads\/20250924EE_11-768x512.jpg 768w, https:\/\/visualjournalism.de\/wp-content\/uploads\/20250924EE_11-1536x1024.jpg 1536w, https:\/\/visualjournalism.de\/wp-content\/uploads\/20250924EE_11-2048x1365.jpg 2048w, https:\/\/visualjournalism.de\/wp-content\/uploads\/20250924EE_11-1920x1280.jpg 1920w, https:\/\/visualjournalism.de\/wp-content\/uploads\/20250924EE_11-1400x933.jpg 1400w, https:\/\/visualjournalism.de\/wp-content\/uploads\/20250924EE_11-1050x700.jpg 1050w, https:\/\/visualjournalism.de\/wp-content\/uploads\/20250924EE_11-670x447.jpg 670w, https:\/\/visualjournalism.de\/wp-content\/uploads\/20250924EE_11-420x280.jpg 420w\" \n                            width=\"350\"  \n                            height=\"233\" \n                            alt=\"\"  \n                        \/>\n\n                    <\/div>\n                \n                        \n\n                    <div class=\"splide__slide\">\n\n                        <img loading=\"lazy\" decoding=\"async\"  \n                            src=\"https:\/\/visualjournalism.de\/wp-content\/uploads\/2026\/02\/IMG_0665-2-350x263.jpg\" \n                            srcset=\"https:\/\/visualjournalism.de\/wp-content\/uploads\/2026\/02\/IMG_0665-2-350x263.jpg 350w, https:\/\/visualjournalism.de\/wp-content\/uploads\/2026\/02\/IMG_0665-2-300x225.jpg 300w, https:\/\/visualjournalism.de\/wp-content\/uploads\/2026\/02\/IMG_0665-2-1024x768.jpg 1024w, https:\/\/visualjournalism.de\/wp-content\/uploads\/2026\/02\/IMG_0665-2-768x576.jpg 768w, https:\/\/visualjournalism.de\/wp-content\/uploads\/2026\/02\/IMG_0665-2-1536x1152.jpg 1536w, https:\/\/visualjournalism.de\/wp-content\/uploads\/2026\/02\/IMG_0665-2-2048x1536.jpg 2048w, https:\/\/visualjournalism.de\/wp-content\/uploads\/2026\/02\/IMG_0665-2-1920x1440.jpg 1920w, https:\/\/visualjournalism.de\/wp-content\/uploads\/2026\/02\/IMG_0665-2-1400x1050.jpg 1400w, https:\/\/visualjournalism.de\/wp-content\/uploads\/2026\/02\/IMG_0665-2-1050x788.jpg 1050w, https:\/\/visualjournalism.de\/wp-content\/uploads\/2026\/02\/IMG_0665-2-670x503.jpg 670w, https:\/\/visualjournalism.de\/wp-content\/uploads\/2026\/02\/IMG_0665-2-420x315.jpg 420w, https:\/\/visualjournalism.de\/wp-content\/uploads\/2026\/02\/IMG_0665-2-150x113.jpg 150w\" \n                            width=\"350\"  \n                            height=\"263\" \n                            alt=\"\"  \n                        \/>\n\n                    <\/div>\n                \n                        \n\n                    <div class=\"splide__slide\">\n\n                        <img loading=\"lazy\" decoding=\"async\"  \n                            src=\"https:\/\/visualjournalism.de\/wp-content\/uploads\/Erstsemester_Begruessung-17-350x233.jpg\" \n                            srcset=\"https:\/\/visualjournalism.de\/wp-content\/uploads\/Erstsemester_Begruessung-17-350x233.jpg 350w, https:\/\/visualjournalism.de\/wp-content\/uploads\/Erstsemester_Begruessung-17-300x200.jpg 300w, https:\/\/visualjournalism.de\/wp-content\/uploads\/Erstsemester_Begruessung-17-1024x683.jpg 1024w, https:\/\/visualjournalism.de\/wp-content\/uploads\/Erstsemester_Begruessung-17-768x512.jpg 768w, https:\/\/visualjournalism.de\/wp-content\/uploads\/Erstsemester_Begruessung-17-1536x1024.jpg 1536w, https:\/\/visualjournalism.de\/wp-content\/uploads\/Erstsemester_Begruessung-17-2048x1365.jpg 2048w, https:\/\/visualjournalism.de\/wp-content\/uploads\/Erstsemester_Begruessung-17-1920x1280.jpg 1920w, https:\/\/visualjournalism.de\/wp-content\/uploads\/Erstsemester_Begruessung-17-1400x933.jpg 1400w, https:\/\/visualjournalism.de\/wp-content\/uploads\/Erstsemester_Begruessung-17-1050x700.jpg 1050w, https:\/\/visualjournalism.de\/wp-content\/uploads\/Erstsemester_Begruessung-17-670x447.jpg 670w, https:\/\/visualjournalism.de\/wp-content\/uploads\/Erstsemester_Begruessung-17-420x280.jpg 420w\" \n                            width=\"350\"  \n                            height=\"233\" \n                            alt=\"\"  \n                        \/>\n\n                    <\/div>\n                \n                        \n\n                    <div class=\"splide__slide\">\n\n                        <img loading=\"lazy\" decoding=\"async\"  \n                            src=\"https:\/\/visualjournalism.de\/wp-content\/uploads\/rosty_foto-12-350x233.jpg\" \n                            srcset=\"https:\/\/visualjournalism.de\/wp-content\/uploads\/rosty_foto-12-350x233.jpg 350w, https:\/\/visualjournalism.de\/wp-content\/uploads\/rosty_foto-12-300x200.jpg 300w, https:\/\/visualjournalism.de\/wp-content\/uploads\/rosty_foto-12-1024x683.jpg 1024w, https:\/\/visualjournalism.de\/wp-content\/uploads\/rosty_foto-12-768x512.jpg 768w, https:\/\/visualjournalism.de\/wp-content\/uploads\/rosty_foto-12-1536x1024.jpg 1536w, https:\/\/visualjournalism.de\/wp-content\/uploads\/rosty_foto-12-1400x933.jpg 1400w, https:\/\/visualjournalism.de\/wp-content\/uploads\/rosty_foto-12-1050x700.jpg 1050w, https:\/\/visualjournalism.de\/wp-content\/uploads\/rosty_foto-12-670x447.jpg 670w, https:\/\/visualjournalism.de\/wp-content\/uploads\/rosty_foto-12-420x280.jpg 420w, https:\/\/visualjournalism.de\/wp-content\/uploads\/rosty_foto-12.jpg 1920w\" \n                            width=\"350\"  \n                            height=\"233\" \n                            alt=\"\"  \n                        \/>\n\n                    <\/div>\n                \n                \n        <\/div> <!-- .splide__list -->\n\n    <\/div><!-- slide__track -->\n<\/div>\t\t<\/a>\r\n\t<\/figure><!-- .post__image -->\r\n\r\n<\/article>\r\n\r\n<article class=\"post-teaser post-64654 post type-post status-publish format-standard has-post-thumbnail hentry category-awards category-news-en\">\r\n\t<header class=\"entry-header\">\r\n\r\n\t\t<div class=\"entry-categories\">\n\t<a class=\"post__tag\" href=\"https:\/\/visualjournalism.de\/en\/news-en\/awards\/\" rel=\"category tag\">Awards<\/a><\/div>\r\n\t\t<a href=\"https:\/\/visualjournalism.de\/en\/news-en\/awards\/julius-schien-wins-the-vgh-photo-prize-2025\/\" rel=\"bookmark\">\r\n\t\t\t<h2 class=\"entry-title\">With a photo series on right-wing violence:<\/h2>\r\n\t\t\t<p class=\"entry-excerpt\">Julius Schien wins the VGH Photo Prize 2025<\/p>\r\n\t\t<\/a>\r\n\r\n\t<\/header><!-- .entry-header -->\r\n\r\n\t<figure class=\"post__image\">\r\n\t\t<a href=\"https:\/\/visualjournalism.de\/en\/news-en\/awards\/julius-schien-wins-the-vgh-photo-prize-2025\/\" rel=\"bookmark\">\r\n\t\t\t<img loading=\"lazy\" decoding=\"async\" width=\"350\" height=\"280\" src=\"https:\/\/visualjournalism.de\/wp-content\/uploads\/VGH-Fotopreis2025-Rechtes-Land_1993-01-15_Arnstadt_Karl-Sidon_CJulius-Schien-350x280.jpg\" class=\"attachment-post-image--two-column--small size-post-image--two-column--small\" alt=\"\" srcset=\"https:\/\/visualjournalism.de\/wp-content\/uploads\/VGH-Fotopreis2025-Rechtes-Land_1993-01-15_Arnstadt_Karl-Sidon_CJulius-Schien-350x280.jpg 350w, https:\/\/visualjournalism.de\/wp-content\/uploads\/VGH-Fotopreis2025-Rechtes-Land_1993-01-15_Arnstadt_Karl-Sidon_CJulius-Schien-300x240.jpg 300w, https:\/\/visualjournalism.de\/wp-content\/uploads\/VGH-Fotopreis2025-Rechtes-Land_1993-01-15_Arnstadt_Karl-Sidon_CJulius-Schien-1024x819.jpg 1024w, https:\/\/visualjournalism.de\/wp-content\/uploads\/VGH-Fotopreis2025-Rechtes-Land_1993-01-15_Arnstadt_Karl-Sidon_CJulius-Schien-768x615.jpg 768w, https:\/\/visualjournalism.de\/wp-content\/uploads\/VGH-Fotopreis2025-Rechtes-Land_1993-01-15_Arnstadt_Karl-Sidon_CJulius-Schien-1536x1229.jpg 1536w, https:\/\/visualjournalism.de\/wp-content\/uploads\/VGH-Fotopreis2025-Rechtes-Land_1993-01-15_Arnstadt_Karl-Sidon_CJulius-Schien-2048x1639.jpg 2048w, https:\/\/visualjournalism.de\/wp-content\/uploads\/VGH-Fotopreis2025-Rechtes-Land_1993-01-15_Arnstadt_Karl-Sidon_CJulius-Schien-1920x1536.jpg 1920w, https:\/\/visualjournalism.de\/wp-content\/uploads\/VGH-Fotopreis2025-Rechtes-Land_1993-01-15_Arnstadt_Karl-Sidon_CJulius-Schien-1400x1120.jpg 1400w, https:\/\/visualjournalism.de\/wp-content\/uploads\/VGH-Fotopreis2025-Rechtes-Land_1993-01-15_Arnstadt_Karl-Sidon_CJulius-Schien-1050x840.jpg 1050w, https:\/\/visualjournalism.de\/wp-content\/uploads\/VGH-Fotopreis2025-Rechtes-Land_1993-01-15_Arnstadt_Karl-Sidon_CJulius-Schien-670x536.jpg 670w, https:\/\/visualjournalism.de\/wp-content\/uploads\/VGH-Fotopreis2025-Rechtes-Land_1993-01-15_Arnstadt_Karl-Sidon_CJulius-Schien-420x336.jpg 420w\" sizes=\"auto, (max-width: 350px) 100vw, 350px\" \/>\t\t<\/a>\r\n\t<\/figure><!-- .post__image -->\r\n\r\n<\/article>\r\n\r\n<article class=\"post-teaser post-64668 post type-post status-publish format-standard has-post-thumbnail hentry category-current category-news-en\">\r\n\t<header class=\"entry-header\">\r\n\r\n\t\t<div class=\"entry-categories\">\n\t<a class=\"post__tag\" href=\"https:\/\/visualjournalism.de\/en\/news-en\/\" rel=\"category tag\">News<\/a><\/div>\r\n\t\t<a href=\"https:\/\/visualjournalism.de\/en\/news-en\/a-huge-playground-starting-studies-in-hannover\/\" rel=\"bookmark\">\r\n\t\t\t<h2 class=\"entry-title\">&#8220;A huge playground&#8221;.<\/h2>\r\n\t\t\t<p class=\"entry-excerpt\">The first semester students experience the start as open, diverse and inspiring.<\/p>\r\n\t\t<\/a>\r\n\r\n\t<\/header><!-- .entry-header -->\r\n\r\n\t<figure class=\"post__image\">\r\n\t\t<a href=\"https:\/\/visualjournalism.de\/en\/news-en\/a-huge-playground-starting-studies-in-hannover\/\" rel=\"bookmark\">\r\n\t\t\t\n<div class=\"splide\">\n    <div class=\"splide__track\">\n\n        <div class=\"splide__list\">\n\n                    \n\n                    <div class=\"splide__slide\">\n\n                        <img loading=\"lazy\" decoding=\"async\"  \n                            src=\"https:\/\/visualjournalism.de\/wp-content\/uploads\/Erstsemester_Begruessung-17-350x233.jpg\" \n                            srcset=\"https:\/\/visualjournalism.de\/wp-content\/uploads\/Erstsemester_Begruessung-17-350x233.jpg 350w, https:\/\/visualjournalism.de\/wp-content\/uploads\/Erstsemester_Begruessung-17-300x200.jpg 300w, https:\/\/visualjournalism.de\/wp-content\/uploads\/Erstsemester_Begruessung-17-1024x683.jpg 1024w, https:\/\/visualjournalism.de\/wp-content\/uploads\/Erstsemester_Begruessung-17-768x512.jpg 768w, https:\/\/visualjournalism.de\/wp-content\/uploads\/Erstsemester_Begruessung-17-1536x1024.jpg 1536w, https:\/\/visualjournalism.de\/wp-content\/uploads\/Erstsemester_Begruessung-17-2048x1365.jpg 2048w, https:\/\/visualjournalism.de\/wp-content\/uploads\/Erstsemester_Begruessung-17-1920x1280.jpg 1920w, https:\/\/visualjournalism.de\/wp-content\/uploads\/Erstsemester_Begruessung-17-1400x933.jpg 1400w, https:\/\/visualjournalism.de\/wp-content\/uploads\/Erstsemester_Begruessung-17-1050x700.jpg 1050w, https:\/\/visualjournalism.de\/wp-content\/uploads\/Erstsemester_Begruessung-17-670x447.jpg 670w, https:\/\/visualjournalism.de\/wp-content\/uploads\/Erstsemester_Begruessung-17-420x280.jpg 420w\" \n                            width=\"350\"  \n                            height=\"233\" \n                            alt=\"\"  \n                        \/>\n\n                    <\/div>\n                \n                        \n\n                    <div class=\"splide__slide\">\n\n                        <img loading=\"lazy\" decoding=\"async\"  \n                            src=\"https:\/\/visualjournalism.de\/wp-content\/uploads\/Erstsemester_Begruessung-7-350x233.jpg\" \n                            srcset=\"https:\/\/visualjournalism.de\/wp-content\/uploads\/Erstsemester_Begruessung-7-350x233.jpg 350w, https:\/\/visualjournalism.de\/wp-content\/uploads\/Erstsemester_Begruessung-7-300x200.jpg 300w, https:\/\/visualjournalism.de\/wp-content\/uploads\/Erstsemester_Begruessung-7-1024x683.jpg 1024w, https:\/\/visualjournalism.de\/wp-content\/uploads\/Erstsemester_Begruessung-7-768x512.jpg 768w, https:\/\/visualjournalism.de\/wp-content\/uploads\/Erstsemester_Begruessung-7-1536x1024.jpg 1536w, https:\/\/visualjournalism.de\/wp-content\/uploads\/Erstsemester_Begruessung-7-2048x1365.jpg 2048w, https:\/\/visualjournalism.de\/wp-content\/uploads\/Erstsemester_Begruessung-7-1920x1280.jpg 1920w, https:\/\/visualjournalism.de\/wp-content\/uploads\/Erstsemester_Begruessung-7-1400x933.jpg 1400w, https:\/\/visualjournalism.de\/wp-content\/uploads\/Erstsemester_Begruessung-7-1050x700.jpg 1050w, https:\/\/visualjournalism.de\/wp-content\/uploads\/Erstsemester_Begruessung-7-670x447.jpg 670w, https:\/\/visualjournalism.de\/wp-content\/uploads\/Erstsemester_Begruessung-7-420x280.jpg 420w\" \n                            width=\"350\"  \n                            height=\"233\" \n                            alt=\"\"  \n                        \/>\n\n                    <\/div>\n                \n                        \n\n                    <div class=\"splide__slide\">\n\n                        <img loading=\"lazy\" decoding=\"async\"  \n                            src=\"https:\/\/visualjournalism.de\/wp-content\/uploads\/Erstsemester_Begruessung-21-350x233.jpg\" \n                            srcset=\"https:\/\/visualjournalism.de\/wp-content\/uploads\/Erstsemester_Begruessung-21-350x233.jpg 350w, https:\/\/visualjournalism.de\/wp-content\/uploads\/Erstsemester_Begruessung-21-300x200.jpg 300w, https:\/\/visualjournalism.de\/wp-content\/uploads\/Erstsemester_Begruessung-21-1024x683.jpg 1024w, https:\/\/visualjournalism.de\/wp-content\/uploads\/Erstsemester_Begruessung-21-768x512.jpg 768w, https:\/\/visualjournalism.de\/wp-content\/uploads\/Erstsemester_Begruessung-21-1536x1024.jpg 1536w, https:\/\/visualjournalism.de\/wp-content\/uploads\/Erstsemester_Begruessung-21-2048x1365.jpg 2048w, https:\/\/visualjournalism.de\/wp-content\/uploads\/Erstsemester_Begruessung-21-1920x1280.jpg 1920w, https:\/\/visualjournalism.de\/wp-content\/uploads\/Erstsemester_Begruessung-21-1400x933.jpg 1400w, https:\/\/visualjournalism.de\/wp-content\/uploads\/Erstsemester_Begruessung-21-1050x700.jpg 1050w, https:\/\/visualjournalism.de\/wp-content\/uploads\/Erstsemester_Begruessung-21-670x447.jpg 670w, https:\/\/visualjournalism.de\/wp-content\/uploads\/Erstsemester_Begruessung-21-420x280.jpg 420w\" \n                            width=\"350\"  \n                            height=\"233\" \n                            alt=\"\"  \n                        \/>\n\n                    <\/div>\n                \n                \n        <\/div> <!-- .splide__list -->\n\n    <\/div><!-- slide__track -->\n<\/div>\t\t<\/a>\r\n\t<\/figure><!-- .post__image -->\r\n\r\n<\/article>\r\n\n<\/div><!-- .2-columns-teaser-->\n\n    \n\n\n<div class=\"wp-block-group has-spacing--default has-spacing--default\">\n<div class=\"devider has-spacing--none\">\n    <hr>\n<\/div>\n\n\n \n\n    <div id=\"lead-in-block_e0b507af10fa6dcc3a0de8b61954fc4a\" class=\"block-lead-in typo--default font-size--xl has-spacing--s width--default\">\n        <p><strong>Empfehlungen der Redaktion:<\/strong><\/p>\n    <\/div>\n\n\n\n\r\n\r\n\r\n\n\n\r\n\r\n\r\n\r\n        <div class=\"teaser-grid grid-layout--3col has-spacing--s width--inline\">\r\n\r\n            \r\n                <article class=\"post-teaser\">\r\n\r\n                    <a href=\"https:\/\/visualjournalism.de\/en\/magazine\/ratgeber\/organisieren-in-lightroom-classic\/\" rel=\"permalink\">\r\n\r\n                        <div class=\"post-teaser__content\">\r\n\r\n                            <span class=\"entry-categories\">Ratgeber<\/span>\r\n                            <h3 class=\"post-teaser__headline\">\r\n                                Organisieren in Lightroom Classic leicht gemacht.                            <\/h3>\r\n\r\n                            <div class=\"post-teaser__excerpt\">\r\n                                <p>Dieser Ratgeber zeigt dir einen einfachen Workflow, mit dem du deine Fotos schnell organisierst und gezielt ausw\u00e4hlen kannst!<\/p>\r\n                            <\/div>\r\n\r\n                        <\/div><!-- .post-teaser__content -->\r\n\r\n\r\n                        \r\n                            <figure class=\"post-teaser__image\">\r\n                                <img loading=\"lazy\" decoding=\"async\"  \r\n                                    src=\"https:\/\/visualjournalism.de\/wp-content\/uploads\/Janek_Stempel_Lightroom_2-768x512.jpg\" \r\n                                    srcset=\"https:\/\/visualjournalism.de\/wp-content\/uploads\/Janek_Stempel_Lightroom_2-768x512.jpg 768w, https:\/\/visualjournalism.de\/wp-content\/uploads\/Janek_Stempel_Lightroom_2-300x200.jpg 300w, https:\/\/visualjournalism.de\/wp-content\/uploads\/Janek_Stempel_Lightroom_2-1024x683.jpg 1024w, https:\/\/visualjournalism.de\/wp-content\/uploads\/Janek_Stempel_Lightroom_2-1536x1024.jpg 1536w, https:\/\/visualjournalism.de\/wp-content\/uploads\/Janek_Stempel_Lightroom_2-2048x1365.jpg 2048w, https:\/\/visualjournalism.de\/wp-content\/uploads\/Janek_Stempel_Lightroom_2-1920x1280.jpg 1920w, https:\/\/visualjournalism.de\/wp-content\/uploads\/Janek_Stempel_Lightroom_2-1400x933.jpg 1400w, https:\/\/visualjournalism.de\/wp-content\/uploads\/Janek_Stempel_Lightroom_2-1050x700.jpg 1050w, https:\/\/visualjournalism.de\/wp-content\/uploads\/Janek_Stempel_Lightroom_2-670x447.jpg 670w, https:\/\/visualjournalism.de\/wp-content\/uploads\/Janek_Stempel_Lightroom_2-420x280.jpg 420w, https:\/\/visualjournalism.de\/wp-content\/uploads\/Janek_Stempel_Lightroom_2-350x233.jpg 350w, https:\/\/visualjournalism.de\/wp-content\/uploads\/Janek_Stempel_Lightroom_2-150x100.jpg 150w\" \r\n                                    width=\"768\"  \r\n                                    height=\"512\" \r\n                                    alt=\"\"\r\n                                \/>\r\n                            <\/figure>\r\n\r\n                        \r\n                    \r\n                    <\/a>\r\n\r\n                <\/article><!--- .post-teaser-->\r\n\r\n            \r\n                <article class=\"post-teaser\">\r\n\r\n                    <a href=\"https:\/\/visualjournalism.de\/en\/magazine\/sammeln\/inszenierte-endlichkeit\/\" rel=\"permalink\">\r\n\r\n                        <div class=\"post-teaser__content\">\r\n\r\n                            <span class=\"entry-categories\">Sammeln<\/span>\r\n                            <h3 class=\"post-teaser__headline\">\r\n                                Inszenierte Endlichkeit                            <\/h3>\r\n\r\n                            <div class=\"post-teaser__excerpt\">\r\n                                <p>Zwei Fotografinnen legen sich in einen Sarg und fotografieren sich gegenseitig. Was nach Tabubruch klingt, ist eine Auseinandersetzung mit Kommerz, Ritualen und der Frage: Darf man das?<\/p>\r\n                            <\/div>\r\n\r\n                        <\/div><!-- .post-teaser__content -->\r\n\r\n\r\n                        \r\n                            <figure class=\"post-teaser__image\">\r\n                                <img loading=\"lazy\" decoding=\"async\"  \r\n                                    src=\"https:\/\/visualjournalism.de\/wp-content\/uploads\/Clara-Schoettke_Antonia-Teichert_Sammeln_10-768x768.jpg\" \r\n                                    srcset=\"https:\/\/visualjournalism.de\/wp-content\/uploads\/Clara-Schoettke_Antonia-Teichert_Sammeln_10-768x768.jpg 768w, https:\/\/visualjournalism.de\/wp-content\/uploads\/Clara-Schoettke_Antonia-Teichert_Sammeln_10-300x300.jpg 300w, https:\/\/visualjournalism.de\/wp-content\/uploads\/Clara-Schoettke_Antonia-Teichert_Sammeln_10-1024x1024.jpg 1024w, https:\/\/visualjournalism.de\/wp-content\/uploads\/Clara-Schoettke_Antonia-Teichert_Sammeln_10-150x150.jpg 150w, https:\/\/visualjournalism.de\/wp-content\/uploads\/Clara-Schoettke_Antonia-Teichert_Sammeln_10-1536x1536.jpg 1536w, https:\/\/visualjournalism.de\/wp-content\/uploads\/Clara-Schoettke_Antonia-Teichert_Sammeln_10-2048x2048.jpg 2048w, https:\/\/visualjournalism.de\/wp-content\/uploads\/Clara-Schoettke_Antonia-Teichert_Sammeln_10-1920x1920.jpg 1920w, https:\/\/visualjournalism.de\/wp-content\/uploads\/Clara-Schoettke_Antonia-Teichert_Sammeln_10-1400x1400.jpg 1400w, https:\/\/visualjournalism.de\/wp-content\/uploads\/Clara-Schoettke_Antonia-Teichert_Sammeln_10-1050x1050.jpg 1050w, https:\/\/visualjournalism.de\/wp-content\/uploads\/Clara-Schoettke_Antonia-Teichert_Sammeln_10-670x670.jpg 670w, https:\/\/visualjournalism.de\/wp-content\/uploads\/Clara-Schoettke_Antonia-Teichert_Sammeln_10-420x420.jpg 420w, https:\/\/visualjournalism.de\/wp-content\/uploads\/Clara-Schoettke_Antonia-Teichert_Sammeln_10-350x350.jpg 350w, https:\/\/visualjournalism.de\/wp-content\/uploads\/Clara-Schoettke_Antonia-Teichert_Sammeln_10-52x52.jpg 52w, https:\/\/visualjournalism.de\/wp-content\/uploads\/Clara-Schoettke_Antonia-Teichert_Sammeln_10-68x68.jpg 68w, https:\/\/visualjournalism.de\/wp-content\/uploads\/Clara-Schoettke_Antonia-Teichert_Sammeln_10-96x96.jpg 96w\" \r\n                                    width=\"768\"  \r\n                                    height=\"768\" \r\n                                    alt=\"\"\r\n                                \/>\r\n                            <\/figure>\r\n\r\n                        \r\n                    \r\n                    <\/a>\r\n\r\n                <\/article><!--- .post-teaser-->\r\n\r\n            \r\n                <article class=\"post-teaser\">\r\n\r\n                    <a href=\"https:\/\/visualjournalism.de\/en\/magazine\/ratgeber\/politikerinnen-souveraen-interviewen\/\" rel=\"permalink\">\r\n\r\n                        <div class=\"post-teaser__content\">\r\n\r\n                            <span class=\"entry-categories\">Ratgeber<\/span>\r\n                            <h3 class=\"post-teaser__headline\">\r\n                                Politiker*innen souver\u00e4n interviewen \u2013 Die besten Tipps f\u00fcr ein sicheres Auftreten                            <\/h3>\r\n\r\n                            <div class=\"post-teaser__excerpt\">\r\n                                <p>Ein Gespr\u00e4ch mit Politiker*innen kann schnell zum Machtkampf werden. Wie du selbst gegen Profis die Oberhand beh\u00e4ltst und typische Interviewfallen umgehst.<\/p>\r\n                            <\/div>\r\n\r\n                        <\/div><!-- .post-teaser__content -->\r\n\r\n\r\n                        \r\n                            <figure class=\"post-teaser__image\">\r\n                                <img loading=\"lazy\" decoding=\"async\"  \r\n                                    src=\"https:\/\/visualjournalism.de\/wp-content\/uploads\/DSC4729-merz-politikerinterviews-768x1024.jpg\" \r\n                                    srcset=\"https:\/\/visualjournalism.de\/wp-content\/uploads\/DSC4729-merz-politikerinterviews-768x1024.jpg 768w, https:\/\/visualjournalism.de\/wp-content\/uploads\/DSC4729-merz-politikerinterviews-225x300.jpg 225w, https:\/\/visualjournalism.de\/wp-content\/uploads\/DSC4729-merz-politikerinterviews-1152x1536.jpg 1152w, https:\/\/visualjournalism.de\/wp-content\/uploads\/DSC4729-merz-politikerinterviews-1536x2048.jpg 1536w, https:\/\/visualjournalism.de\/wp-content\/uploads\/DSC4729-merz-politikerinterviews-scaled.jpg 1920w, https:\/\/visualjournalism.de\/wp-content\/uploads\/DSC4729-merz-politikerinterviews-1400x1867.jpg 1400w, https:\/\/visualjournalism.de\/wp-content\/uploads\/DSC4729-merz-politikerinterviews-1050x1400.jpg 1050w, https:\/\/visualjournalism.de\/wp-content\/uploads\/DSC4729-merz-politikerinterviews-670x893.jpg 670w, https:\/\/visualjournalism.de\/wp-content\/uploads\/DSC4729-merz-politikerinterviews-420x560.jpg 420w, https:\/\/visualjournalism.de\/wp-content\/uploads\/DSC4729-merz-politikerinterviews-350x467.jpg 350w, https:\/\/visualjournalism.de\/wp-content\/uploads\/DSC4729-merz-politikerinterviews-300x400.jpg 300w, https:\/\/visualjournalism.de\/wp-content\/uploads\/DSC4729-merz-politikerinterviews-640x853.jpg 640w, https:\/\/visualjournalism.de\/wp-content\/uploads\/DSC4729-merz-politikerinterviews-150x200.jpg 150w\" \r\n                                    width=\"768\"  \r\n                                    height=\"1024\" \r\n                                    alt=\"CDU-Vorsitzender Friedrich Merz mit Mikrofon in der Hand, im Gespr\u00e4ch mit dem ehemaligen ZDF-Moderator Klaus Kleber auf einer B\u00fchne. Im Vordergrund sind zwei M\u00e4nner angeblitzt von hinten zu sehen.\"\r\n                                \/>\r\n                            <\/figure>\r\n\r\n                        \r\n                    \r\n                    <\/a>\r\n\r\n                <\/article><!--- .post-teaser-->\r\n\r\n            \r\n        <\/div><!-- .teaser-grid -->\r\n\r\n\n\n\r\n\r\n\r\n\n\n\n    <div class=\"btn-wrapper has-spacing--m\">\n        <a class=\"btn\" href=\"https:\/\/visualjournalism.de\/magazin\/\" target=\"_blank\">ZUR MAGAZIN-STARTSEITE<\/a>\n    <\/div>\n<\/div>\n<\/div>\n\n<div class=\"wp-block-group has-spacing--none has-color-3-background-color has-background has-spacing--none\">\n    <nav id=\"section-navigation-block_19519dcf3fc8015589b5b24b7109b088\" class=\"section-navigation has-spacing--m\">\n        <ul>\n\n                \n                    <li>Contact<\/li>\n                \n            \n            \n                        \n                        \n\n            \n\n        <\/ul>\n        \n    <\/nav>\n\n\n\n<div class=\"pinned-block has-spacing--m\">\n\t\n\n<div class=\"pinned-block__column--left\">\n    \n\n \n\n    <div id=\"lead-in-block_7d8f84132ec2aa1881b3ce9299a896d7\" class=\"block-lead-in typo--soehne font-size--xl has-spacing--m width--full\">\n        <p><strong>Your contact partners<\/strong> will be happy to assist you with your personal concerns. However, due to the large number of enquiries, we ask you to first check our FAQ to see if your question may already have been answered.<\/p>\n    <\/div>\n\n\n\n\n    <div class=\"btn-wrapper alignleft has-spacing--m\">\n        <a class=\"btn\" href=\"https:\/\/visualjournalism.de\/faq\/\" target=\"_blank\">FAQ<\/a>\n    <\/div>\n\n\n<\/div>\n\n\n<div class=\"pinned-block__column--right\">\n    \n    \n    <div class=\"infocard has-spacing--m\">\n\n    \n        <div class=\"info-item--full\">\n            <p>\n                <span class=\"info-item__headline\">Dean of Studies, Design and Media department<\/span>\n            <\/p>\n            \n            <div class=\"info-item__content\">\n                <p>\n                    <span class=\"info-item__text\"><a href=\"https:\/\/visualjournalism.de\/karen-fromm\/\">Prof. Dr. Karen Fromm<\/a><\/span>\n                    <span class=\"info-item__text--small\">\n                        <span><a href=\"mailto:karen.fromm@hs-hannover.de\">E-Mail schreiben<\/a><\/span><span><a href=\"tel:+49 511 9296 8538\">+49 511 9296 8538<\/a><\/span>                    <\/span>\n                <\/p>\n\n                <figure class=\"info-item__image\">\n\n                    <a href=\"https:\/\/visualjournalism.de\/karen-fromm\/\"><img loading=\"lazy\" decoding=\"async\" width=\"52\" height=\"52\" src=\"https:\/\/visualjournalism.de\/wp-content\/uploads\/Prof_Dr_Karen_Fromm_thumb-1-52x52.jpg\" class=\"attachment-image-portrait size-image-portrait\" alt=\"\" srcset=\"https:\/\/visualjournalism.de\/wp-content\/uploads\/Prof_Dr_Karen_Fromm_thumb-1-52x52.jpg 52w, https:\/\/visualjournalism.de\/wp-content\/uploads\/Prof_Dr_Karen_Fromm_thumb-1.jpg 100w\" sizes=\"auto, (max-width: 52px) 100vw, 52px\" \/><\/a>                <\/figure>\n                \n            <\/div><!-- .info-item__content -->\n            \n        <\/div><!-- .info-item--full -->\n\n\n        <div class=\"info-item--full\">\n            <p>\n                <span class=\"info-item__headline\">Programme representative<\/span>\n            <\/p>\n            \n            <div class=\"info-item__content\">\n                <p>\n                    <span class=\"info-item__text\"><a href=\"https:\/\/visualjournalism.de\/michael-hauri\/\">Prof. Michael Hauri<\/a><\/span>\n                    <span class=\"info-item__text--small\">\n                        <span><a href=\"mailto:michael.hauri@hs-hannover.de\">E-Mail schreiben<\/a><\/span><span><a href=\"tel:+49 511 9296 8241\">+49 511 9296 8241<\/a><\/span>                    <\/span>\n                <\/p>\n\n                <figure class=\"info-item__image\">\n\n                    <a href=\"https:\/\/visualjournalism.de\/michael-hauri\/\"><img loading=\"lazy\" decoding=\"async\" width=\"52\" height=\"52\" src=\"https:\/\/visualjournalism.de\/wp-content\/uploads\/Michael-Hauri-thumb-1-52x52.jpg\" class=\"attachment-image-portrait size-image-portrait\" alt=\"\" srcset=\"https:\/\/visualjournalism.de\/wp-content\/uploads\/Michael-Hauri-thumb-1-52x52.jpg 52w, https:\/\/visualjournalism.de\/wp-content\/uploads\/Michael-Hauri-thumb-1-68x68.jpg 68w, https:\/\/visualjournalism.de\/wp-content\/uploads\/Michael-Hauri-thumb-1-96x96.jpg 96w, https:\/\/visualjournalism.de\/wp-content\/uploads\/Michael-Hauri-thumb-1.jpg 100w\" sizes=\"auto, (max-width: 52px) 100vw, 52px\" \/><\/a>                <\/figure>\n                \n            <\/div><!-- .info-item__content -->\n            \n        <\/div><!-- .info-item--full -->\n\n\n        <div class=\"info-item--full\">\n            <p>\n                <span class=\"info-item__headline\">Application and admission procedure<\/span>\n            <\/p>\n            \n            <div class=\"info-item__content\">\n                <p>\n                    <span class=\"info-item__text\"><a href=\"https:\/\/visualjournalism.de\/lars-bauernschmitt\/\">Prof. Lars Bauernschmitt<\/a><\/span>\n                    <span class=\"info-item__text--small\">\n                        <span><a href=\"mailto:lars.bauernschmitt@hs-hannover.de\">E-Mail schreiben<\/a><\/span><span><a href=\"tel:+49 511 9296 2467\">+49 511 9296 2467<\/a><\/span>                    <\/span>\n                <\/p>\n\n                <figure class=\"info-item__image\">\n\n                    <a href=\"https:\/\/visualjournalism.de\/lars-bauernschmitt\/\"><img loading=\"lazy\" decoding=\"async\" width=\"52\" height=\"52\" src=\"https:\/\/visualjournalism.de\/wp-content\/uploads\/prof_lars_bauernschmitt_thumb-1-52x52.jpg\" class=\"attachment-image-portrait size-image-portrait\" alt=\"\" srcset=\"https:\/\/visualjournalism.de\/wp-content\/uploads\/prof_lars_bauernschmitt_thumb-1-52x52.jpg 52w, https:\/\/visualjournalism.de\/wp-content\/uploads\/prof_lars_bauernschmitt_thumb-1.jpg 100w\" sizes=\"auto, (max-width: 52px) 100vw, 52px\" \/><\/a>                <\/figure>\n                \n            <\/div><!-- .info-item__content -->\n            \n        <\/div><!-- .info-item--full -->\n\n \n    <\/div>\n\n\n\n<p class=\"post__paragraph is-style-typo--soehne has-spacing--m has-spacing--default\">Hochschule Hannover<br>Faculty III &#8211; Media, Information and Design<br>Expo Plaza 2<br>D-30539 Hanover<\/p>\n\n\n\n    <div class=\"btn-wrapper has-spacing--m\">\n        <a class=\"btn\" href=\"https:\/\/www.hs-hannover.de\" target=\"_blank\">HS-HANNOVER.DE<\/a>\n    <\/div>\n\n\n<\/div>\n<\/div><\/div>\n\n\n\n<div class=\"wp-block-group has-spacing--none\">\n<div class=\"devider has-spacing--none\">\n    <hr>\n<\/div>\n\n\n    <nav id=\"section-navigation-block_0c0971228633ff0bbd54e292bf8c16be\" class=\"section-navigation has-spacing--m\">\n        <ul>\n\n                \n                    <li>This might also interest you:<\/li>\n                \n            \n            \n                        \n                        \n\n            \n\n        <\/ul>\n        \n    <\/nav>\n\n\n\n<div class=\"four-columns-teaser has-spacing--m\">\n\n    \r\n<article class=\"post-teaser post-65184 post type-post status-publish format-standard has-post-thumbnail hentry category-events category-news-en\">\r\n\t<header class=\"entry-header\">\r\n\r\n\t\t<div class=\"entry-categories\">\n\t<a class=\"post__tag\" href=\"https:\/\/visualjournalism.de\/en\/news-en\/events\/\" rel=\"category tag\">Events<\/a><\/div>\r\n\t\t<a href=\"https:\/\/visualjournalism.de\/en\/news-en\/events\/experience-visual-journalism-live-discover-which-media-study-program-suits-you-best\/\" rel=\"bookmark\">\r\n\t\t\t<h2 class=\"entry-title\">Experience visual journalism live: Discover which media degree program is right for you.<\/h2>\r\n\t\t\t<p class=\"entry-excerpt\">The Media_Special on November 11, 2025 will showcase the media degree programs at the University of Applied Sciences and Arts Hannover. Workshops, talks and lectures provide insights and help with the choice of course. <\/p>\r\n\t\t<\/a>\r\n\r\n\t<\/header><!-- .entry-header -->\r\n\r\n\t<figure class=\"post__image\">\r\n\t\t<a href=\"https:\/\/visualjournalism.de\/en\/news-en\/events\/experience-visual-journalism-live-discover-which-media-study-program-suits-you-best\/\" rel=\"bookmark\">\r\n\t\t\t<img loading=\"lazy\" decoding=\"async\" width=\"350\" height=\"233\" src=\"https:\/\/visualjournalism.de\/wp-content\/uploads\/rosty_foto-12-350x233.jpg\" class=\"attachment-post-image--two-column--small size-post-image--two-column--small\" alt=\"\" srcset=\"https:\/\/visualjournalism.de\/wp-content\/uploads\/rosty_foto-12-350x233.jpg 350w, https:\/\/visualjournalism.de\/wp-content\/uploads\/rosty_foto-12-300x200.jpg 300w, https:\/\/visualjournalism.de\/wp-content\/uploads\/rosty_foto-12-1024x683.jpg 1024w, https:\/\/visualjournalism.de\/wp-content\/uploads\/rosty_foto-12-768x512.jpg 768w, https:\/\/visualjournalism.de\/wp-content\/uploads\/rosty_foto-12-1536x1024.jpg 1536w, https:\/\/visualjournalism.de\/wp-content\/uploads\/rosty_foto-12-1400x933.jpg 1400w, https:\/\/visualjournalism.de\/wp-content\/uploads\/rosty_foto-12-1050x700.jpg 1050w, https:\/\/visualjournalism.de\/wp-content\/uploads\/rosty_foto-12-670x447.jpg 670w, https:\/\/visualjournalism.de\/wp-content\/uploads\/rosty_foto-12-420x280.jpg 420w, https:\/\/visualjournalism.de\/wp-content\/uploads\/rosty_foto-12.jpg 1920w\" sizes=\"auto, (max-width: 350px) 100vw, 350px\" \/>\t\t<\/a>\r\n\t<\/figure><!-- .post__image -->\r\n\r\n<\/article>\r\n\r\n<article class=\"post-teaser post-14985 post type-post status-publish format-standard has-post-thumbnail hentry category-application category-news-en\">\r\n\t<header class=\"entry-header\">\r\n\r\n\t\t<div class=\"entry-categories\">\n\t<a class=\"post__tag\" href=\"https:\/\/visualjournalism.de\/en\/news-en\/application\/\" rel=\"category tag\">Application<\/a><\/div>\r\n\t\t<a href=\"https:\/\/visualjournalism.de\/en\/news-en\/application\/apply-now\/\" rel=\"bookmark\">\r\n\t\t\t<h2 class=\"entry-title\">Get ready to launch your journalistic career!<\/h2>\r\n\t\t\t<p class=\"entry-excerpt\">Make sure you&#8217;re on track for the winter semester.<\/p>\r\n\t\t<\/a>\r\n\r\n\t<\/header><!-- .entry-header -->\r\n\r\n\t<figure class=\"post__image\">\r\n\t\t<a href=\"https:\/\/visualjournalism.de\/en\/news-en\/application\/apply-now\/\" rel=\"bookmark\">\r\n\t\t\t\n<div class=\"splide\">\n    <div class=\"splide__track\">\n\n        <div class=\"splide__list\">\n\n                    \n\n                    <div class=\"splide__slide\">\n\n                        <img loading=\"lazy\" decoding=\"async\"  \n                            src=\"https:\/\/visualjournalism.de\/wp-content\/uploads\/rosty_foto-20-350x233.jpg\" \n                            srcset=\"https:\/\/visualjournalism.de\/wp-content\/uploads\/rosty_foto-20-350x233.jpg 350w, https:\/\/visualjournalism.de\/wp-content\/uploads\/rosty_foto-20-300x200.jpg 300w, https:\/\/visualjournalism.de\/wp-content\/uploads\/rosty_foto-20-1024x683.jpg 1024w, https:\/\/visualjournalism.de\/wp-content\/uploads\/rosty_foto-20-768x512.jpg 768w, https:\/\/visualjournalism.de\/wp-content\/uploads\/rosty_foto-20-1536x1024.jpg 1536w, https:\/\/visualjournalism.de\/wp-content\/uploads\/rosty_foto-20-1400x933.jpg 1400w, https:\/\/visualjournalism.de\/wp-content\/uploads\/rosty_foto-20-1050x700.jpg 1050w, https:\/\/visualjournalism.de\/wp-content\/uploads\/rosty_foto-20-670x447.jpg 670w, https:\/\/visualjournalism.de\/wp-content\/uploads\/rosty_foto-20-420x280.jpg 420w, https:\/\/visualjournalism.de\/wp-content\/uploads\/rosty_foto-20.jpg 1920w\" \n                            width=\"350\"  \n                            height=\"233\" \n                            alt=\"\"  \n                        \/>\n\n                    <\/div>\n                \n                        \n\n                    <div class=\"splide__slide\">\n\n                        <img loading=\"lazy\" decoding=\"async\"  \n                            src=\"https:\/\/visualjournalism.de\/wp-content\/uploads\/2026\/02\/IMG_0694-2-350x263.jpg\" \n                            srcset=\"https:\/\/visualjournalism.de\/wp-content\/uploads\/2026\/02\/IMG_0694-2-350x263.jpg 350w, https:\/\/visualjournalism.de\/wp-content\/uploads\/2026\/02\/IMG_0694-2-300x225.jpg 300w, https:\/\/visualjournalism.de\/wp-content\/uploads\/2026\/02\/IMG_0694-2-1024x768.jpg 1024w, https:\/\/visualjournalism.de\/wp-content\/uploads\/2026\/02\/IMG_0694-2-768x576.jpg 768w, https:\/\/visualjournalism.de\/wp-content\/uploads\/2026\/02\/IMG_0694-2-1536x1152.jpg 1536w, https:\/\/visualjournalism.de\/wp-content\/uploads\/2026\/02\/IMG_0694-2-2048x1536.jpg 2048w, https:\/\/visualjournalism.de\/wp-content\/uploads\/2026\/02\/IMG_0694-2-1920x1440.jpg 1920w, https:\/\/visualjournalism.de\/wp-content\/uploads\/2026\/02\/IMG_0694-2-1400x1050.jpg 1400w, https:\/\/visualjournalism.de\/wp-content\/uploads\/2026\/02\/IMG_0694-2-1050x788.jpg 1050w, https:\/\/visualjournalism.de\/wp-content\/uploads\/2026\/02\/IMG_0694-2-670x503.jpg 670w, https:\/\/visualjournalism.de\/wp-content\/uploads\/2026\/02\/IMG_0694-2-420x315.jpg 420w, https:\/\/visualjournalism.de\/wp-content\/uploads\/2026\/02\/IMG_0694-2-150x113.jpg 150w\" \n                            width=\"350\"  \n                            height=\"263\" \n                            alt=\"\"  \n                        \/>\n\n                    <\/div>\n                \n                        \n\n                    <div class=\"splide__slide\">\n\n                        <img loading=\"lazy\" decoding=\"async\"  \n                            src=\"https:\/\/visualjournalism.de\/wp-content\/uploads\/1mg6251-1500x1000-1-350x233.jpg\" \n                            srcset=\"https:\/\/visualjournalism.de\/wp-content\/uploads\/1mg6251-1500x1000-1-350x233.jpg 350w, https:\/\/visualjournalism.de\/wp-content\/uploads\/1mg6251-1500x1000-1-300x200.jpg 300w, https:\/\/visualjournalism.de\/wp-content\/uploads\/1mg6251-1500x1000-1-1024x683.jpg 1024w, https:\/\/visualjournalism.de\/wp-content\/uploads\/1mg6251-1500x1000-1-768x512.jpg 768w, https:\/\/visualjournalism.de\/wp-content\/uploads\/1mg6251-1500x1000-1-1400x933.jpg 1400w, https:\/\/visualjournalism.de\/wp-content\/uploads\/1mg6251-1500x1000-1-1050x700.jpg 1050w, https:\/\/visualjournalism.de\/wp-content\/uploads\/1mg6251-1500x1000-1-670x447.jpg 670w, https:\/\/visualjournalism.de\/wp-content\/uploads\/1mg6251-1500x1000-1-420x280.jpg 420w, https:\/\/visualjournalism.de\/wp-content\/uploads\/1mg6251-1500x1000-1-150x100.jpg 150w, https:\/\/visualjournalism.de\/wp-content\/uploads\/1mg6251-1500x1000-1.jpg 1500w\" \n                            width=\"350\"  \n                            height=\"233\" \n                            alt=\"\"  \n                        \/>\n\n                    <\/div>\n                \n                        \n\n                    <div class=\"splide__slide\">\n\n                        <img loading=\"lazy\" decoding=\"async\"  \n                            src=\"https:\/\/visualjournalism.de\/wp-content\/uploads\/rosty_foto-17-350x233.jpg\" \n                            srcset=\"https:\/\/visualjournalism.de\/wp-content\/uploads\/rosty_foto-17-350x233.jpg 350w, https:\/\/visualjournalism.de\/wp-content\/uploads\/rosty_foto-17-300x200.jpg 300w, https:\/\/visualjournalism.de\/wp-content\/uploads\/rosty_foto-17-1024x683.jpg 1024w, https:\/\/visualjournalism.de\/wp-content\/uploads\/rosty_foto-17-768x512.jpg 768w, https:\/\/visualjournalism.de\/wp-content\/uploads\/rosty_foto-17-1536x1024.jpg 1536w, https:\/\/visualjournalism.de\/wp-content\/uploads\/rosty_foto-17-1400x933.jpg 1400w, https:\/\/visualjournalism.de\/wp-content\/uploads\/rosty_foto-17-1050x700.jpg 1050w, https:\/\/visualjournalism.de\/wp-content\/uploads\/rosty_foto-17-670x447.jpg 670w, https:\/\/visualjournalism.de\/wp-content\/uploads\/rosty_foto-17-420x280.jpg 420w, https:\/\/visualjournalism.de\/wp-content\/uploads\/rosty_foto-17.jpg 1920w\" \n                            width=\"350\"  \n                            height=\"233\" \n                            alt=\"\"  \n                        \/>\n\n                    <\/div>\n                \n                        \n\n                    <div class=\"splide__slide\">\n\n                        <img loading=\"lazy\" decoding=\"async\"  \n                            src=\"https:\/\/visualjournalism.de\/wp-content\/uploads\/20250924EE_11-350x233.jpg\" \n                            srcset=\"https:\/\/visualjournalism.de\/wp-content\/uploads\/20250924EE_11-350x233.jpg 350w, https:\/\/visualjournalism.de\/wp-content\/uploads\/20250924EE_11-300x200.jpg 300w, https:\/\/visualjournalism.de\/wp-content\/uploads\/20250924EE_11-1024x683.jpg 1024w, https:\/\/visualjournalism.de\/wp-content\/uploads\/20250924EE_11-768x512.jpg 768w, https:\/\/visualjournalism.de\/wp-content\/uploads\/20250924EE_11-1536x1024.jpg 1536w, https:\/\/visualjournalism.de\/wp-content\/uploads\/20250924EE_11-2048x1365.jpg 2048w, https:\/\/visualjournalism.de\/wp-content\/uploads\/20250924EE_11-1920x1280.jpg 1920w, https:\/\/visualjournalism.de\/wp-content\/uploads\/20250924EE_11-1400x933.jpg 1400w, https:\/\/visualjournalism.de\/wp-content\/uploads\/20250924EE_11-1050x700.jpg 1050w, https:\/\/visualjournalism.de\/wp-content\/uploads\/20250924EE_11-670x447.jpg 670w, https:\/\/visualjournalism.de\/wp-content\/uploads\/20250924EE_11-420x280.jpg 420w\" \n                            width=\"350\"  \n                            height=\"233\" \n                            alt=\"\"  \n                        \/>\n\n                    <\/div>\n                \n                        \n\n                    <div class=\"splide__slide\">\n\n                        <img loading=\"lazy\" decoding=\"async\"  \n                            src=\"https:\/\/visualjournalism.de\/wp-content\/uploads\/2026\/02\/IMG_0665-2-350x263.jpg\" \n                            srcset=\"https:\/\/visualjournalism.de\/wp-content\/uploads\/2026\/02\/IMG_0665-2-350x263.jpg 350w, https:\/\/visualjournalism.de\/wp-content\/uploads\/2026\/02\/IMG_0665-2-300x225.jpg 300w, https:\/\/visualjournalism.de\/wp-content\/uploads\/2026\/02\/IMG_0665-2-1024x768.jpg 1024w, https:\/\/visualjournalism.de\/wp-content\/uploads\/2026\/02\/IMG_0665-2-768x576.jpg 768w, https:\/\/visualjournalism.de\/wp-content\/uploads\/2026\/02\/IMG_0665-2-1536x1152.jpg 1536w, https:\/\/visualjournalism.de\/wp-content\/uploads\/2026\/02\/IMG_0665-2-2048x1536.jpg 2048w, https:\/\/visualjournalism.de\/wp-content\/uploads\/2026\/02\/IMG_0665-2-1920x1440.jpg 1920w, https:\/\/visualjournalism.de\/wp-content\/uploads\/2026\/02\/IMG_0665-2-1400x1050.jpg 1400w, https:\/\/visualjournalism.de\/wp-content\/uploads\/2026\/02\/IMG_0665-2-1050x788.jpg 1050w, https:\/\/visualjournalism.de\/wp-content\/uploads\/2026\/02\/IMG_0665-2-670x503.jpg 670w, https:\/\/visualjournalism.de\/wp-content\/uploads\/2026\/02\/IMG_0665-2-420x315.jpg 420w, https:\/\/visualjournalism.de\/wp-content\/uploads\/2026\/02\/IMG_0665-2-150x113.jpg 150w\" \n                            width=\"350\"  \n                            height=\"263\" \n                            alt=\"\"  \n                        \/>\n\n                    <\/div>\n                \n                        \n\n                    <div class=\"splide__slide\">\n\n                        <img loading=\"lazy\" decoding=\"async\"  \n                            src=\"https:\/\/visualjournalism.de\/wp-content\/uploads\/Erstsemester_Begruessung-17-350x233.jpg\" \n                            srcset=\"https:\/\/visualjournalism.de\/wp-content\/uploads\/Erstsemester_Begruessung-17-350x233.jpg 350w, https:\/\/visualjournalism.de\/wp-content\/uploads\/Erstsemester_Begruessung-17-300x200.jpg 300w, https:\/\/visualjournalism.de\/wp-content\/uploads\/Erstsemester_Begruessung-17-1024x683.jpg 1024w, https:\/\/visualjournalism.de\/wp-content\/uploads\/Erstsemester_Begruessung-17-768x512.jpg 768w, https:\/\/visualjournalism.de\/wp-content\/uploads\/Erstsemester_Begruessung-17-1536x1024.jpg 1536w, https:\/\/visualjournalism.de\/wp-content\/uploads\/Erstsemester_Begruessung-17-2048x1365.jpg 2048w, https:\/\/visualjournalism.de\/wp-content\/uploads\/Erstsemester_Begruessung-17-1920x1280.jpg 1920w, https:\/\/visualjournalism.de\/wp-content\/uploads\/Erstsemester_Begruessung-17-1400x933.jpg 1400w, https:\/\/visualjournalism.de\/wp-content\/uploads\/Erstsemester_Begruessung-17-1050x700.jpg 1050w, https:\/\/visualjournalism.de\/wp-content\/uploads\/Erstsemester_Begruessung-17-670x447.jpg 670w, https:\/\/visualjournalism.de\/wp-content\/uploads\/Erstsemester_Begruessung-17-420x280.jpg 420w\" \n                            width=\"350\"  \n                            height=\"233\" \n                            alt=\"\"  \n                        \/>\n\n                    <\/div>\n                \n                        \n\n                    <div class=\"splide__slide\">\n\n                        <img loading=\"lazy\" decoding=\"async\"  \n                            src=\"https:\/\/visualjournalism.de\/wp-content\/uploads\/rosty_foto-12-350x233.jpg\" \n                            srcset=\"https:\/\/visualjournalism.de\/wp-content\/uploads\/rosty_foto-12-350x233.jpg 350w, https:\/\/visualjournalism.de\/wp-content\/uploads\/rosty_foto-12-300x200.jpg 300w, https:\/\/visualjournalism.de\/wp-content\/uploads\/rosty_foto-12-1024x683.jpg 1024w, https:\/\/visualjournalism.de\/wp-content\/uploads\/rosty_foto-12-768x512.jpg 768w, https:\/\/visualjournalism.de\/wp-content\/uploads\/rosty_foto-12-1536x1024.jpg 1536w, https:\/\/visualjournalism.de\/wp-content\/uploads\/rosty_foto-12-1400x933.jpg 1400w, https:\/\/visualjournalism.de\/wp-content\/uploads\/rosty_foto-12-1050x700.jpg 1050w, https:\/\/visualjournalism.de\/wp-content\/uploads\/rosty_foto-12-670x447.jpg 670w, https:\/\/visualjournalism.de\/wp-content\/uploads\/rosty_foto-12-420x280.jpg 420w, https:\/\/visualjournalism.de\/wp-content\/uploads\/rosty_foto-12.jpg 1920w\" \n                            width=\"350\"  \n                            height=\"233\" \n                            alt=\"\"  \n                        \/>\n\n                    <\/div>\n                \n                \n        <\/div> <!-- .splide__list -->\n\n    <\/div><!-- slide__track -->\n<\/div>\t\t<\/a>\r\n\t<\/figure><!-- .post__image -->\r\n\r\n<\/article>\r\n\r\n<article class=\"post-teaser post-64654 post type-post status-publish format-standard has-post-thumbnail hentry category-awards category-news-en\">\r\n\t<header class=\"entry-header\">\r\n\r\n\t\t<div class=\"entry-categories\">\n\t<a class=\"post__tag\" href=\"https:\/\/visualjournalism.de\/en\/news-en\/awards\/\" rel=\"category tag\">Awards<\/a><\/div>\r\n\t\t<a href=\"https:\/\/visualjournalism.de\/en\/news-en\/awards\/julius-schien-wins-the-vgh-photo-prize-2025\/\" rel=\"bookmark\">\r\n\t\t\t<h2 class=\"entry-title\">With a photo series on right-wing violence:<\/h2>\r\n\t\t\t<p class=\"entry-excerpt\">Julius Schien wins the VGH Photo Prize 2025<\/p>\r\n\t\t<\/a>\r\n\r\n\t<\/header><!-- .entry-header -->\r\n\r\n\t<figure class=\"post__image\">\r\n\t\t<a href=\"https:\/\/visualjournalism.de\/en\/news-en\/awards\/julius-schien-wins-the-vgh-photo-prize-2025\/\" rel=\"bookmark\">\r\n\t\t\t<img loading=\"lazy\" decoding=\"async\" width=\"350\" height=\"280\" src=\"https:\/\/visualjournalism.de\/wp-content\/uploads\/VGH-Fotopreis2025-Rechtes-Land_1993-01-15_Arnstadt_Karl-Sidon_CJulius-Schien-350x280.jpg\" class=\"attachment-post-image--two-column--small size-post-image--two-column--small\" alt=\"\" srcset=\"https:\/\/visualjournalism.de\/wp-content\/uploads\/VGH-Fotopreis2025-Rechtes-Land_1993-01-15_Arnstadt_Karl-Sidon_CJulius-Schien-350x280.jpg 350w, https:\/\/visualjournalism.de\/wp-content\/uploads\/VGH-Fotopreis2025-Rechtes-Land_1993-01-15_Arnstadt_Karl-Sidon_CJulius-Schien-300x240.jpg 300w, https:\/\/visualjournalism.de\/wp-content\/uploads\/VGH-Fotopreis2025-Rechtes-Land_1993-01-15_Arnstadt_Karl-Sidon_CJulius-Schien-1024x819.jpg 1024w, https:\/\/visualjournalism.de\/wp-content\/uploads\/VGH-Fotopreis2025-Rechtes-Land_1993-01-15_Arnstadt_Karl-Sidon_CJulius-Schien-768x615.jpg 768w, https:\/\/visualjournalism.de\/wp-content\/uploads\/VGH-Fotopreis2025-Rechtes-Land_1993-01-15_Arnstadt_Karl-Sidon_CJulius-Schien-1536x1229.jpg 1536w, https:\/\/visualjournalism.de\/wp-content\/uploads\/VGH-Fotopreis2025-Rechtes-Land_1993-01-15_Arnstadt_Karl-Sidon_CJulius-Schien-2048x1639.jpg 2048w, https:\/\/visualjournalism.de\/wp-content\/uploads\/VGH-Fotopreis2025-Rechtes-Land_1993-01-15_Arnstadt_Karl-Sidon_CJulius-Schien-1920x1536.jpg 1920w, https:\/\/visualjournalism.de\/wp-content\/uploads\/VGH-Fotopreis2025-Rechtes-Land_1993-01-15_Arnstadt_Karl-Sidon_CJulius-Schien-1400x1120.jpg 1400w, https:\/\/visualjournalism.de\/wp-content\/uploads\/VGH-Fotopreis2025-Rechtes-Land_1993-01-15_Arnstadt_Karl-Sidon_CJulius-Schien-1050x840.jpg 1050w, https:\/\/visualjournalism.de\/wp-content\/uploads\/VGH-Fotopreis2025-Rechtes-Land_1993-01-15_Arnstadt_Karl-Sidon_CJulius-Schien-670x536.jpg 670w, https:\/\/visualjournalism.de\/wp-content\/uploads\/VGH-Fotopreis2025-Rechtes-Land_1993-01-15_Arnstadt_Karl-Sidon_CJulius-Schien-420x336.jpg 420w\" sizes=\"auto, (max-width: 350px) 100vw, 350px\" \/>\t\t<\/a>\r\n\t<\/figure><!-- .post__image -->\r\n\r\n<\/article>\r\n\r\n<article class=\"post-teaser post-64668 post type-post status-publish format-standard has-post-thumbnail hentry category-current category-news-en\">\r\n\t<header class=\"entry-header\">\r\n\r\n\t\t<div class=\"entry-categories\">\n\t<a class=\"post__tag\" href=\"https:\/\/visualjournalism.de\/en\/news-en\/\" rel=\"category tag\">News<\/a><\/div>\r\n\t\t<a href=\"https:\/\/visualjournalism.de\/en\/news-en\/a-huge-playground-starting-studies-in-hannover\/\" rel=\"bookmark\">\r\n\t\t\t<h2 class=\"entry-title\">&#8220;A huge playground&#8221;.<\/h2>\r\n\t\t\t<p class=\"entry-excerpt\">The first semester students experience the start as open, diverse and inspiring.<\/p>\r\n\t\t<\/a>\r\n\r\n\t<\/header><!-- .entry-header -->\r\n\r\n\t<figure class=\"post__image\">\r\n\t\t<a href=\"https:\/\/visualjournalism.de\/en\/news-en\/a-huge-playground-starting-studies-in-hannover\/\" rel=\"bookmark\">\r\n\t\t\t\n<div class=\"splide\">\n    <div class=\"splide__track\">\n\n        <div class=\"splide__list\">\n\n                    \n\n                    <div class=\"splide__slide\">\n\n                        <img loading=\"lazy\" decoding=\"async\"  \n                            src=\"https:\/\/visualjournalism.de\/wp-content\/uploads\/Erstsemester_Begruessung-17-350x233.jpg\" \n                            srcset=\"https:\/\/visualjournalism.de\/wp-content\/uploads\/Erstsemester_Begruessung-17-350x233.jpg 350w, https:\/\/visualjournalism.de\/wp-content\/uploads\/Erstsemester_Begruessung-17-300x200.jpg 300w, https:\/\/visualjournalism.de\/wp-content\/uploads\/Erstsemester_Begruessung-17-1024x683.jpg 1024w, https:\/\/visualjournalism.de\/wp-content\/uploads\/Erstsemester_Begruessung-17-768x512.jpg 768w, https:\/\/visualjournalism.de\/wp-content\/uploads\/Erstsemester_Begruessung-17-1536x1024.jpg 1536w, https:\/\/visualjournalism.de\/wp-content\/uploads\/Erstsemester_Begruessung-17-2048x1365.jpg 2048w, https:\/\/visualjournalism.de\/wp-content\/uploads\/Erstsemester_Begruessung-17-1920x1280.jpg 1920w, https:\/\/visualjournalism.de\/wp-content\/uploads\/Erstsemester_Begruessung-17-1400x933.jpg 1400w, https:\/\/visualjournalism.de\/wp-content\/uploads\/Erstsemester_Begruessung-17-1050x700.jpg 1050w, https:\/\/visualjournalism.de\/wp-content\/uploads\/Erstsemester_Begruessung-17-670x447.jpg 670w, https:\/\/visualjournalism.de\/wp-content\/uploads\/Erstsemester_Begruessung-17-420x280.jpg 420w\" \n                            width=\"350\"  \n                            height=\"233\" \n                            alt=\"\"  \n                        \/>\n\n                    <\/div>\n                \n                        \n\n                    <div class=\"splide__slide\">\n\n                        <img loading=\"lazy\" decoding=\"async\"  \n                            src=\"https:\/\/visualjournalism.de\/wp-content\/uploads\/Erstsemester_Begruessung-7-350x233.jpg\" \n                            srcset=\"https:\/\/visualjournalism.de\/wp-content\/uploads\/Erstsemester_Begruessung-7-350x233.jpg 350w, https:\/\/visualjournalism.de\/wp-content\/uploads\/Erstsemester_Begruessung-7-300x200.jpg 300w, https:\/\/visualjournalism.de\/wp-content\/uploads\/Erstsemester_Begruessung-7-1024x683.jpg 1024w, https:\/\/visualjournalism.de\/wp-content\/uploads\/Erstsemester_Begruessung-7-768x512.jpg 768w, https:\/\/visualjournalism.de\/wp-content\/uploads\/Erstsemester_Begruessung-7-1536x1024.jpg 1536w, https:\/\/visualjournalism.de\/wp-content\/uploads\/Erstsemester_Begruessung-7-2048x1365.jpg 2048w, https:\/\/visualjournalism.de\/wp-content\/uploads\/Erstsemester_Begruessung-7-1920x1280.jpg 1920w, https:\/\/visualjournalism.de\/wp-content\/uploads\/Erstsemester_Begruessung-7-1400x933.jpg 1400w, https:\/\/visualjournalism.de\/wp-content\/uploads\/Erstsemester_Begruessung-7-1050x700.jpg 1050w, https:\/\/visualjournalism.de\/wp-content\/uploads\/Erstsemester_Begruessung-7-670x447.jpg 670w, https:\/\/visualjournalism.de\/wp-content\/uploads\/Erstsemester_Begruessung-7-420x280.jpg 420w\" \n                            width=\"350\"  \n                            height=\"233\" \n                            alt=\"\"  \n                        \/>\n\n                    <\/div>\n                \n                        \n\n                    <div class=\"splide__slide\">\n\n                        <img loading=\"lazy\" decoding=\"async\"  \n                            src=\"https:\/\/visualjournalism.de\/wp-content\/uploads\/Erstsemester_Begruessung-21-350x233.jpg\" \n                            srcset=\"https:\/\/visualjournalism.de\/wp-content\/uploads\/Erstsemester_Begruessung-21-350x233.jpg 350w, https:\/\/visualjournalism.de\/wp-content\/uploads\/Erstsemester_Begruessung-21-300x200.jpg 300w, https:\/\/visualjournalism.de\/wp-content\/uploads\/Erstsemester_Begruessung-21-1024x683.jpg 1024w, https:\/\/visualjournalism.de\/wp-content\/uploads\/Erstsemester_Begruessung-21-768x512.jpg 768w, https:\/\/visualjournalism.de\/wp-content\/uploads\/Erstsemester_Begruessung-21-1536x1024.jpg 1536w, https:\/\/visualjournalism.de\/wp-content\/uploads\/Erstsemester_Begruessung-21-2048x1365.jpg 2048w, https:\/\/visualjournalism.de\/wp-content\/uploads\/Erstsemester_Begruessung-21-1920x1280.jpg 1920w, https:\/\/visualjournalism.de\/wp-content\/uploads\/Erstsemester_Begruessung-21-1400x933.jpg 1400w, https:\/\/visualjournalism.de\/wp-content\/uploads\/Erstsemester_Begruessung-21-1050x700.jpg 1050w, https:\/\/visualjournalism.de\/wp-content\/uploads\/Erstsemester_Begruessung-21-670x447.jpg 670w, https:\/\/visualjournalism.de\/wp-content\/uploads\/Erstsemester_Begruessung-21-420x280.jpg 420w\" \n                            width=\"350\"  \n                            height=\"233\" \n                            alt=\"\"  \n                        \/>\n\n                    <\/div>\n                \n                \n        <\/div> <!-- .splide__list -->\n\n    <\/div><!-- slide__track -->\n<\/div>\t\t<\/a>\r\n\t<\/figure><!-- .post__image -->\r\n\r\n<\/article>\r\n\n<\/div><!-- .2-columns-teaser-->\n\n    \n\n\n<div class=\"wp-block-group has-spacing--default has-spacing--default\">\n<div class=\"devider has-spacing--none\">\n    <hr>\n<\/div>\n\n\n \n\n    <div id=\"lead-in-block_e0b507af10fa6dcc3a0de8b61954fc4a\" class=\"block-lead-in typo--default font-size--xl has-spacing--s width--default\">\n        <p><strong>Empfehlungen der Redaktion:<\/strong><\/p>\n    <\/div>\n\n\n\n\r\n\r\n\r\n\n\n\r\n\r\n\r\n\r\n        <div class=\"teaser-grid grid-layout--3col has-spacing--s width--inline\">\r\n\r\n            \r\n                <article class=\"post-teaser\">\r\n\r\n                    <a href=\"https:\/\/visualjournalism.de\/en\/magazine\/sammeln\/inszenierte-endlichkeit\/\" rel=\"permalink\">\r\n\r\n                        <div class=\"post-teaser__content\">\r\n\r\n                            <span class=\"entry-categories\">Sammeln<\/span>\r\n                            <h3 class=\"post-teaser__headline\">\r\n                                Inszenierte Endlichkeit                            <\/h3>\r\n\r\n                            <div class=\"post-teaser__excerpt\">\r\n                                <p>Zwei Fotografinnen legen sich in einen Sarg und fotografieren sich gegenseitig. Was nach Tabubruch klingt, ist eine Auseinandersetzung mit Kommerz, Ritualen und der Frage: Darf man das?<\/p>\r\n                            <\/div>\r\n\r\n                        <\/div><!-- .post-teaser__content -->\r\n\r\n\r\n                        \r\n                            <figure class=\"post-teaser__image\">\r\n                                <img loading=\"lazy\" decoding=\"async\"  \r\n                                    src=\"https:\/\/visualjournalism.de\/wp-content\/uploads\/Clara-Schoettke_Antonia-Teichert_Sammeln_10-768x768.jpg\" \r\n                                    srcset=\"https:\/\/visualjournalism.de\/wp-content\/uploads\/Clara-Schoettke_Antonia-Teichert_Sammeln_10-768x768.jpg 768w, https:\/\/visualjournalism.de\/wp-content\/uploads\/Clara-Schoettke_Antonia-Teichert_Sammeln_10-300x300.jpg 300w, https:\/\/visualjournalism.de\/wp-content\/uploads\/Clara-Schoettke_Antonia-Teichert_Sammeln_10-1024x1024.jpg 1024w, https:\/\/visualjournalism.de\/wp-content\/uploads\/Clara-Schoettke_Antonia-Teichert_Sammeln_10-150x150.jpg 150w, https:\/\/visualjournalism.de\/wp-content\/uploads\/Clara-Schoettke_Antonia-Teichert_Sammeln_10-1536x1536.jpg 1536w, https:\/\/visualjournalism.de\/wp-content\/uploads\/Clara-Schoettke_Antonia-Teichert_Sammeln_10-2048x2048.jpg 2048w, https:\/\/visualjournalism.de\/wp-content\/uploads\/Clara-Schoettke_Antonia-Teichert_Sammeln_10-1920x1920.jpg 1920w, https:\/\/visualjournalism.de\/wp-content\/uploads\/Clara-Schoettke_Antonia-Teichert_Sammeln_10-1400x1400.jpg 1400w, https:\/\/visualjournalism.de\/wp-content\/uploads\/Clara-Schoettke_Antonia-Teichert_Sammeln_10-1050x1050.jpg 1050w, https:\/\/visualjournalism.de\/wp-content\/uploads\/Clara-Schoettke_Antonia-Teichert_Sammeln_10-670x670.jpg 670w, https:\/\/visualjournalism.de\/wp-content\/uploads\/Clara-Schoettke_Antonia-Teichert_Sammeln_10-420x420.jpg 420w, https:\/\/visualjournalism.de\/wp-content\/uploads\/Clara-Schoettke_Antonia-Teichert_Sammeln_10-350x350.jpg 350w, https:\/\/visualjournalism.de\/wp-content\/uploads\/Clara-Schoettke_Antonia-Teichert_Sammeln_10-52x52.jpg 52w, https:\/\/visualjournalism.de\/wp-content\/uploads\/Clara-Schoettke_Antonia-Teichert_Sammeln_10-68x68.jpg 68w, https:\/\/visualjournalism.de\/wp-content\/uploads\/Clara-Schoettke_Antonia-Teichert_Sammeln_10-96x96.jpg 96w\" \r\n                                    width=\"768\"  \r\n                                    height=\"768\" \r\n                                    alt=\"\"\r\n                                \/>\r\n                            <\/figure>\r\n\r\n                        \r\n                    \r\n                    <\/a>\r\n\r\n                <\/article><!--- .post-teaser-->\r\n\r\n            \r\n                <article class=\"post-teaser\">\r\n\r\n                    <a href=\"https:\/\/visualjournalism.de\/en\/magazine\/sammeln\/stress-im-alltag-atmen-trotz-allem\/\" rel=\"permalink\">\r\n\r\n                        <div class=\"post-teaser__content\">\r\n\r\n                            <span class=\"entry-categories\">Sammeln<\/span>\r\n                            <h3 class=\"post-teaser__headline\">\r\n                                Atmen trotz allem                            <\/h3>\r\n\r\n                            <div class=\"post-teaser__excerpt\">\r\n                                <p>Die Welt wird lauter, die Jugend ersch\u00f6pfter \u2013 und Selbstf\u00fcrsorge zum Privileg. Wo junge Menschen heute noch Kraft finden.<\/p>\r\n                            <\/div>\r\n\r\n                        <\/div><!-- .post-teaser__content -->\r\n\r\n\r\n                        \r\n                            <figure class=\"post-teaser__image\">\r\n                                <img loading=\"lazy\" decoding=\"async\"  \r\n                                    src=\"https:\/\/visualjournalism.de\/wp-content\/uploads\/Yael-Wagner00002-768x512.jpg\" \r\n                                    srcset=\"https:\/\/visualjournalism.de\/wp-content\/uploads\/Yael-Wagner00002-768x512.jpg 768w, https:\/\/visualjournalism.de\/wp-content\/uploads\/Yael-Wagner00002-300x200.jpg 300w, https:\/\/visualjournalism.de\/wp-content\/uploads\/Yael-Wagner00002-1024x683.jpg 1024w, https:\/\/visualjournalism.de\/wp-content\/uploads\/Yael-Wagner00002-1536x1024.jpg 1536w, https:\/\/visualjournalism.de\/wp-content\/uploads\/Yael-Wagner00002-2048x1365.jpg 2048w, https:\/\/visualjournalism.de\/wp-content\/uploads\/Yael-Wagner00002-1920x1280.jpg 1920w, https:\/\/visualjournalism.de\/wp-content\/uploads\/Yael-Wagner00002-1400x933.jpg 1400w, https:\/\/visualjournalism.de\/wp-content\/uploads\/Yael-Wagner00002-1050x700.jpg 1050w, https:\/\/visualjournalism.de\/wp-content\/uploads\/Yael-Wagner00002-670x447.jpg 670w, https:\/\/visualjournalism.de\/wp-content\/uploads\/Yael-Wagner00002-420x280.jpg 420w, https:\/\/visualjournalism.de\/wp-content\/uploads\/Yael-Wagner00002-350x233.jpg 350w, https:\/\/visualjournalism.de\/wp-content\/uploads\/Yael-Wagner00002-150x100.jpg 150w\" \r\n                                    width=\"768\"  \r\n                                    height=\"512\" \r\n                                    alt=\"\"\r\n                                \/>\r\n                            <\/figure>\r\n\r\n                        \r\n                    \r\n                    <\/a>\r\n\r\n                <\/article><!--- .post-teaser-->\r\n\r\n            \r\n                <article class=\"post-teaser\">\r\n\r\n                    <a href=\"https:\/\/visualjournalism.de\/en\/magazine\/ratgeber\/nicht-jedes-laecheln-bedeutet-zustimmung-wie-respektvolle-reisefotografie-gelingt\/\" rel=\"permalink\">\r\n\r\n                        <div class=\"post-teaser__content\">\r\n\r\n                            <span class=\"entry-categories\">Ratgeber<\/span>\r\n                            <h3 class=\"post-teaser__headline\">\r\n                                Faire Reisefotografie: Nicht jedes L\u00e4cheln bedeutet Zustimmung\u00a0                            <\/h3>\r\n\r\n                            <div class=\"post-teaser__excerpt\">\r\n                                <p>Ein Klick geht schnell, R\u00fccksicht nicht immer \u2013 so fotografierst du auf deinen Reisen respektvoll.<\/p>\r\n                            <\/div>\r\n\r\n                        <\/div><!-- .post-teaser__content -->\r\n\r\n\r\n                        \r\n                            <figure class=\"post-teaser__image\">\r\n                                <img loading=\"lazy\" decoding=\"async\"  \r\n                                    src=\"https:\/\/visualjournalism.de\/wp-content\/uploads\/SalomeZiermann_Scan_Indien_03-768x512.jpg\" \r\n                                    srcset=\"https:\/\/visualjournalism.de\/wp-content\/uploads\/SalomeZiermann_Scan_Indien_03-768x512.jpg 768w, https:\/\/visualjournalism.de\/wp-content\/uploads\/SalomeZiermann_Scan_Indien_03-300x200.jpg 300w, https:\/\/visualjournalism.de\/wp-content\/uploads\/SalomeZiermann_Scan_Indien_03-1024x683.jpg 1024w, https:\/\/visualjournalism.de\/wp-content\/uploads\/SalomeZiermann_Scan_Indien_03-1050x700.jpg 1050w, https:\/\/visualjournalism.de\/wp-content\/uploads\/SalomeZiermann_Scan_Indien_03-670x447.jpg 670w, https:\/\/visualjournalism.de\/wp-content\/uploads\/SalomeZiermann_Scan_Indien_03-420x280.jpg 420w, https:\/\/visualjournalism.de\/wp-content\/uploads\/SalomeZiermann_Scan_Indien_03-350x233.jpg 350w, https:\/\/visualjournalism.de\/wp-content\/uploads\/SalomeZiermann_Scan_Indien_03-150x100.jpg 150w, https:\/\/visualjournalism.de\/wp-content\/uploads\/SalomeZiermann_Scan_Indien_03.jpg 1200w\" \r\n                                    width=\"768\"  \r\n                                    height=\"512\" \r\n                                    alt=\"Zwei Frauen in traditionellen, bunten Saris l\u00e4cheln und gestikulieren in die Kamera. Ein Kind und ein Junge im Hintergrund erg\u00e4nzen die Szene.\"\r\n                                \/>\r\n                            <\/figure>\r\n\r\n                        \r\n                    \r\n                    <\/a>\r\n\r\n                <\/article><!--- .post-teaser-->\r\n\r\n            \r\n        <\/div><!-- .teaser-grid -->\r\n\r\n\n\n\r\n\r\n\r\n\n\n\n    <div class=\"btn-wrapper has-spacing--m\">\n        <a class=\"btn\" href=\"https:\/\/visualjournalism.de\/magazin\/\" target=\"_blank\">ZUR MAGAZIN-STARTSEITE<\/a>\n    <\/div>\n<\/div>\n<\/div>\n\n<div class=\"wp-block-group has-spacing--none has-color-3-background-color has-background has-spacing--none\">\n    <nav id=\"section-navigation-block_19519dcf3fc8015589b5b24b7109b088\" class=\"section-navigation has-spacing--m\">\n        <ul>\n\n                \n                    <li>Contact<\/li>\n                \n            \n            \n                        \n                        \n\n            \n\n        <\/ul>\n        \n    <\/nav>\n\n\n\n<div class=\"pinned-block has-spacing--m\">\n\t\n\n<div class=\"pinned-block__column--left\">\n    \n\n \n\n    <div id=\"lead-in-block_7d8f84132ec2aa1881b3ce9299a896d7\" class=\"block-lead-in typo--soehne font-size--xl has-spacing--m width--full\">\n        <p><strong>Your contact partners<\/strong> will be happy to assist you with your personal concerns. However, due to the large number of enquiries, we ask you to first check our FAQ to see if your question may already have been answered.<\/p>\n    <\/div>\n\n\n\n\n    <div class=\"btn-wrapper alignleft has-spacing--m\">\n        <a class=\"btn\" href=\"https:\/\/visualjournalism.de\/faq\/\" target=\"_blank\">FAQ<\/a>\n    <\/div>\n\n\n<\/div>\n\n\n<div class=\"pinned-block__column--right\">\n    \n    \n    <div class=\"infocard has-spacing--m\">\n\n    \n        <div class=\"info-item--full\">\n            <p>\n                <span class=\"info-item__headline\">Dean of Studies, Design and Media department<\/span>\n            <\/p>\n            \n            <div class=\"info-item__content\">\n                <p>\n                    <span class=\"info-item__text\"><a href=\"https:\/\/visualjournalism.de\/karen-fromm\/\">Prof. Dr. Karen Fromm<\/a><\/span>\n                    <span class=\"info-item__text--small\">\n                        <span><a href=\"mailto:karen.fromm@hs-hannover.de\">E-Mail schreiben<\/a><\/span><span><a href=\"tel:+49 511 9296 8538\">+49 511 9296 8538<\/a><\/span>                    <\/span>\n                <\/p>\n\n                <figure class=\"info-item__image\">\n\n                    <a href=\"https:\/\/visualjournalism.de\/karen-fromm\/\"><img loading=\"lazy\" decoding=\"async\" width=\"52\" height=\"52\" src=\"https:\/\/visualjournalism.de\/wp-content\/uploads\/Prof_Dr_Karen_Fromm_thumb-1-52x52.jpg\" class=\"attachment-image-portrait size-image-portrait\" alt=\"\" srcset=\"https:\/\/visualjournalism.de\/wp-content\/uploads\/Prof_Dr_Karen_Fromm_thumb-1-52x52.jpg 52w, https:\/\/visualjournalism.de\/wp-content\/uploads\/Prof_Dr_Karen_Fromm_thumb-1.jpg 100w\" sizes=\"auto, (max-width: 52px) 100vw, 52px\" \/><\/a>                <\/figure>\n                \n            <\/div><!-- .info-item__content -->\n            \n        <\/div><!-- .info-item--full -->\n\n\n        <div class=\"info-item--full\">\n            <p>\n                <span class=\"info-item__headline\">Programme representative<\/span>\n            <\/p>\n            \n            <div class=\"info-item__content\">\n                <p>\n                    <span class=\"info-item__text\"><a href=\"https:\/\/visualjournalism.de\/michael-hauri\/\">Prof. Michael Hauri<\/a><\/span>\n                    <span class=\"info-item__text--small\">\n                        <span><a href=\"mailto:michael.hauri@hs-hannover.de\">E-Mail schreiben<\/a><\/span><span><a href=\"tel:+49 511 9296 8241\">+49 511 9296 8241<\/a><\/span>                    <\/span>\n                <\/p>\n\n                <figure class=\"info-item__image\">\n\n                    <a href=\"https:\/\/visualjournalism.de\/michael-hauri\/\"><img loading=\"lazy\" decoding=\"async\" width=\"52\" height=\"52\" src=\"https:\/\/visualjournalism.de\/wp-content\/uploads\/Michael-Hauri-thumb-1-52x52.jpg\" class=\"attachment-image-portrait size-image-portrait\" alt=\"\" srcset=\"https:\/\/visualjournalism.de\/wp-content\/uploads\/Michael-Hauri-thumb-1-52x52.jpg 52w, https:\/\/visualjournalism.de\/wp-content\/uploads\/Michael-Hauri-thumb-1-68x68.jpg 68w, https:\/\/visualjournalism.de\/wp-content\/uploads\/Michael-Hauri-thumb-1-96x96.jpg 96w, https:\/\/visualjournalism.de\/wp-content\/uploads\/Michael-Hauri-thumb-1.jpg 100w\" sizes=\"auto, (max-width: 52px) 100vw, 52px\" \/><\/a>                <\/figure>\n                \n            <\/div><!-- .info-item__content -->\n            \n        <\/div><!-- .info-item--full -->\n\n\n        <div class=\"info-item--full\">\n            <p>\n                <span class=\"info-item__headline\">Application and admission procedure<\/span>\n            <\/p>\n            \n            <div class=\"info-item__content\">\n                <p>\n                    <span class=\"info-item__text\"><a href=\"https:\/\/visualjournalism.de\/lars-bauernschmitt\/\">Prof. Lars Bauernschmitt<\/a><\/span>\n                    <span class=\"info-item__text--small\">\n                        <span><a href=\"mailto:lars.bauernschmitt@hs-hannover.de\">E-Mail schreiben<\/a><\/span><span><a href=\"tel:+49 511 9296 2467\">+49 511 9296 2467<\/a><\/span>                    <\/span>\n                <\/p>\n\n                <figure class=\"info-item__image\">\n\n                    <a href=\"https:\/\/visualjournalism.de\/lars-bauernschmitt\/\"><img loading=\"lazy\" decoding=\"async\" width=\"52\" height=\"52\" src=\"https:\/\/visualjournalism.de\/wp-content\/uploads\/prof_lars_bauernschmitt_thumb-1-52x52.jpg\" class=\"attachment-image-portrait size-image-portrait\" alt=\"\" srcset=\"https:\/\/visualjournalism.de\/wp-content\/uploads\/prof_lars_bauernschmitt_thumb-1-52x52.jpg 52w, https:\/\/visualjournalism.de\/wp-content\/uploads\/prof_lars_bauernschmitt_thumb-1.jpg 100w\" sizes=\"auto, (max-width: 52px) 100vw, 52px\" \/><\/a>                <\/figure>\n                \n            <\/div><!-- .info-item__content -->\n            \n        <\/div><!-- .info-item--full -->\n\n \n    <\/div>\n\n\n\n<p class=\"post__paragraph is-style-typo--soehne has-spacing--m has-spacing--default\">Hochschule Hannover<br>Faculty III &#8211; Media, Information and Design<br>Expo Plaza 2<br>D-30539 Hanover<\/p>\n\n\n\n    <div class=\"btn-wrapper has-spacing--m\">\n        <a class=\"btn\" href=\"https:\/\/www.hs-hannover.de\" target=\"_blank\">HS-HANNOVER.DE<\/a>\n    <\/div>\n\n\n<\/div>\n<\/div><\/div>\n","protected":false},"excerpt":{"rendered":"<p>Graduate Daniel Chatard was honored at this year&#8217;s World Press Photo Award: With his long-term project &#8220;No Man&#8217;s Land&#8221;, he won in the &#8220;Long-Term Projects&#8221; category for the Europe region. In this photographic essay, he has been documenting lignite mining in North Rhine-Westphalia since 2017. Daniel Chatard originally started the project as a student photo [&hellip;]<\/p>\n","protected":false},"author":3,"featured_media":40310,"comment_status":"closed","ping_status":"closed","sticky":false,"template":"","format":"standard","meta":{"_acf_changed":false,"footnotes":""},"categories":[82,78],"tags":[],"class_list":["post-40322","post","type-post","status-publish","format-standard","has-post-thumbnail","hentry","category-awards","category-news-en"],"acf":[],"yoast_head":"<!-- This site is optimized with the Yoast SEO Premium plugin v27.3 (Yoast SEO v27.3) - https:\/\/yoast.com\/product\/yoast-seo-premium-wordpress\/ -->\n<title>HsH graduate Daniel Chatard wins at World Press Photo 24<\/title>\n<meta name=\"description\" content=\"The photojournalist was chosen as the winner of the Long Term Projects category for Europe with his project on coal mining.\" \/>\n<meta name=\"robots\" content=\"index, follow, max-snippet:-1, max-image-preview:large, max-video-preview:-1\" \/>\n<link rel=\"canonical\" href=\"https:\/\/visualjournalism.de\/en\/news-en\/graduate-daniel-chatard-wins-at-world-press-photo-2024\/\" \/>\n<meta property=\"og:locale\" content=\"en_US\" \/>\n<meta property=\"og:type\" content=\"article\" \/>\n<meta property=\"og:title\" content=\"Graduate Daniel Chatard wins at World Press Photo 2024\" \/>\n<meta property=\"og:description\" content=\"The photojournalist was chosen as the winner of the Long Term Projects category for Europe with his project on coal mining.\" \/>\n<meta property=\"og:url\" content=\"https:\/\/visualjournalism.de\/en\/news-en\/graduate-daniel-chatard-wins-at-world-press-photo-2024\/\" \/>\n<meta property=\"og:site_name\" content=\"Visual Journalism and Documentary Photography\" \/>\n<meta property=\"article:publisher\" content=\"https:\/\/www.facebook.com\/people\/wwwfotostudentende\/100065173703897\/\" \/>\n<meta property=\"article:published_time\" content=\"2024-04-04T07:35:05+00:00\" \/>\n<meta property=\"article:modified_time\" content=\"2024-05-24T05:30:19+00:00\" \/>\n<meta property=\"og:image\" content=\"https:\/\/visualjournalism.de\/wp-content\/uploads\/Portrait_Daniel-Chatard.jpeg\" \/>\n\t<meta property=\"og:image:width\" content=\"800\" \/>\n\t<meta property=\"og:image:height\" content=\"1066\" \/>\n\t<meta property=\"og:image:type\" content=\"image\/jpeg\" \/>\n<meta name=\"author\" content=\"Finn Winkler\" \/>\n<meta name=\"twitter:card\" content=\"summary_large_image\" \/>\n<meta name=\"twitter:creator\" content=\"@HsHannover\" \/>\n<meta name=\"twitter:site\" content=\"@HsHannover\" \/>\n<meta name=\"twitter:label1\" content=\"Written by\" \/>\n\t<meta name=\"twitter:data1\" content=\"Finn Winkler\" \/>\n\t<meta name=\"twitter:label2\" content=\"Est. reading time\" \/>\n\t<meta name=\"twitter:data2\" content=\"3 minutes\" \/>\n<script type=\"application\/ld+json\" class=\"yoast-schema-graph\">{\"@context\":\"https:\\\/\\\/schema.org\",\"@graph\":[{\"@type\":\"Article\",\"@id\":\"https:\\\/\\\/visualjournalism.de\\\/en\\\/news-en\\\/graduate-daniel-chatard-wins-at-world-press-photo-2024\\\/#article\",\"isPartOf\":{\"@id\":\"https:\\\/\\\/visualjournalism.de\\\/en\\\/news-en\\\/graduate-daniel-chatard-wins-at-world-press-photo-2024\\\/\"},\"author\":{\"name\":\"Finn Winkler\",\"@id\":\"https:\\\/\\\/visualjournalism.de\\\/en\\\/#\\\/schema\\\/person\\\/fe76d52976e84c2580e156ad5f413b78\"},\"headline\":\"Graduate Daniel Chatard wins at World Press Photo 2024\",\"datePublished\":\"2024-04-04T07:35:05+00:00\",\"dateModified\":\"2024-05-24T05:30:19+00:00\",\"mainEntityOfPage\":{\"@id\":\"https:\\\/\\\/visualjournalism.de\\\/en\\\/news-en\\\/graduate-daniel-chatard-wins-at-world-press-photo-2024\\\/\"},\"wordCount\":456,\"publisher\":{\"@id\":\"https:\\\/\\\/visualjournalism.de\\\/en\\\/#organization\"},\"image\":{\"@id\":\"https:\\\/\\\/visualjournalism.de\\\/en\\\/news-en\\\/graduate-daniel-chatard-wins-at-world-press-photo-2024\\\/#primaryimage\"},\"thumbnailUrl\":\"https:\\\/\\\/visualjournalism.de\\\/wp-content\\\/uploads\\\/Portrait_Daniel-Chatard.jpeg\",\"articleSection\":[\"Awards\",\"News\"],\"inLanguage\":\"en-US\"},{\"@type\":\"WebPage\",\"@id\":\"https:\\\/\\\/visualjournalism.de\\\/en\\\/news-en\\\/graduate-daniel-chatard-wins-at-world-press-photo-2024\\\/\",\"url\":\"https:\\\/\\\/visualjournalism.de\\\/en\\\/news-en\\\/graduate-daniel-chatard-wins-at-world-press-photo-2024\\\/\",\"name\":\"HsH graduate Daniel Chatard wins at World Press Photo 24\",\"isPartOf\":{\"@id\":\"https:\\\/\\\/visualjournalism.de\\\/en\\\/#website\"},\"primaryImageOfPage\":{\"@id\":\"https:\\\/\\\/visualjournalism.de\\\/en\\\/news-en\\\/graduate-daniel-chatard-wins-at-world-press-photo-2024\\\/#primaryimage\"},\"image\":{\"@id\":\"https:\\\/\\\/visualjournalism.de\\\/en\\\/news-en\\\/graduate-daniel-chatard-wins-at-world-press-photo-2024\\\/#primaryimage\"},\"thumbnailUrl\":\"https:\\\/\\\/visualjournalism.de\\\/wp-content\\\/uploads\\\/Portrait_Daniel-Chatard.jpeg\",\"datePublished\":\"2024-04-04T07:35:05+00:00\",\"dateModified\":\"2024-05-24T05:30:19+00:00\",\"description\":\"The photojournalist was chosen as the winner of the Long Term Projects category for Europe with his project on coal mining.\",\"breadcrumb\":{\"@id\":\"https:\\\/\\\/visualjournalism.de\\\/en\\\/news-en\\\/graduate-daniel-chatard-wins-at-world-press-photo-2024\\\/#breadcrumb\"},\"inLanguage\":\"en-US\",\"potentialAction\":[{\"@type\":\"ReadAction\",\"target\":[\"https:\\\/\\\/visualjournalism.de\\\/en\\\/news-en\\\/graduate-daniel-chatard-wins-at-world-press-photo-2024\\\/\"]}]},{\"@type\":\"ImageObject\",\"inLanguage\":\"en-US\",\"@id\":\"https:\\\/\\\/visualjournalism.de\\\/en\\\/news-en\\\/graduate-daniel-chatard-wins-at-world-press-photo-2024\\\/#primaryimage\",\"url\":\"https:\\\/\\\/visualjournalism.de\\\/wp-content\\\/uploads\\\/Portrait_Daniel-Chatard.jpeg\",\"contentUrl\":\"https:\\\/\\\/visualjournalism.de\\\/wp-content\\\/uploads\\\/Portrait_Daniel-Chatard.jpeg\",\"width\":800,\"height\":1066,\"caption\":\"Photographer Daniel Chatard. Photo: Aliona Kardash\"},{\"@type\":\"BreadcrumbList\",\"@id\":\"https:\\\/\\\/visualjournalism.de\\\/en\\\/news-en\\\/graduate-daniel-chatard-wins-at-world-press-photo-2024\\\/#breadcrumb\",\"itemListElement\":[{\"@type\":\"ListItem\",\"position\":1,\"name\":\"Home\",\"item\":\"https:\\\/\\\/visualjournalism.de\\\/en\\\/\"},{\"@type\":\"ListItem\",\"position\":2,\"name\":\"Graduate Daniel Chatard wins at World Press Photo 2024\"}]},{\"@type\":\"WebSite\",\"@id\":\"https:\\\/\\\/visualjournalism.de\\\/en\\\/#website\",\"url\":\"https:\\\/\\\/visualjournalism.de\\\/en\\\/\",\"name\":\"Visual Journalism and Documentary Photography\",\"description\":\"All about the bilingual bachelor&#039;s program at Hannover University of Applied Sciences and Arts.\",\"publisher\":{\"@id\":\"https:\\\/\\\/visualjournalism.de\\\/en\\\/#organization\"},\"alternateName\":\"visualjournalism.de\",\"potentialAction\":[{\"@type\":\"SearchAction\",\"target\":{\"@type\":\"EntryPoint\",\"urlTemplate\":\"https:\\\/\\\/visualjournalism.de\\\/en\\\/?s={search_term_string}\"},\"query-input\":{\"@type\":\"PropertyValueSpecification\",\"valueRequired\":true,\"valueName\":\"search_term_string\"}}],\"inLanguage\":\"en-US\"},{\"@type\":\"Organization\",\"@id\":\"https:\\\/\\\/visualjournalism.de\\\/en\\\/#organization\",\"name\":\"Hochschule Hannover \u2013 University of Applied Sciences and Arts\",\"alternateName\":\"HsH\",\"url\":\"https:\\\/\\\/visualjournalism.de\\\/en\\\/\",\"logo\":{\"@type\":\"ImageObject\",\"inLanguage\":\"en-US\",\"@id\":\"https:\\\/\\\/visualjournalism.de\\\/en\\\/#\\\/schema\\\/logo\\\/image\\\/\",\"url\":\"https:\\\/\\\/visualjournalism.de\\\/wp-content\\\/uploads\\\/logo-hochschule-hannover.png\",\"contentUrl\":\"https:\\\/\\\/visualjournalism.de\\\/wp-content\\\/uploads\\\/logo-hochschule-hannover.png\",\"width\":363,\"height\":270,\"caption\":\"Hochschule Hannover \u2013 University of Applied Sciences and Arts\"},\"image\":{\"@id\":\"https:\\\/\\\/visualjournalism.de\\\/en\\\/#\\\/schema\\\/logo\\\/image\\\/\"},\"sameAs\":[\"https:\\\/\\\/www.facebook.com\\\/people\\\/wwwfotostudentende\\\/100065173703897\\\/\",\"https:\\\/\\\/x.com\\\/HsHannover\",\"https:\\\/\\\/www.instagram.com\\\/visualjournalism.de\\\/\"]},{\"@type\":\"Person\",\"@id\":\"https:\\\/\\\/visualjournalism.de\\\/en\\\/#\\\/schema\\\/person\\\/fe76d52976e84c2580e156ad5f413b78\",\"name\":\"Finn Winkler\"}]}<\/script>\n<!-- \/ Yoast SEO Premium plugin. -->","yoast_head_json":{"title":"HsH graduate Daniel Chatard wins at World Press Photo 24","description":"The photojournalist was chosen as the winner of the Long Term Projects category for Europe with his project on coal mining.","robots":{"index":"index","follow":"follow","max-snippet":"max-snippet:-1","max-image-preview":"max-image-preview:large","max-video-preview":"max-video-preview:-1"},"canonical":"https:\/\/visualjournalism.de\/en\/news-en\/graduate-daniel-chatard-wins-at-world-press-photo-2024\/","og_locale":"en_US","og_type":"article","og_title":"Graduate Daniel Chatard wins at World Press Photo 2024","og_description":"The photojournalist was chosen as the winner of the Long Term Projects category for Europe with his project on coal mining.","og_url":"https:\/\/visualjournalism.de\/en\/news-en\/graduate-daniel-chatard-wins-at-world-press-photo-2024\/","og_site_name":"Visual Journalism and Documentary Photography","article_publisher":"https:\/\/www.facebook.com\/people\/wwwfotostudentende\/100065173703897\/","article_published_time":"2024-04-04T07:35:05+00:00","article_modified_time":"2024-05-24T05:30:19+00:00","og_image":[{"width":800,"height":1066,"url":"https:\/\/visualjournalism.de\/wp-content\/uploads\/Portrait_Daniel-Chatard.jpeg","type":"image\/jpeg"}],"author":"Finn Winkler","twitter_card":"summary_large_image","twitter_creator":"@HsHannover","twitter_site":"@HsHannover","twitter_misc":{"Written by":"Finn Winkler","Est. reading time":"3 minutes"},"schema":{"@context":"https:\/\/schema.org","@graph":[{"@type":"Article","@id":"https:\/\/visualjournalism.de\/en\/news-en\/graduate-daniel-chatard-wins-at-world-press-photo-2024\/#article","isPartOf":{"@id":"https:\/\/visualjournalism.de\/en\/news-en\/graduate-daniel-chatard-wins-at-world-press-photo-2024\/"},"author":{"name":"Finn Winkler","@id":"https:\/\/visualjournalism.de\/en\/#\/schema\/person\/fe76d52976e84c2580e156ad5f413b78"},"headline":"Graduate Daniel Chatard wins at World Press Photo 2024","datePublished":"2024-04-04T07:35:05+00:00","dateModified":"2024-05-24T05:30:19+00:00","mainEntityOfPage":{"@id":"https:\/\/visualjournalism.de\/en\/news-en\/graduate-daniel-chatard-wins-at-world-press-photo-2024\/"},"wordCount":456,"publisher":{"@id":"https:\/\/visualjournalism.de\/en\/#organization"},"image":{"@id":"https:\/\/visualjournalism.de\/en\/news-en\/graduate-daniel-chatard-wins-at-world-press-photo-2024\/#primaryimage"},"thumbnailUrl":"https:\/\/visualjournalism.de\/wp-content\/uploads\/Portrait_Daniel-Chatard.jpeg","articleSection":["Awards","News"],"inLanguage":"en-US"},{"@type":"WebPage","@id":"https:\/\/visualjournalism.de\/en\/news-en\/graduate-daniel-chatard-wins-at-world-press-photo-2024\/","url":"https:\/\/visualjournalism.de\/en\/news-en\/graduate-daniel-chatard-wins-at-world-press-photo-2024\/","name":"HsH graduate Daniel Chatard wins at World Press Photo 24","isPartOf":{"@id":"https:\/\/visualjournalism.de\/en\/#website"},"primaryImageOfPage":{"@id":"https:\/\/visualjournalism.de\/en\/news-en\/graduate-daniel-chatard-wins-at-world-press-photo-2024\/#primaryimage"},"image":{"@id":"https:\/\/visualjournalism.de\/en\/news-en\/graduate-daniel-chatard-wins-at-world-press-photo-2024\/#primaryimage"},"thumbnailUrl":"https:\/\/visualjournalism.de\/wp-content\/uploads\/Portrait_Daniel-Chatard.jpeg","datePublished":"2024-04-04T07:35:05+00:00","dateModified":"2024-05-24T05:30:19+00:00","description":"The photojournalist was chosen as the winner of the Long Term Projects category for Europe with his project on coal mining.","breadcrumb":{"@id":"https:\/\/visualjournalism.de\/en\/news-en\/graduate-daniel-chatard-wins-at-world-press-photo-2024\/#breadcrumb"},"inLanguage":"en-US","potentialAction":[{"@type":"ReadAction","target":["https:\/\/visualjournalism.de\/en\/news-en\/graduate-daniel-chatard-wins-at-world-press-photo-2024\/"]}]},{"@type":"ImageObject","inLanguage":"en-US","@id":"https:\/\/visualjournalism.de\/en\/news-en\/graduate-daniel-chatard-wins-at-world-press-photo-2024\/#primaryimage","url":"https:\/\/visualjournalism.de\/wp-content\/uploads\/Portrait_Daniel-Chatard.jpeg","contentUrl":"https:\/\/visualjournalism.de\/wp-content\/uploads\/Portrait_Daniel-Chatard.jpeg","width":800,"height":1066,"caption":"Photographer Daniel Chatard. Photo: Aliona Kardash"},{"@type":"BreadcrumbList","@id":"https:\/\/visualjournalism.de\/en\/news-en\/graduate-daniel-chatard-wins-at-world-press-photo-2024\/#breadcrumb","itemListElement":[{"@type":"ListItem","position":1,"name":"Home","item":"https:\/\/visualjournalism.de\/en\/"},{"@type":"ListItem","position":2,"name":"Graduate Daniel Chatard wins at World Press Photo 2024"}]},{"@type":"WebSite","@id":"https:\/\/visualjournalism.de\/en\/#website","url":"https:\/\/visualjournalism.de\/en\/","name":"Visual Journalism and Documentary Photography","description":"All about the bilingual bachelor&#039;s program at Hannover University of Applied Sciences and Arts.","publisher":{"@id":"https:\/\/visualjournalism.de\/en\/#organization"},"alternateName":"visualjournalism.de","potentialAction":[{"@type":"SearchAction","target":{"@type":"EntryPoint","urlTemplate":"https:\/\/visualjournalism.de\/en\/?s={search_term_string}"},"query-input":{"@type":"PropertyValueSpecification","valueRequired":true,"valueName":"search_term_string"}}],"inLanguage":"en-US"},{"@type":"Organization","@id":"https:\/\/visualjournalism.de\/en\/#organization","name":"Hochschule Hannover \u2013 University of Applied Sciences and Arts","alternateName":"HsH","url":"https:\/\/visualjournalism.de\/en\/","logo":{"@type":"ImageObject","inLanguage":"en-US","@id":"https:\/\/visualjournalism.de\/en\/#\/schema\/logo\/image\/","url":"https:\/\/visualjournalism.de\/wp-content\/uploads\/logo-hochschule-hannover.png","contentUrl":"https:\/\/visualjournalism.de\/wp-content\/uploads\/logo-hochschule-hannover.png","width":363,"height":270,"caption":"Hochschule Hannover \u2013 University of Applied Sciences and Arts"},"image":{"@id":"https:\/\/visualjournalism.de\/en\/#\/schema\/logo\/image\/"},"sameAs":["https:\/\/www.facebook.com\/people\/wwwfotostudentende\/100065173703897\/","https:\/\/x.com\/HsHannover","https:\/\/www.instagram.com\/visualjournalism.de\/"]},{"@type":"Person","@id":"https:\/\/visualjournalism.de\/en\/#\/schema\/person\/fe76d52976e84c2580e156ad5f413b78","name":"Finn Winkler"}]}},"_links":{"self":[{"href":"https:\/\/visualjournalism.de\/en\/wp-json\/wp\/v2\/posts\/40322","targetHints":{"allow":["GET"]}}],"collection":[{"href":"https:\/\/visualjournalism.de\/en\/wp-json\/wp\/v2\/posts"}],"about":[{"href":"https:\/\/visualjournalism.de\/en\/wp-json\/wp\/v2\/types\/post"}],"author":[{"embeddable":true,"href":"https:\/\/visualjournalism.de\/en\/wp-json\/wp\/v2\/users\/3"}],"replies":[{"embeddable":true,"href":"https:\/\/visualjournalism.de\/en\/wp-json\/wp\/v2\/comments?post=40322"}],"version-history":[{"count":0,"href":"https:\/\/visualjournalism.de\/en\/wp-json\/wp\/v2\/posts\/40322\/revisions"}],"wp:featuredmedia":[{"embeddable":true,"href":"https:\/\/visualjournalism.de\/en\/wp-json\/wp\/v2\/media\/40310"}],"wp:attachment":[{"href":"https:\/\/visualjournalism.de\/en\/wp-json\/wp\/v2\/media?parent=40322"}],"wp:term":[{"taxonomy":"category","embeddable":true,"href":"https:\/\/visualjournalism.de\/en\/wp-json\/wp\/v2\/categories?post=40322"},{"taxonomy":"post_tag","embeddable":true,"href":"https:\/\/visualjournalism.de\/en\/wp-json\/wp\/v2\/tags?post=40322"}],"curies":[{"name":"wp","href":"https:\/\/api.w.org\/{rel}","templated":true}]}}