{"id":58159,"date":"2025-03-06T13:48:07","date_gmt":"2025-03-06T13:48:07","guid":{"rendered":"https:\/\/visualjournalism.de\/?p=58159"},"modified":"2025-04-04T06:17:20","modified_gmt":"2025-04-04T06:17:20","slug":"international-class-2025-launched","status":"publish","type":"post","link":"https:\/\/visualjournalism.de\/en\/news-en\/international-class-2025-launched\/","title":{"rendered":"International Class 2025 launched."},"content":{"rendered":"\n \n\n    <div id=\"lead-in-block_d06f6f450f71314cee8a831833ccdf17\" class=\"block-lead-in typo--default font-size--xl has-spacing--m width--default\">\n        <h1>International Class 2025 launched.<\/h1>\n<p>In the ninth international class, students learn from renowned experts such as Mustafah Abdulaziz and Cale Garrido.<\/p>\n<div class=\"entry-meta\">\r\n    <span class=\"posted-on\"><a href=\"https:\/\/visualjournalism.de\/en\/news-en\/international-class-2025-launched\/\" rel=\"bookmark\"><time class=\"entry-date published\" datetime=\"2025-03-06T13:48:07+02:00\">06.03.2025<\/time><\/a><\/span> <span class=\"byline\">Text: <span class=\"author vcard\">Emil Eichinger<\/span><\/span><\/div><!-- .entry-meta -->\r\n    <\/div>\n\n\n\n    <figure class=\"block-photo post__image--wide-left has-spacing--m with-title\">\n\n        <div class=\"post__image__container\">\n            <img loading=\"lazy\" decoding=\"async\" \n                src=\"https:\/\/visualjournalism.de\/wp-content\/uploads\/Khatoon_4-1050x750.jpg\"\n                srcset=\"https:\/\/visualjournalism.de\/wp-content\/uploads\/Khatoon_4-1050x750.jpg 1050w, https:\/\/visualjournalism.de\/wp-content\/uploads\/Khatoon_4-300x214.jpg 300w, https:\/\/visualjournalism.de\/wp-content\/uploads\/Khatoon_4-1024x731.jpg 1024w, https:\/\/visualjournalism.de\/wp-content\/uploads\/Khatoon_4-768x549.jpg 768w, https:\/\/visualjournalism.de\/wp-content\/uploads\/Khatoon_4-1536x1097.jpg 1536w, https:\/\/visualjournalism.de\/wp-content\/uploads\/Khatoon_4-2048x1463.jpg 2048w, https:\/\/visualjournalism.de\/wp-content\/uploads\/Khatoon_4-1920x1371.jpg 1920w, https:\/\/visualjournalism.de\/wp-content\/uploads\/Khatoon_4-1400x1000.jpg 1400w, https:\/\/visualjournalism.de\/wp-content\/uploads\/Khatoon_4-670x479.jpg 670w, https:\/\/visualjournalism.de\/wp-content\/uploads\/Khatoon_4-420x300.jpg 420w, https:\/\/visualjournalism.de\/wp-content\/uploads\/Khatoon_4-350x250.jpg 350w, https:\/\/visualjournalism.de\/wp-content\/uploads\/Khatoon_4-150x107.jpg 150w\"\n                width=\"1050\" \n                height=\"750\"\n                alt=\"\" \n            \/>\n            \n                            <span class=\"post__image__title\">Photo: Giovanni de Mojana<\/span>\n                    <\/div><!-- post__image__container -->\n\n        \n    <\/figure><!-- post__image -->\n\n\n\n\n<p class=\"post__paragraph has-spacing--default\"><font face=\"Tiempos_Medium\">Hannover University of Applied Sciences and Arts welcomes young international journalists in the summer semester of 2025<\/font>. The eight students will be introduced to the narrative forms of documentary photography by renowned photographer <a href=\"https:\/\/www.mustafahabdulaziz.com\/\" target=\"_blank\" rel=\"noreferrer noopener\">Mustafah Abdulaziz<\/a>, among others. Curator and photo editor <a href=\"https:\/\/calegarrido.es\/\" target=\"_blank\" rel=\"noreferrer noopener\">Cale Garrido<\/a> will teach the participants the theory and practice of curating and exhibiting.<\/p>\n\n\n\n<p class=\"post__paragraph has-spacing--m\">The eight students from six countries are participating in the ninth <a href=\"https:\/\/visualjournalism.de\/en\/international-class\/\" target=\"_blank\" rel=\"noreferrer noopener\">International Class<\/a>. They come from Finland, Russia, Bulgaria, Spain, Japan and the USA. They are part of Hannover University of Applied Sciences and Arts&#8217; partner universities, such as Texas State University, Hiroshima City University and the <a href=\"https:\/\/www.iefc.cat\/\">Institut d&#8217;Estudis Fotogr\u00e0fics de Catalunya<\/a>. In addition to the international guests, selected students from Hanover also attend the one-semester program. The joint seminars promote the inspiring exchange of cultural and photographic perspectives, while the students share experiences and support each other. <br><br><a href=\"https:\/\/www.giovannidemojana.com\/\" target=\"_blank\" rel=\"noreferrer noopener\">Giovanni De Mojana<\/a> shows that the International Class is far more than just an exchange and can leave a lasting impression. The former participant recently impressed the jury of the Sony World Photography Awards 2025 with his project &#8220;Khatoon.&#8221; In it, he portrays women in Pakistan and highlights their central role in social change. His images tell of the struggles and achievements of a new generation of women and offer a counter-perspective to common Western stereotypes.<\/p>\n\n\n    <figure class=\"block-photo post__image--wide-left has-spacing--m with-title\">\n\n        <div class=\"post__image__container\">\n            <img loading=\"lazy\" decoding=\"async\" \n                src=\"https:\/\/visualjournalism.de\/wp-content\/uploads\/Khatoon_14-1050x750.jpg\"\n                srcset=\"https:\/\/visualjournalism.de\/wp-content\/uploads\/Khatoon_14-1050x750.jpg 1050w, https:\/\/visualjournalism.de\/wp-content\/uploads\/Khatoon_14-300x214.jpg 300w, https:\/\/visualjournalism.de\/wp-content\/uploads\/Khatoon_14-1024x731.jpg 1024w, https:\/\/visualjournalism.de\/wp-content\/uploads\/Khatoon_14-768x549.jpg 768w, https:\/\/visualjournalism.de\/wp-content\/uploads\/Khatoon_14-1536x1097.jpg 1536w, https:\/\/visualjournalism.de\/wp-content\/uploads\/Khatoon_14-2048x1463.jpg 2048w, https:\/\/visualjournalism.de\/wp-content\/uploads\/Khatoon_14-1920x1372.jpg 1920w, https:\/\/visualjournalism.de\/wp-content\/uploads\/Khatoon_14-1400x1000.jpg 1400w, https:\/\/visualjournalism.de\/wp-content\/uploads\/Khatoon_14-670x479.jpg 670w, https:\/\/visualjournalism.de\/wp-content\/uploads\/Khatoon_14-420x300.jpg 420w, https:\/\/visualjournalism.de\/wp-content\/uploads\/Khatoon_14-350x250.jpg 350w, https:\/\/visualjournalism.de\/wp-content\/uploads\/Khatoon_14-150x107.jpg 150w\"\n                width=\"1050\" \n                height=\"750\"\n                alt=\"\" \n            \/>\n            \n                            <span class=\"post__image__title\">Photo: Giovanni de Mojana<\/span>\n                    <\/div><!-- post__image__container -->\n\n        \n    <\/figure><!-- post__image -->\n\n\n\n\n<div class=\"wp-block-group has-spacing--none\">\n<div class=\"devider has-spacing--none\">\n    <hr>\n<\/div>\n\n\n    <nav id=\"section-navigation-block_e2fa303d82b188d2d8466d6894f56ee2\" class=\"section-navigation has-spacing--m\">\n        <ul>\n\n                \n                    <li>This might also interest you:<\/li>\n                \n            \n            \n                        \n                        \n\n            \n\n        <\/ul>\n        \n    <\/nav>\n\n\n\n<div class=\"four-columns-teaser has-spacing--m\">\n\n    \r\n<article class=\"post-teaser post-65184 post type-post status-publish format-standard has-post-thumbnail hentry category-events category-news-en\">\r\n\t<header class=\"entry-header\">\r\n\r\n\t\t<div class=\"entry-categories\">\n\t<a class=\"post__tag\" href=\"https:\/\/visualjournalism.de\/en\/news-en\/events\/\" rel=\"category tag\">Events<\/a><\/div>\r\n\t\t<a href=\"https:\/\/visualjournalism.de\/en\/news-en\/events\/experience-visual-journalism-live-discover-which-media-study-program-suits-you-best\/\" rel=\"bookmark\">\r\n\t\t\t<h2 class=\"entry-title\">Experience visual journalism live: Discover which media degree program is right for you.<\/h2>\r\n\t\t\t<p class=\"entry-excerpt\">The Media_Special on November 11, 2025 will showcase the media degree programs at the University of Applied Sciences and Arts Hannover. Workshops, talks and lectures provide insights and help with the choice of course. <\/p>\r\n\t\t<\/a>\r\n\r\n\t<\/header><!-- .entry-header -->\r\n\r\n\t<figure class=\"post__image\">\r\n\t\t<a href=\"https:\/\/visualjournalism.de\/en\/news-en\/events\/experience-visual-journalism-live-discover-which-media-study-program-suits-you-best\/\" rel=\"bookmark\">\r\n\t\t\t<img loading=\"lazy\" decoding=\"async\" width=\"350\" height=\"233\" src=\"https:\/\/visualjournalism.de\/wp-content\/uploads\/rosty_foto-12-350x233.jpg\" class=\"attachment-post-image--two-column--small size-post-image--two-column--small\" alt=\"\" srcset=\"https:\/\/visualjournalism.de\/wp-content\/uploads\/rosty_foto-12-350x233.jpg 350w, https:\/\/visualjournalism.de\/wp-content\/uploads\/rosty_foto-12-300x200.jpg 300w, https:\/\/visualjournalism.de\/wp-content\/uploads\/rosty_foto-12-1024x683.jpg 1024w, https:\/\/visualjournalism.de\/wp-content\/uploads\/rosty_foto-12-768x512.jpg 768w, https:\/\/visualjournalism.de\/wp-content\/uploads\/rosty_foto-12-1536x1024.jpg 1536w, https:\/\/visualjournalism.de\/wp-content\/uploads\/rosty_foto-12-1400x933.jpg 1400w, https:\/\/visualjournalism.de\/wp-content\/uploads\/rosty_foto-12-1050x700.jpg 1050w, https:\/\/visualjournalism.de\/wp-content\/uploads\/rosty_foto-12-670x447.jpg 670w, https:\/\/visualjournalism.de\/wp-content\/uploads\/rosty_foto-12-420x280.jpg 420w, https:\/\/visualjournalism.de\/wp-content\/uploads\/rosty_foto-12.jpg 1920w\" sizes=\"auto, (max-width: 350px) 100vw, 350px\" \/>\t\t<\/a>\r\n\t<\/figure><!-- .post__image -->\r\n\r\n<\/article>\r\n\r\n<article class=\"post-teaser post-14985 post type-post status-publish format-standard has-post-thumbnail hentry category-application category-news-en\">\r\n\t<header class=\"entry-header\">\r\n\r\n\t\t<div class=\"entry-categories\">\n\t<a class=\"post__tag\" href=\"https:\/\/visualjournalism.de\/en\/news-en\/application\/\" rel=\"category tag\">Application<\/a><\/div>\r\n\t\t<a href=\"https:\/\/visualjournalism.de\/en\/news-en\/application\/apply-now\/\" rel=\"bookmark\">\r\n\t\t\t<h2 class=\"entry-title\">Get ready to launch your journalistic career!<\/h2>\r\n\t\t\t<p class=\"entry-excerpt\">Make sure you&#8217;re on track for the winter semester.<\/p>\r\n\t\t<\/a>\r\n\r\n\t<\/header><!-- .entry-header -->\r\n\r\n\t<figure class=\"post__image\">\r\n\t\t<a href=\"https:\/\/visualjournalism.de\/en\/news-en\/application\/apply-now\/\" rel=\"bookmark\">\r\n\t\t\t\n<div class=\"splide\">\n    <div class=\"splide__track\">\n\n        <div class=\"splide__list\">\n\n                    \n\n                    <div class=\"splide__slide\">\n\n                        <img loading=\"lazy\" decoding=\"async\"  \n                            src=\"https:\/\/visualjournalism.de\/wp-content\/uploads\/rosty_foto-20-350x233.jpg\" \n                            srcset=\"https:\/\/visualjournalism.de\/wp-content\/uploads\/rosty_foto-20-350x233.jpg 350w, https:\/\/visualjournalism.de\/wp-content\/uploads\/rosty_foto-20-300x200.jpg 300w, https:\/\/visualjournalism.de\/wp-content\/uploads\/rosty_foto-20-1024x683.jpg 1024w, https:\/\/visualjournalism.de\/wp-content\/uploads\/rosty_foto-20-768x512.jpg 768w, https:\/\/visualjournalism.de\/wp-content\/uploads\/rosty_foto-20-1536x1024.jpg 1536w, https:\/\/visualjournalism.de\/wp-content\/uploads\/rosty_foto-20-1400x933.jpg 1400w, https:\/\/visualjournalism.de\/wp-content\/uploads\/rosty_foto-20-1050x700.jpg 1050w, https:\/\/visualjournalism.de\/wp-content\/uploads\/rosty_foto-20-670x447.jpg 670w, https:\/\/visualjournalism.de\/wp-content\/uploads\/rosty_foto-20-420x280.jpg 420w, https:\/\/visualjournalism.de\/wp-content\/uploads\/rosty_foto-20.jpg 1920w\" \n                            width=\"350\"  \n                            height=\"233\" \n                            alt=\"\"  \n                        \/>\n\n                    <\/div>\n                \n                        \n\n                    <div class=\"splide__slide\">\n\n                        <img loading=\"lazy\" decoding=\"async\"  \n                            src=\"https:\/\/visualjournalism.de\/wp-content\/uploads\/2026\/02\/IMG_0694-2-350x263.jpg\" \n                            srcset=\"https:\/\/visualjournalism.de\/wp-content\/uploads\/2026\/02\/IMG_0694-2-350x263.jpg 350w, https:\/\/visualjournalism.de\/wp-content\/uploads\/2026\/02\/IMG_0694-2-300x225.jpg 300w, https:\/\/visualjournalism.de\/wp-content\/uploads\/2026\/02\/IMG_0694-2-1024x768.jpg 1024w, https:\/\/visualjournalism.de\/wp-content\/uploads\/2026\/02\/IMG_0694-2-768x576.jpg 768w, https:\/\/visualjournalism.de\/wp-content\/uploads\/2026\/02\/IMG_0694-2-1536x1152.jpg 1536w, https:\/\/visualjournalism.de\/wp-content\/uploads\/2026\/02\/IMG_0694-2-2048x1536.jpg 2048w, https:\/\/visualjournalism.de\/wp-content\/uploads\/2026\/02\/IMG_0694-2-1920x1440.jpg 1920w, https:\/\/visualjournalism.de\/wp-content\/uploads\/2026\/02\/IMG_0694-2-1400x1050.jpg 1400w, https:\/\/visualjournalism.de\/wp-content\/uploads\/2026\/02\/IMG_0694-2-1050x788.jpg 1050w, https:\/\/visualjournalism.de\/wp-content\/uploads\/2026\/02\/IMG_0694-2-670x503.jpg 670w, https:\/\/visualjournalism.de\/wp-content\/uploads\/2026\/02\/IMG_0694-2-420x315.jpg 420w, https:\/\/visualjournalism.de\/wp-content\/uploads\/2026\/02\/IMG_0694-2-150x113.jpg 150w\" \n                            width=\"350\"  \n                            height=\"263\" \n                            alt=\"\"  \n                        \/>\n\n                    <\/div>\n                \n                        \n\n                    <div class=\"splide__slide\">\n\n                        <img loading=\"lazy\" decoding=\"async\"  \n                            src=\"https:\/\/visualjournalism.de\/wp-content\/uploads\/1mg6251-1500x1000-1-350x233.jpg\" \n                            srcset=\"https:\/\/visualjournalism.de\/wp-content\/uploads\/1mg6251-1500x1000-1-350x233.jpg 350w, https:\/\/visualjournalism.de\/wp-content\/uploads\/1mg6251-1500x1000-1-300x200.jpg 300w, https:\/\/visualjournalism.de\/wp-content\/uploads\/1mg6251-1500x1000-1-1024x683.jpg 1024w, https:\/\/visualjournalism.de\/wp-content\/uploads\/1mg6251-1500x1000-1-768x512.jpg 768w, https:\/\/visualjournalism.de\/wp-content\/uploads\/1mg6251-1500x1000-1-1400x933.jpg 1400w, https:\/\/visualjournalism.de\/wp-content\/uploads\/1mg6251-1500x1000-1-1050x700.jpg 1050w, https:\/\/visualjournalism.de\/wp-content\/uploads\/1mg6251-1500x1000-1-670x447.jpg 670w, https:\/\/visualjournalism.de\/wp-content\/uploads\/1mg6251-1500x1000-1-420x280.jpg 420w, https:\/\/visualjournalism.de\/wp-content\/uploads\/1mg6251-1500x1000-1-150x100.jpg 150w, https:\/\/visualjournalism.de\/wp-content\/uploads\/1mg6251-1500x1000-1.jpg 1500w\" \n                            width=\"350\"  \n                            height=\"233\" \n                            alt=\"\"  \n                        \/>\n\n                    <\/div>\n                \n                        \n\n                    <div class=\"splide__slide\">\n\n                        <img loading=\"lazy\" decoding=\"async\"  \n                            src=\"https:\/\/visualjournalism.de\/wp-content\/uploads\/rosty_foto-17-350x233.jpg\" \n                            srcset=\"https:\/\/visualjournalism.de\/wp-content\/uploads\/rosty_foto-17-350x233.jpg 350w, https:\/\/visualjournalism.de\/wp-content\/uploads\/rosty_foto-17-300x200.jpg 300w, https:\/\/visualjournalism.de\/wp-content\/uploads\/rosty_foto-17-1024x683.jpg 1024w, https:\/\/visualjournalism.de\/wp-content\/uploads\/rosty_foto-17-768x512.jpg 768w, https:\/\/visualjournalism.de\/wp-content\/uploads\/rosty_foto-17-1536x1024.jpg 1536w, https:\/\/visualjournalism.de\/wp-content\/uploads\/rosty_foto-17-1400x933.jpg 1400w, https:\/\/visualjournalism.de\/wp-content\/uploads\/rosty_foto-17-1050x700.jpg 1050w, https:\/\/visualjournalism.de\/wp-content\/uploads\/rosty_foto-17-670x447.jpg 670w, https:\/\/visualjournalism.de\/wp-content\/uploads\/rosty_foto-17-420x280.jpg 420w, https:\/\/visualjournalism.de\/wp-content\/uploads\/rosty_foto-17.jpg 1920w\" \n                            width=\"350\"  \n                            height=\"233\" \n                            alt=\"\"  \n                        \/>\n\n                    <\/div>\n                \n                        \n\n                    <div class=\"splide__slide\">\n\n                        <img loading=\"lazy\" decoding=\"async\"  \n                            src=\"https:\/\/visualjournalism.de\/wp-content\/uploads\/20250924EE_11-350x233.jpg\" \n                            srcset=\"https:\/\/visualjournalism.de\/wp-content\/uploads\/20250924EE_11-350x233.jpg 350w, https:\/\/visualjournalism.de\/wp-content\/uploads\/20250924EE_11-300x200.jpg 300w, https:\/\/visualjournalism.de\/wp-content\/uploads\/20250924EE_11-1024x683.jpg 1024w, https:\/\/visualjournalism.de\/wp-content\/uploads\/20250924EE_11-768x512.jpg 768w, https:\/\/visualjournalism.de\/wp-content\/uploads\/20250924EE_11-1536x1024.jpg 1536w, https:\/\/visualjournalism.de\/wp-content\/uploads\/20250924EE_11-2048x1365.jpg 2048w, https:\/\/visualjournalism.de\/wp-content\/uploads\/20250924EE_11-1920x1280.jpg 1920w, https:\/\/visualjournalism.de\/wp-content\/uploads\/20250924EE_11-1400x933.jpg 1400w, https:\/\/visualjournalism.de\/wp-content\/uploads\/20250924EE_11-1050x700.jpg 1050w, https:\/\/visualjournalism.de\/wp-content\/uploads\/20250924EE_11-670x447.jpg 670w, https:\/\/visualjournalism.de\/wp-content\/uploads\/20250924EE_11-420x280.jpg 420w\" \n                            width=\"350\"  \n                            height=\"233\" \n                            alt=\"\"  \n                        \/>\n\n                    <\/div>\n                \n                        \n\n                    <div class=\"splide__slide\">\n\n                        <img loading=\"lazy\" decoding=\"async\"  \n                            src=\"https:\/\/visualjournalism.de\/wp-content\/uploads\/2026\/02\/IMG_0665-2-350x263.jpg\" \n                            srcset=\"https:\/\/visualjournalism.de\/wp-content\/uploads\/2026\/02\/IMG_0665-2-350x263.jpg 350w, https:\/\/visualjournalism.de\/wp-content\/uploads\/2026\/02\/IMG_0665-2-300x225.jpg 300w, https:\/\/visualjournalism.de\/wp-content\/uploads\/2026\/02\/IMG_0665-2-1024x768.jpg 1024w, https:\/\/visualjournalism.de\/wp-content\/uploads\/2026\/02\/IMG_0665-2-768x576.jpg 768w, https:\/\/visualjournalism.de\/wp-content\/uploads\/2026\/02\/IMG_0665-2-1536x1152.jpg 1536w, https:\/\/visualjournalism.de\/wp-content\/uploads\/2026\/02\/IMG_0665-2-2048x1536.jpg 2048w, https:\/\/visualjournalism.de\/wp-content\/uploads\/2026\/02\/IMG_0665-2-1920x1440.jpg 1920w, https:\/\/visualjournalism.de\/wp-content\/uploads\/2026\/02\/IMG_0665-2-1400x1050.jpg 1400w, https:\/\/visualjournalism.de\/wp-content\/uploads\/2026\/02\/IMG_0665-2-1050x788.jpg 1050w, https:\/\/visualjournalism.de\/wp-content\/uploads\/2026\/02\/IMG_0665-2-670x503.jpg 670w, https:\/\/visualjournalism.de\/wp-content\/uploads\/2026\/02\/IMG_0665-2-420x315.jpg 420w, https:\/\/visualjournalism.de\/wp-content\/uploads\/2026\/02\/IMG_0665-2-150x113.jpg 150w\" \n                            width=\"350\"  \n                            height=\"263\" \n                            alt=\"\"  \n                        \/>\n\n                    <\/div>\n                \n                        \n\n                    <div class=\"splide__slide\">\n\n                        <img loading=\"lazy\" decoding=\"async\"  \n                            src=\"https:\/\/visualjournalism.de\/wp-content\/uploads\/Erstsemester_Begruessung-17-350x233.jpg\" \n                            srcset=\"https:\/\/visualjournalism.de\/wp-content\/uploads\/Erstsemester_Begruessung-17-350x233.jpg 350w, https:\/\/visualjournalism.de\/wp-content\/uploads\/Erstsemester_Begruessung-17-300x200.jpg 300w, https:\/\/visualjournalism.de\/wp-content\/uploads\/Erstsemester_Begruessung-17-1024x683.jpg 1024w, https:\/\/visualjournalism.de\/wp-content\/uploads\/Erstsemester_Begruessung-17-768x512.jpg 768w, https:\/\/visualjournalism.de\/wp-content\/uploads\/Erstsemester_Begruessung-17-1536x1024.jpg 1536w, https:\/\/visualjournalism.de\/wp-content\/uploads\/Erstsemester_Begruessung-17-2048x1365.jpg 2048w, https:\/\/visualjournalism.de\/wp-content\/uploads\/Erstsemester_Begruessung-17-1920x1280.jpg 1920w, https:\/\/visualjournalism.de\/wp-content\/uploads\/Erstsemester_Begruessung-17-1400x933.jpg 1400w, https:\/\/visualjournalism.de\/wp-content\/uploads\/Erstsemester_Begruessung-17-1050x700.jpg 1050w, https:\/\/visualjournalism.de\/wp-content\/uploads\/Erstsemester_Begruessung-17-670x447.jpg 670w, https:\/\/visualjournalism.de\/wp-content\/uploads\/Erstsemester_Begruessung-17-420x280.jpg 420w\" \n                            width=\"350\"  \n                            height=\"233\" \n                            alt=\"\"  \n                        \/>\n\n                    <\/div>\n                \n                        \n\n                    <div class=\"splide__slide\">\n\n                        <img loading=\"lazy\" decoding=\"async\"  \n                            src=\"https:\/\/visualjournalism.de\/wp-content\/uploads\/rosty_foto-12-350x233.jpg\" \n                            srcset=\"https:\/\/visualjournalism.de\/wp-content\/uploads\/rosty_foto-12-350x233.jpg 350w, https:\/\/visualjournalism.de\/wp-content\/uploads\/rosty_foto-12-300x200.jpg 300w, https:\/\/visualjournalism.de\/wp-content\/uploads\/rosty_foto-12-1024x683.jpg 1024w, https:\/\/visualjournalism.de\/wp-content\/uploads\/rosty_foto-12-768x512.jpg 768w, https:\/\/visualjournalism.de\/wp-content\/uploads\/rosty_foto-12-1536x1024.jpg 1536w, https:\/\/visualjournalism.de\/wp-content\/uploads\/rosty_foto-12-1400x933.jpg 1400w, https:\/\/visualjournalism.de\/wp-content\/uploads\/rosty_foto-12-1050x700.jpg 1050w, https:\/\/visualjournalism.de\/wp-content\/uploads\/rosty_foto-12-670x447.jpg 670w, https:\/\/visualjournalism.de\/wp-content\/uploads\/rosty_foto-12-420x280.jpg 420w, https:\/\/visualjournalism.de\/wp-content\/uploads\/rosty_foto-12.jpg 1920w\" \n                            width=\"350\"  \n                            height=\"233\" \n                            alt=\"\"  \n                        \/>\n\n                    <\/div>\n                \n                \n        <\/div> <!-- .splide__list -->\n\n    <\/div><!-- slide__track -->\n<\/div>\t\t<\/a>\r\n\t<\/figure><!-- .post__image -->\r\n\r\n<\/article>\r\n\r\n<article class=\"post-teaser post-64654 post type-post status-publish format-standard has-post-thumbnail hentry category-awards category-news-en\">\r\n\t<header class=\"entry-header\">\r\n\r\n\t\t<div class=\"entry-categories\">\n\t<a class=\"post__tag\" href=\"https:\/\/visualjournalism.de\/en\/news-en\/awards\/\" rel=\"category tag\">Awards<\/a><\/div>\r\n\t\t<a href=\"https:\/\/visualjournalism.de\/en\/news-en\/awards\/julius-schien-wins-the-vgh-photo-prize-2025\/\" rel=\"bookmark\">\r\n\t\t\t<h2 class=\"entry-title\">With a photo series on right-wing violence:<\/h2>\r\n\t\t\t<p class=\"entry-excerpt\">Julius Schien wins the VGH Photo Prize 2025<\/p>\r\n\t\t<\/a>\r\n\r\n\t<\/header><!-- .entry-header -->\r\n\r\n\t<figure class=\"post__image\">\r\n\t\t<a href=\"https:\/\/visualjournalism.de\/en\/news-en\/awards\/julius-schien-wins-the-vgh-photo-prize-2025\/\" rel=\"bookmark\">\r\n\t\t\t<img loading=\"lazy\" decoding=\"async\" width=\"350\" height=\"280\" src=\"https:\/\/visualjournalism.de\/wp-content\/uploads\/VGH-Fotopreis2025-Rechtes-Land_1993-01-15_Arnstadt_Karl-Sidon_CJulius-Schien-350x280.jpg\" class=\"attachment-post-image--two-column--small size-post-image--two-column--small\" alt=\"\" srcset=\"https:\/\/visualjournalism.de\/wp-content\/uploads\/VGH-Fotopreis2025-Rechtes-Land_1993-01-15_Arnstadt_Karl-Sidon_CJulius-Schien-350x280.jpg 350w, https:\/\/visualjournalism.de\/wp-content\/uploads\/VGH-Fotopreis2025-Rechtes-Land_1993-01-15_Arnstadt_Karl-Sidon_CJulius-Schien-300x240.jpg 300w, https:\/\/visualjournalism.de\/wp-content\/uploads\/VGH-Fotopreis2025-Rechtes-Land_1993-01-15_Arnstadt_Karl-Sidon_CJulius-Schien-1024x819.jpg 1024w, https:\/\/visualjournalism.de\/wp-content\/uploads\/VGH-Fotopreis2025-Rechtes-Land_1993-01-15_Arnstadt_Karl-Sidon_CJulius-Schien-768x615.jpg 768w, https:\/\/visualjournalism.de\/wp-content\/uploads\/VGH-Fotopreis2025-Rechtes-Land_1993-01-15_Arnstadt_Karl-Sidon_CJulius-Schien-1536x1229.jpg 1536w, https:\/\/visualjournalism.de\/wp-content\/uploads\/VGH-Fotopreis2025-Rechtes-Land_1993-01-15_Arnstadt_Karl-Sidon_CJulius-Schien-2048x1639.jpg 2048w, https:\/\/visualjournalism.de\/wp-content\/uploads\/VGH-Fotopreis2025-Rechtes-Land_1993-01-15_Arnstadt_Karl-Sidon_CJulius-Schien-1920x1536.jpg 1920w, https:\/\/visualjournalism.de\/wp-content\/uploads\/VGH-Fotopreis2025-Rechtes-Land_1993-01-15_Arnstadt_Karl-Sidon_CJulius-Schien-1400x1120.jpg 1400w, https:\/\/visualjournalism.de\/wp-content\/uploads\/VGH-Fotopreis2025-Rechtes-Land_1993-01-15_Arnstadt_Karl-Sidon_CJulius-Schien-1050x840.jpg 1050w, https:\/\/visualjournalism.de\/wp-content\/uploads\/VGH-Fotopreis2025-Rechtes-Land_1993-01-15_Arnstadt_Karl-Sidon_CJulius-Schien-670x536.jpg 670w, https:\/\/visualjournalism.de\/wp-content\/uploads\/VGH-Fotopreis2025-Rechtes-Land_1993-01-15_Arnstadt_Karl-Sidon_CJulius-Schien-420x336.jpg 420w\" sizes=\"auto, (max-width: 350px) 100vw, 350px\" \/>\t\t<\/a>\r\n\t<\/figure><!-- .post__image -->\r\n\r\n<\/article>\r\n\r\n<article class=\"post-teaser post-64668 post type-post status-publish format-standard has-post-thumbnail hentry category-current category-news-en\">\r\n\t<header class=\"entry-header\">\r\n\r\n\t\t<div class=\"entry-categories\">\n\t<a class=\"post__tag\" href=\"https:\/\/visualjournalism.de\/en\/news-en\/\" rel=\"category tag\">News<\/a><\/div>\r\n\t\t<a href=\"https:\/\/visualjournalism.de\/en\/news-en\/a-huge-playground-starting-studies-in-hannover\/\" rel=\"bookmark\">\r\n\t\t\t<h2 class=\"entry-title\">&#8220;A huge playground&#8221;.<\/h2>\r\n\t\t\t<p class=\"entry-excerpt\">The first semester students experience the start as open, diverse and inspiring.<\/p>\r\n\t\t<\/a>\r\n\r\n\t<\/header><!-- .entry-header -->\r\n\r\n\t<figure class=\"post__image\">\r\n\t\t<a href=\"https:\/\/visualjournalism.de\/en\/news-en\/a-huge-playground-starting-studies-in-hannover\/\" rel=\"bookmark\">\r\n\t\t\t\n<div class=\"splide\">\n    <div class=\"splide__track\">\n\n        <div class=\"splide__list\">\n\n                    \n\n                    <div class=\"splide__slide\">\n\n                        <img loading=\"lazy\" decoding=\"async\"  \n                            src=\"https:\/\/visualjournalism.de\/wp-content\/uploads\/Erstsemester_Begruessung-17-350x233.jpg\" \n                            srcset=\"https:\/\/visualjournalism.de\/wp-content\/uploads\/Erstsemester_Begruessung-17-350x233.jpg 350w, https:\/\/visualjournalism.de\/wp-content\/uploads\/Erstsemester_Begruessung-17-300x200.jpg 300w, https:\/\/visualjournalism.de\/wp-content\/uploads\/Erstsemester_Begruessung-17-1024x683.jpg 1024w, https:\/\/visualjournalism.de\/wp-content\/uploads\/Erstsemester_Begruessung-17-768x512.jpg 768w, https:\/\/visualjournalism.de\/wp-content\/uploads\/Erstsemester_Begruessung-17-1536x1024.jpg 1536w, https:\/\/visualjournalism.de\/wp-content\/uploads\/Erstsemester_Begruessung-17-2048x1365.jpg 2048w, https:\/\/visualjournalism.de\/wp-content\/uploads\/Erstsemester_Begruessung-17-1920x1280.jpg 1920w, https:\/\/visualjournalism.de\/wp-content\/uploads\/Erstsemester_Begruessung-17-1400x933.jpg 1400w, https:\/\/visualjournalism.de\/wp-content\/uploads\/Erstsemester_Begruessung-17-1050x700.jpg 1050w, https:\/\/visualjournalism.de\/wp-content\/uploads\/Erstsemester_Begruessung-17-670x447.jpg 670w, https:\/\/visualjournalism.de\/wp-content\/uploads\/Erstsemester_Begruessung-17-420x280.jpg 420w\" \n                            width=\"350\"  \n                            height=\"233\" \n                            alt=\"\"  \n                        \/>\n\n                    <\/div>\n                \n                        \n\n                    <div class=\"splide__slide\">\n\n                        <img loading=\"lazy\" decoding=\"async\"  \n                            src=\"https:\/\/visualjournalism.de\/wp-content\/uploads\/Erstsemester_Begruessung-7-350x233.jpg\" \n                            srcset=\"https:\/\/visualjournalism.de\/wp-content\/uploads\/Erstsemester_Begruessung-7-350x233.jpg 350w, https:\/\/visualjournalism.de\/wp-content\/uploads\/Erstsemester_Begruessung-7-300x200.jpg 300w, https:\/\/visualjournalism.de\/wp-content\/uploads\/Erstsemester_Begruessung-7-1024x683.jpg 1024w, https:\/\/visualjournalism.de\/wp-content\/uploads\/Erstsemester_Begruessung-7-768x512.jpg 768w, https:\/\/visualjournalism.de\/wp-content\/uploads\/Erstsemester_Begruessung-7-1536x1024.jpg 1536w, https:\/\/visualjournalism.de\/wp-content\/uploads\/Erstsemester_Begruessung-7-2048x1365.jpg 2048w, https:\/\/visualjournalism.de\/wp-content\/uploads\/Erstsemester_Begruessung-7-1920x1280.jpg 1920w, https:\/\/visualjournalism.de\/wp-content\/uploads\/Erstsemester_Begruessung-7-1400x933.jpg 1400w, https:\/\/visualjournalism.de\/wp-content\/uploads\/Erstsemester_Begruessung-7-1050x700.jpg 1050w, https:\/\/visualjournalism.de\/wp-content\/uploads\/Erstsemester_Begruessung-7-670x447.jpg 670w, https:\/\/visualjournalism.de\/wp-content\/uploads\/Erstsemester_Begruessung-7-420x280.jpg 420w\" \n                            width=\"350\"  \n                            height=\"233\" \n                            alt=\"\"  \n                        \/>\n\n                    <\/div>\n                \n                        \n\n                    <div class=\"splide__slide\">\n\n                        <img loading=\"lazy\" decoding=\"async\"  \n                            src=\"https:\/\/visualjournalism.de\/wp-content\/uploads\/Erstsemester_Begruessung-21-350x233.jpg\" \n                            srcset=\"https:\/\/visualjournalism.de\/wp-content\/uploads\/Erstsemester_Begruessung-21-350x233.jpg 350w, https:\/\/visualjournalism.de\/wp-content\/uploads\/Erstsemester_Begruessung-21-300x200.jpg 300w, https:\/\/visualjournalism.de\/wp-content\/uploads\/Erstsemester_Begruessung-21-1024x683.jpg 1024w, https:\/\/visualjournalism.de\/wp-content\/uploads\/Erstsemester_Begruessung-21-768x512.jpg 768w, https:\/\/visualjournalism.de\/wp-content\/uploads\/Erstsemester_Begruessung-21-1536x1024.jpg 1536w, https:\/\/visualjournalism.de\/wp-content\/uploads\/Erstsemester_Begruessung-21-2048x1365.jpg 2048w, https:\/\/visualjournalism.de\/wp-content\/uploads\/Erstsemester_Begruessung-21-1920x1280.jpg 1920w, https:\/\/visualjournalism.de\/wp-content\/uploads\/Erstsemester_Begruessung-21-1400x933.jpg 1400w, https:\/\/visualjournalism.de\/wp-content\/uploads\/Erstsemester_Begruessung-21-1050x700.jpg 1050w, https:\/\/visualjournalism.de\/wp-content\/uploads\/Erstsemester_Begruessung-21-670x447.jpg 670w, https:\/\/visualjournalism.de\/wp-content\/uploads\/Erstsemester_Begruessung-21-420x280.jpg 420w\" \n                            width=\"350\"  \n                            height=\"233\" \n                            alt=\"\"  \n                        \/>\n\n                    <\/div>\n                \n                \n        <\/div> <!-- .splide__list -->\n\n    <\/div><!-- slide__track -->\n<\/div>\t\t<\/a>\r\n\t<\/figure><!-- .post__image -->\r\n\r\n<\/article>\r\n\n<\/div><!-- .2-columns-teaser-->\n\n    \n\n\n<div class=\"wp-block-group has-spacing--default has-spacing--default\">\n<div class=\"devider has-spacing--none\">\n    <hr>\n<\/div>\n\n\n \n\n    <div id=\"lead-in-block_ae14ea7a5ad9ba08dabfcca299125881\" class=\"block-lead-in typo--default font-size--xl has-spacing--s width--default\">\n        <p><strong>Empfehlungen der Redaktion:<\/strong><\/p>\n    <\/div>\n\n\n\n\r\n\r\n\r\n\n\n\r\n\r\n\r\n\r\n        <div class=\"teaser-grid grid-layout--3col has-spacing--s width--inline\">\r\n\r\n            \r\n                <article class=\"post-teaser\">\r\n\r\n                    <a href=\"https:\/\/visualjournalism.de\/en\/magazine\/ratgeber\/360-grad-videoproduktion\/\" rel=\"permalink\">\r\n\r\n                        <div class=\"post-teaser__content\">\r\n\r\n                            <span class=\"entry-categories\">Ratgeber<\/span>\r\n                            <h3 class=\"post-teaser__headline\">\r\n                                So funktionieren 360-Grad-Videos im Journalismus                            <\/h3>\r\n\r\n                            <div class=\"post-teaser__excerpt\">\r\n                                <p>360-Grad-Videos stellen das Publikum mitten ins Geschehen: Statt zuzuschauen, erlebt es die Story aus allen Blickwinkeln. <\/p>\r\n                            <\/div>\r\n\r\n                        <\/div><!-- .post-teaser__content -->\r\n\r\n\r\n                        \r\n                            <figure class=\"post-teaser__image\">\r\n                                <img loading=\"lazy\" decoding=\"async\"  \r\n                                    src=\"https:\/\/visualjournalism.de\/wp-content\/uploads\/hochschule_hannover_FH_Hannover_08-768x512.jpg\" \r\n                                    srcset=\"https:\/\/visualjournalism.de\/wp-content\/uploads\/hochschule_hannover_FH_Hannover_08-768x512.jpg 768w, https:\/\/visualjournalism.de\/wp-content\/uploads\/hochschule_hannover_FH_Hannover_08-300x200.jpg 300w, https:\/\/visualjournalism.de\/wp-content\/uploads\/hochschule_hannover_FH_Hannover_08-1024x683.jpg 1024w, https:\/\/visualjournalism.de\/wp-content\/uploads\/hochschule_hannover_FH_Hannover_08-1536x1024.jpg 1536w, https:\/\/visualjournalism.de\/wp-content\/uploads\/hochschule_hannover_FH_Hannover_08-1400x933.jpg 1400w, https:\/\/visualjournalism.de\/wp-content\/uploads\/hochschule_hannover_FH_Hannover_08-1050x700.jpg 1050w, https:\/\/visualjournalism.de\/wp-content\/uploads\/hochschule_hannover_FH_Hannover_08-670x447.jpg 670w, https:\/\/visualjournalism.de\/wp-content\/uploads\/hochschule_hannover_FH_Hannover_08-420x280.jpg 420w, https:\/\/visualjournalism.de\/wp-content\/uploads\/hochschule_hannover_FH_Hannover_08-350x233.jpg 350w, https:\/\/visualjournalism.de\/wp-content\/uploads\/hochschule_hannover_FH_Hannover_08.jpg 1599w\" \r\n                                    width=\"768\"  \r\n                                    height=\"512\" \r\n                                    alt=\"\"\r\n                                \/>\r\n                            <\/figure>\r\n\r\n                        \r\n                    \r\n                    <\/a>\r\n\r\n                <\/article><!--- .post-teaser-->\r\n\r\n            \r\n                <article class=\"post-teaser\">\r\n\r\n                    <a href=\"https:\/\/visualjournalism.de\/en\/magazine\/guide\/study-photography-how-to-find-the-right-university\/\" rel=\"permalink\">\r\n\r\n                        <div class=\"post-teaser__content\">\r\n\r\n                            <span class=\"entry-categories\">Guide<\/span>\r\n                            <h3 class=\"post-teaser__headline\">\r\n                                Studying photography: How to find the right university.                            <\/h3>\r\n\r\n                            <div class=\"post-teaser__excerpt\">\r\n                                <p>An overview of the best-known programmes. <\/p>\r\n                            <\/div>\r\n\r\n                        <\/div><!-- .post-teaser__content -->\r\n\r\n\r\n                        \r\n                            <figure class=\"post-teaser__image\">\r\n                                <img loading=\"lazy\" decoding=\"async\"  \r\n                                    src=\"https:\/\/visualjournalism.de\/wp-content\/uploads\/2024-DM-Werkschau_Short-Edit_Kristina-Kaysen-10-768x511.jpg\" \r\n                                    srcset=\"https:\/\/visualjournalism.de\/wp-content\/uploads\/2024-DM-Werkschau_Short-Edit_Kristina-Kaysen-10-768x511.jpg 768w, https:\/\/visualjournalism.de\/wp-content\/uploads\/2024-DM-Werkschau_Short-Edit_Kristina-Kaysen-10-300x200.jpg 300w, https:\/\/visualjournalism.de\/wp-content\/uploads\/2024-DM-Werkschau_Short-Edit_Kristina-Kaysen-10-1024x681.jpg 1024w, https:\/\/visualjournalism.de\/wp-content\/uploads\/2024-DM-Werkschau_Short-Edit_Kristina-Kaysen-10-1536x1021.jpg 1536w, https:\/\/visualjournalism.de\/wp-content\/uploads\/2024-DM-Werkschau_Short-Edit_Kristina-Kaysen-10-1400x931.jpg 1400w, https:\/\/visualjournalism.de\/wp-content\/uploads\/2024-DM-Werkschau_Short-Edit_Kristina-Kaysen-10-1050x698.jpg 1050w, https:\/\/visualjournalism.de\/wp-content\/uploads\/2024-DM-Werkschau_Short-Edit_Kristina-Kaysen-10-670x446.jpg 670w, https:\/\/visualjournalism.de\/wp-content\/uploads\/2024-DM-Werkschau_Short-Edit_Kristina-Kaysen-10-420x279.jpg 420w, https:\/\/visualjournalism.de\/wp-content\/uploads\/2024-DM-Werkschau_Short-Edit_Kristina-Kaysen-10-350x233.jpg 350w, https:\/\/visualjournalism.de\/wp-content\/uploads\/2024-DM-Werkschau_Short-Edit_Kristina-Kaysen-10-150x100.jpg 150w, https:\/\/visualjournalism.de\/wp-content\/uploads\/2024-DM-Werkschau_Short-Edit_Kristina-Kaysen-10.jpg 1600w\" \r\n                                    width=\"768\"  \r\n                                    height=\"511\" \r\n                                    alt=\"Fotografie-Studierende w\u00e4hrend einer Fotosession in einem Studio mit Beleuchtungsausr\u00fcstung und Hintergrund. Ein Schild auf dem Boden zeigt \u201aFOTOSHOOTING\u2018 und weist auf den Eingang zum Studio hin. Von hinten sind die Umrisse eines jungen Mannes zu sehen, der Fotografie studiert. \"\r\n                                \/>\r\n                            <\/figure>\r\n\r\n                        \r\n                    \r\n                    <\/a>\r\n\r\n                <\/article><!--- .post-teaser-->\r\n\r\n            \r\n                <article class=\"post-teaser\">\r\n\r\n                    <a href=\"https:\/\/visualjournalism.de\/en\/magazine\/sammeln\/die-architektur-des-datenhandels\/\" rel=\"permalink\">\r\n\r\n                        <div class=\"post-teaser__content\">\r\n\r\n                            <span class=\"entry-categories\">Sammeln<\/span>\r\n                            <h3 class=\"post-teaser__headline\">\r\n                                Die Architektur des Datenhandels                            <\/h3>\r\n\r\n                            <div class=\"post-teaser__excerpt\">\r\n                                <p>Kaum ein System bleibt so unsichtbar und wirkt zugleich so weitreichend wie der Handel mit Nutzerdaten. Was wir anklicken, suchen oder besuchen, wird zu Signalen in einem globalen Markt, der Menschen in Kategorien einordnet und Informationen gezielt verteilt.<\/p>\r\n                            <\/div>\r\n\r\n                        <\/div><!-- .post-teaser__content -->\r\n\r\n\r\n                        \r\n                            <figure class=\"post-teaser__image\">\r\n                                <img loading=\"lazy\" decoding=\"async\"  \r\n                                    src=\"https:\/\/visualjournalism.de\/wp-content\/uploads\/24_Geiersbach-Paul_Accept-All-768x512.jpg\" \r\n                                    srcset=\"https:\/\/visualjournalism.de\/wp-content\/uploads\/24_Geiersbach-Paul_Accept-All-768x512.jpg 768w, https:\/\/visualjournalism.de\/wp-content\/uploads\/24_Geiersbach-Paul_Accept-All-300x200.jpg 300w, https:\/\/visualjournalism.de\/wp-content\/uploads\/24_Geiersbach-Paul_Accept-All-1024x682.jpg 1024w, https:\/\/visualjournalism.de\/wp-content\/uploads\/24_Geiersbach-Paul_Accept-All-1536x1024.jpg 1536w, https:\/\/visualjournalism.de\/wp-content\/uploads\/24_Geiersbach-Paul_Accept-All-1920x1280.jpg 1920w, https:\/\/visualjournalism.de\/wp-content\/uploads\/24_Geiersbach-Paul_Accept-All-1400x933.jpg 1400w, https:\/\/visualjournalism.de\/wp-content\/uploads\/24_Geiersbach-Paul_Accept-All-1050x700.jpg 1050w, https:\/\/visualjournalism.de\/wp-content\/uploads\/24_Geiersbach-Paul_Accept-All-670x447.jpg 670w, https:\/\/visualjournalism.de\/wp-content\/uploads\/24_Geiersbach-Paul_Accept-All-420x280.jpg 420w, https:\/\/visualjournalism.de\/wp-content\/uploads\/24_Geiersbach-Paul_Accept-All-350x233.jpg 350w, https:\/\/visualjournalism.de\/wp-content\/uploads\/24_Geiersbach-Paul_Accept-All-150x100.jpg 150w, https:\/\/visualjournalism.de\/wp-content\/uploads\/24_Geiersbach-Paul_Accept-All.jpg 2000w\" \r\n                                    width=\"768\"  \r\n                                    height=\"512\" \r\n                                    alt=\"eine querformatige farbige Fotografie. Eine W\u00fcstenlandschaft ist von oben fotografiert, mit einem leichten Sanh\u00fcgel. Der Sandh\u00fcgel ist in der Mitte des Bildes eingebrochen.\"\r\n                                \/>\r\n                            <\/figure>\r\n\r\n                        \r\n                    \r\n                    <\/a>\r\n\r\n                <\/article><!--- .post-teaser-->\r\n\r\n            \r\n        <\/div><!-- .teaser-grid -->\r\n\r\n\n\n\r\n\r\n\r\n\n\n\n    <div class=\"btn-wrapper has-spacing--m\">\n        <a class=\"btn\" href=\"https:\/\/visualjournalism.de\/magazin\/\" target=\"_blank\">ZUR MAGAZIN-STARTSEITE<\/a>\n    <\/div>\n<\/div>\n<\/div>\n\n<div class=\"wp-block-group has-spacing--none has-color-3-background-color has-background has-spacing--none\">\n    <nav id=\"section-navigation-block_e20e4f59d367865740269b1f13a4aaeb\" class=\"section-navigation has-spacing--m\">\n        <ul>\n\n                \n                    <li>Contact<\/li>\n                \n            \n            \n                        \n                        \n\n            \n\n        <\/ul>\n        \n    <\/nav>\n\n\n\n<div class=\"pinned-block has-spacing--m\">\n\t\n\n<div class=\"pinned-block__column--left\">\n    \n\n \n\n    <div id=\"lead-in-block_9f914a9aa6ebf1c16e6cce7a3102a14b\" class=\"block-lead-in typo--soehne font-size--xl has-spacing--m width--full\">\n        <p><strong>Your contact partners<\/strong> will be happy to assist you with your personal concerns. However, due to the large number of enquiries, we ask you to first check our FAQ to see if your question may already have been answered.<\/p>\n    <\/div>\n\n\n\n\n    <div class=\"btn-wrapper alignleft has-spacing--m\">\n        <a class=\"btn\" href=\"https:\/\/visualjournalism.de\/faq\/\" target=\"_blank\">FAQ<\/a>\n    <\/div>\n\n\n<\/div>\n\n\n<div class=\"pinned-block__column--right\">\n    \n    \n    <div class=\"infocard has-spacing--m\">\n\n    \n        <div class=\"info-item--full\">\n            <p>\n                <span class=\"info-item__headline\">Dean of Studies, Design and Media department<\/span>\n            <\/p>\n            \n            <div class=\"info-item__content\">\n                <p>\n                    <span class=\"info-item__text\"><a href=\"https:\/\/visualjournalism.de\/karen-fromm\/\">Prof. Dr. Karen Fromm<\/a><\/span>\n                    <span class=\"info-item__text--small\">\n                        <span><a href=\"mailto:karen.fromm@hs-hannover.de\">E-Mail schreiben<\/a><\/span><span><a href=\"tel:+49 511 9296 8538\">+49 511 9296 8538<\/a><\/span>                    <\/span>\n                <\/p>\n\n                <figure class=\"info-item__image\">\n\n                    <a href=\"https:\/\/visualjournalism.de\/karen-fromm\/\"><img loading=\"lazy\" decoding=\"async\" width=\"52\" height=\"52\" src=\"https:\/\/visualjournalism.de\/wp-content\/uploads\/Prof_Dr_Karen_Fromm_thumb-1-52x52.jpg\" class=\"attachment-image-portrait size-image-portrait\" alt=\"\" srcset=\"https:\/\/visualjournalism.de\/wp-content\/uploads\/Prof_Dr_Karen_Fromm_thumb-1-52x52.jpg 52w, https:\/\/visualjournalism.de\/wp-content\/uploads\/Prof_Dr_Karen_Fromm_thumb-1.jpg 100w\" sizes=\"auto, (max-width: 52px) 100vw, 52px\" \/><\/a>                <\/figure>\n                \n            <\/div><!-- .info-item__content -->\n            \n        <\/div><!-- .info-item--full -->\n\n\n        <div class=\"info-item--full\">\n            <p>\n                <span class=\"info-item__headline\">Programme representative<\/span>\n            <\/p>\n            \n            <div class=\"info-item__content\">\n                <p>\n                    <span class=\"info-item__text\"><a href=\"https:\/\/visualjournalism.de\/michael-hauri\/\">Prof. Michael Hauri<\/a><\/span>\n                    <span class=\"info-item__text--small\">\n                        <span><a href=\"mailto:michael.hauri@hs-hannover.de\">E-Mail schreiben<\/a><\/span><span><a href=\"tel:+49 511 9296 8241\">+49 511 9296 8241<\/a><\/span>                    <\/span>\n                <\/p>\n\n                <figure class=\"info-item__image\">\n\n                    <a href=\"https:\/\/visualjournalism.de\/michael-hauri\/\"><img loading=\"lazy\" decoding=\"async\" width=\"52\" height=\"52\" src=\"https:\/\/visualjournalism.de\/wp-content\/uploads\/Michael-Hauri-thumb-1-52x52.jpg\" class=\"attachment-image-portrait size-image-portrait\" alt=\"\" srcset=\"https:\/\/visualjournalism.de\/wp-content\/uploads\/Michael-Hauri-thumb-1-52x52.jpg 52w, https:\/\/visualjournalism.de\/wp-content\/uploads\/Michael-Hauri-thumb-1-68x68.jpg 68w, https:\/\/visualjournalism.de\/wp-content\/uploads\/Michael-Hauri-thumb-1-96x96.jpg 96w, https:\/\/visualjournalism.de\/wp-content\/uploads\/Michael-Hauri-thumb-1.jpg 100w\" sizes=\"auto, (max-width: 52px) 100vw, 52px\" \/><\/a>                <\/figure>\n                \n            <\/div><!-- .info-item__content -->\n            \n        <\/div><!-- .info-item--full -->\n\n\n        <div class=\"info-item--full\">\n            <p>\n                <span class=\"info-item__headline\">Application and admission procedure<\/span>\n            <\/p>\n            \n            <div class=\"info-item__content\">\n                <p>\n                    <span class=\"info-item__text\"><a href=\"https:\/\/visualjournalism.de\/lars-bauernschmitt\/\">Prof. Lars Bauernschmitt<\/a><\/span>\n                    <span class=\"info-item__text--small\">\n                        <span><a href=\"mailto:lars.bauernschmitt@hs-hannover.de\">E-Mail schreiben<\/a><\/span><span><a href=\"tel:+49 511 9296 2467\">+49 511 9296 2467<\/a><\/span>                    <\/span>\n                <\/p>\n\n                <figure class=\"info-item__image\">\n\n                    <a href=\"https:\/\/visualjournalism.de\/lars-bauernschmitt\/\"><img loading=\"lazy\" decoding=\"async\" width=\"52\" height=\"52\" src=\"https:\/\/visualjournalism.de\/wp-content\/uploads\/prof_lars_bauernschmitt_thumb-1-52x52.jpg\" class=\"attachment-image-portrait size-image-portrait\" alt=\"\" srcset=\"https:\/\/visualjournalism.de\/wp-content\/uploads\/prof_lars_bauernschmitt_thumb-1-52x52.jpg 52w, https:\/\/visualjournalism.de\/wp-content\/uploads\/prof_lars_bauernschmitt_thumb-1.jpg 100w\" sizes=\"auto, (max-width: 52px) 100vw, 52px\" \/><\/a>                <\/figure>\n                \n            <\/div><!-- .info-item__content -->\n            \n        <\/div><!-- .info-item--full -->\n\n \n    <\/div>\n\n\n\n<p class=\"post__paragraph is-style-typo--soehne has-spacing--m has-spacing--default\">Hochschule Hannover<br>Faculty III &#8211; Media, Information and Design<br>Expo Plaza 2<br>D-30539 Hanover<\/p>\n\n\n\n    <div class=\"btn-wrapper has-spacing--m\">\n        <a class=\"btn\" href=\"https:\/\/www.hs-hannover.de\" target=\"_blank\">HS-HANNOVER.DE<\/a>\n    <\/div>\n\n\n<\/div>\n<\/div><\/div>\n","protected":false},"excerpt":{"rendered":"<p>Hannover University of Applied Sciences and Arts welcomes young international journalists in the summer semester of 2025. The eight students will be introduced to the narrative forms of documentary photography by renowned photographer Mustafah Abdulaziz, among others. Curator and photo editor Cale Garrido will teach the participants the theory and practice of curating and exhibiting. [&hellip;]<\/p>\n","protected":false},"author":96,"featured_media":58724,"comment_status":"closed","ping_status":"closed","sticky":false,"template":"","format":"standard","meta":{"_acf_changed":false,"footnotes":""},"categories":[110,78],"tags":[],"class_list":["post-58159","post","type-post","status-publish","format-standard","has-post-thumbnail","hentry","category-current","category-news-en"],"acf":[],"yoast_head":"<!-- This site is optimized with the Yoast SEO Premium plugin v27.3 (Yoast SEO v27.3) - https:\/\/yoast.com\/product\/yoast-seo-premium-wordpress\/ -->\n<title>International Class 2025 launched. &#8211; Visual Journalism and Documentary Photography<\/title>\n<meta name=\"description\" content=\"In the ninth international class, students learn from renowned experts such as Mustafah Abdulaziz and Cale Garrido.\" \/>\n<meta name=\"robots\" content=\"index, follow, max-snippet:-1, max-image-preview:large, max-video-preview:-1\" \/>\n<link rel=\"canonical\" href=\"https:\/\/visualjournalism.de\/en\/news-en\/international-class-2025-launched\/\" \/>\n<meta property=\"og:locale\" content=\"en_US\" \/>\n<meta property=\"og:type\" content=\"article\" \/>\n<meta property=\"og:title\" content=\"International Class 2025 launched.\" \/>\n<meta property=\"og:description\" content=\"In the ninth international class, students learn from renowned experts such as Mustafah Abdulaziz and Cale Garrido.\" \/>\n<meta property=\"og:url\" content=\"https:\/\/visualjournalism.de\/en\/news-en\/international-class-2025-launched\/\" \/>\n<meta property=\"og:site_name\" content=\"Visual Journalism and Documentary Photography\" \/>\n<meta property=\"article:publisher\" content=\"https:\/\/www.facebook.com\/people\/wwwfotostudentende\/100065173703897\/\" \/>\n<meta property=\"article:published_time\" content=\"2025-03-06T13:48:07+00:00\" \/>\n<meta property=\"article:modified_time\" content=\"2025-04-04T06:17:20+00:00\" \/>\n<meta property=\"og:image\" content=\"https:\/\/visualjournalism.de\/wp-content\/uploads\/Soyref_5.jpg\" \/>\n\t<meta property=\"og:image:width\" content=\"2560\" \/>\n\t<meta property=\"og:image:height\" content=\"2560\" \/>\n\t<meta property=\"og:image:type\" content=\"image\/jpeg\" \/>\n<meta name=\"author\" content=\"Emil Eichinger\" \/>\n<meta name=\"twitter:card\" content=\"summary_large_image\" \/>\n<meta name=\"twitter:creator\" content=\"@HsHannover\" \/>\n<meta name=\"twitter:site\" content=\"@HsHannover\" \/>\n<meta name=\"twitter:label1\" content=\"Written by\" \/>\n\t<meta name=\"twitter:data1\" content=\"Emil Eichinger\" \/>\n\t<meta name=\"twitter:label2\" content=\"Est. reading time\" \/>\n\t<meta name=\"twitter:data2\" content=\"3 minutes\" \/>\n<script type=\"application\/ld+json\" class=\"yoast-schema-graph\">{\"@context\":\"https:\\\/\\\/schema.org\",\"@graph\":[{\"@type\":\"Article\",\"@id\":\"https:\\\/\\\/visualjournalism.de\\\/en\\\/news-en\\\/international-class-2025-launched\\\/#article\",\"isPartOf\":{\"@id\":\"https:\\\/\\\/visualjournalism.de\\\/en\\\/news-en\\\/international-class-2025-launched\\\/\"},\"author\":{\"name\":\"Emil Eichinger\",\"@id\":\"https:\\\/\\\/visualjournalism.de\\\/en\\\/#\\\/schema\\\/person\\\/2c0c5c9de88341d6bb53b5ac3623570a\"},\"headline\":\"International Class 2025 launched.\",\"datePublished\":\"2025-03-06T13:48:07+00:00\",\"dateModified\":\"2025-04-04T06:17:20+00:00\",\"mainEntityOfPage\":{\"@id\":\"https:\\\/\\\/visualjournalism.de\\\/en\\\/news-en\\\/international-class-2025-launched\\\/\"},\"wordCount\":222,\"publisher\":{\"@id\":\"https:\\\/\\\/visualjournalism.de\\\/en\\\/#organization\"},\"image\":{\"@id\":\"https:\\\/\\\/visualjournalism.de\\\/en\\\/news-en\\\/international-class-2025-launched\\\/#primaryimage\"},\"thumbnailUrl\":\"https:\\\/\\\/visualjournalism.de\\\/wp-content\\\/uploads\\\/Soyref_5.jpg\",\"articleSection\":[\"Current\",\"News\"],\"inLanguage\":\"en-US\"},{\"@type\":\"WebPage\",\"@id\":\"https:\\\/\\\/visualjournalism.de\\\/en\\\/news-en\\\/international-class-2025-launched\\\/\",\"url\":\"https:\\\/\\\/visualjournalism.de\\\/en\\\/news-en\\\/international-class-2025-launched\\\/\",\"name\":\"International Class 2025 launched. &#8211; Visual Journalism and Documentary Photography\",\"isPartOf\":{\"@id\":\"https:\\\/\\\/visualjournalism.de\\\/en\\\/#website\"},\"primaryImageOfPage\":{\"@id\":\"https:\\\/\\\/visualjournalism.de\\\/en\\\/news-en\\\/international-class-2025-launched\\\/#primaryimage\"},\"image\":{\"@id\":\"https:\\\/\\\/visualjournalism.de\\\/en\\\/news-en\\\/international-class-2025-launched\\\/#primaryimage\"},\"thumbnailUrl\":\"https:\\\/\\\/visualjournalism.de\\\/wp-content\\\/uploads\\\/Soyref_5.jpg\",\"datePublished\":\"2025-03-06T13:48:07+00:00\",\"dateModified\":\"2025-04-04T06:17:20+00:00\",\"description\":\"In the ninth international class, students learn from renowned experts such as Mustafah Abdulaziz and Cale Garrido.\",\"breadcrumb\":{\"@id\":\"https:\\\/\\\/visualjournalism.de\\\/en\\\/news-en\\\/international-class-2025-launched\\\/#breadcrumb\"},\"inLanguage\":\"en-US\",\"potentialAction\":[{\"@type\":\"ReadAction\",\"target\":[\"https:\\\/\\\/visualjournalism.de\\\/en\\\/news-en\\\/international-class-2025-launched\\\/\"]}]},{\"@type\":\"ImageObject\",\"inLanguage\":\"en-US\",\"@id\":\"https:\\\/\\\/visualjournalism.de\\\/en\\\/news-en\\\/international-class-2025-launched\\\/#primaryimage\",\"url\":\"https:\\\/\\\/visualjournalism.de\\\/wp-content\\\/uploads\\\/Soyref_5.jpg\",\"contentUrl\":\"https:\\\/\\\/visualjournalism.de\\\/wp-content\\\/uploads\\\/Soyref_5.jpg\",\"width\":2560,\"height\":2560},{\"@type\":\"BreadcrumbList\",\"@id\":\"https:\\\/\\\/visualjournalism.de\\\/en\\\/news-en\\\/international-class-2025-launched\\\/#breadcrumb\",\"itemListElement\":[{\"@type\":\"ListItem\",\"position\":1,\"name\":\"Home\",\"item\":\"https:\\\/\\\/visualjournalism.de\\\/en\\\/\"},{\"@type\":\"ListItem\",\"position\":2,\"name\":\"International Class 2025 launched.\"}]},{\"@type\":\"WebSite\",\"@id\":\"https:\\\/\\\/visualjournalism.de\\\/en\\\/#website\",\"url\":\"https:\\\/\\\/visualjournalism.de\\\/en\\\/\",\"name\":\"Visual Journalism and Documentary Photography\",\"description\":\"All about the bilingual bachelor&#039;s program at Hannover University of Applied Sciences and Arts.\",\"publisher\":{\"@id\":\"https:\\\/\\\/visualjournalism.de\\\/en\\\/#organization\"},\"alternateName\":\"visualjournalism.de\",\"potentialAction\":[{\"@type\":\"SearchAction\",\"target\":{\"@type\":\"EntryPoint\",\"urlTemplate\":\"https:\\\/\\\/visualjournalism.de\\\/en\\\/?s={search_term_string}\"},\"query-input\":{\"@type\":\"PropertyValueSpecification\",\"valueRequired\":true,\"valueName\":\"search_term_string\"}}],\"inLanguage\":\"en-US\"},{\"@type\":\"Organization\",\"@id\":\"https:\\\/\\\/visualjournalism.de\\\/en\\\/#organization\",\"name\":\"Hochschule Hannover \u2013 University of Applied Sciences and Arts\",\"alternateName\":\"HsH\",\"url\":\"https:\\\/\\\/visualjournalism.de\\\/en\\\/\",\"logo\":{\"@type\":\"ImageObject\",\"inLanguage\":\"en-US\",\"@id\":\"https:\\\/\\\/visualjournalism.de\\\/en\\\/#\\\/schema\\\/logo\\\/image\\\/\",\"url\":\"https:\\\/\\\/visualjournalism.de\\\/wp-content\\\/uploads\\\/logo-hochschule-hannover.png\",\"contentUrl\":\"https:\\\/\\\/visualjournalism.de\\\/wp-content\\\/uploads\\\/logo-hochschule-hannover.png\",\"width\":363,\"height\":270,\"caption\":\"Hochschule Hannover \u2013 University of Applied Sciences and Arts\"},\"image\":{\"@id\":\"https:\\\/\\\/visualjournalism.de\\\/en\\\/#\\\/schema\\\/logo\\\/image\\\/\"},\"sameAs\":[\"https:\\\/\\\/www.facebook.com\\\/people\\\/wwwfotostudentende\\\/100065173703897\\\/\",\"https:\\\/\\\/x.com\\\/HsHannover\",\"https:\\\/\\\/www.instagram.com\\\/visualjournalism.de\\\/\"]},{\"@type\":\"Person\",\"@id\":\"https:\\\/\\\/visualjournalism.de\\\/en\\\/#\\\/schema\\\/person\\\/2c0c5c9de88341d6bb53b5ac3623570a\",\"name\":\"Emil Eichinger\"}]}<\/script>\n<!-- \/ Yoast SEO Premium plugin. -->","yoast_head_json":{"title":"International Class 2025 launched. &#8211; Visual Journalism and Documentary Photography","description":"In the ninth international class, students learn from renowned experts such as Mustafah Abdulaziz and Cale Garrido.","robots":{"index":"index","follow":"follow","max-snippet":"max-snippet:-1","max-image-preview":"max-image-preview:large","max-video-preview":"max-video-preview:-1"},"canonical":"https:\/\/visualjournalism.de\/en\/news-en\/international-class-2025-launched\/","og_locale":"en_US","og_type":"article","og_title":"International Class 2025 launched.","og_description":"In the ninth international class, students learn from renowned experts such as Mustafah Abdulaziz and Cale Garrido.","og_url":"https:\/\/visualjournalism.de\/en\/news-en\/international-class-2025-launched\/","og_site_name":"Visual Journalism and Documentary Photography","article_publisher":"https:\/\/www.facebook.com\/people\/wwwfotostudentende\/100065173703897\/","article_published_time":"2025-03-06T13:48:07+00:00","article_modified_time":"2025-04-04T06:17:20+00:00","og_image":[{"width":2560,"height":2560,"url":"https:\/\/visualjournalism.de\/wp-content\/uploads\/Soyref_5.jpg","type":"image\/jpeg"}],"author":"Emil Eichinger","twitter_card":"summary_large_image","twitter_creator":"@HsHannover","twitter_site":"@HsHannover","twitter_misc":{"Written by":"Emil Eichinger","Est. reading time":"3 minutes"},"schema":{"@context":"https:\/\/schema.org","@graph":[{"@type":"Article","@id":"https:\/\/visualjournalism.de\/en\/news-en\/international-class-2025-launched\/#article","isPartOf":{"@id":"https:\/\/visualjournalism.de\/en\/news-en\/international-class-2025-launched\/"},"author":{"name":"Emil Eichinger","@id":"https:\/\/visualjournalism.de\/en\/#\/schema\/person\/2c0c5c9de88341d6bb53b5ac3623570a"},"headline":"International Class 2025 launched.","datePublished":"2025-03-06T13:48:07+00:00","dateModified":"2025-04-04T06:17:20+00:00","mainEntityOfPage":{"@id":"https:\/\/visualjournalism.de\/en\/news-en\/international-class-2025-launched\/"},"wordCount":222,"publisher":{"@id":"https:\/\/visualjournalism.de\/en\/#organization"},"image":{"@id":"https:\/\/visualjournalism.de\/en\/news-en\/international-class-2025-launched\/#primaryimage"},"thumbnailUrl":"https:\/\/visualjournalism.de\/wp-content\/uploads\/Soyref_5.jpg","articleSection":["Current","News"],"inLanguage":"en-US"},{"@type":"WebPage","@id":"https:\/\/visualjournalism.de\/en\/news-en\/international-class-2025-launched\/","url":"https:\/\/visualjournalism.de\/en\/news-en\/international-class-2025-launched\/","name":"International Class 2025 launched. &#8211; Visual Journalism and Documentary Photography","isPartOf":{"@id":"https:\/\/visualjournalism.de\/en\/#website"},"primaryImageOfPage":{"@id":"https:\/\/visualjournalism.de\/en\/news-en\/international-class-2025-launched\/#primaryimage"},"image":{"@id":"https:\/\/visualjournalism.de\/en\/news-en\/international-class-2025-launched\/#primaryimage"},"thumbnailUrl":"https:\/\/visualjournalism.de\/wp-content\/uploads\/Soyref_5.jpg","datePublished":"2025-03-06T13:48:07+00:00","dateModified":"2025-04-04T06:17:20+00:00","description":"In the ninth international class, students learn from renowned experts such as Mustafah Abdulaziz and Cale Garrido.","breadcrumb":{"@id":"https:\/\/visualjournalism.de\/en\/news-en\/international-class-2025-launched\/#breadcrumb"},"inLanguage":"en-US","potentialAction":[{"@type":"ReadAction","target":["https:\/\/visualjournalism.de\/en\/news-en\/international-class-2025-launched\/"]}]},{"@type":"ImageObject","inLanguage":"en-US","@id":"https:\/\/visualjournalism.de\/en\/news-en\/international-class-2025-launched\/#primaryimage","url":"https:\/\/visualjournalism.de\/wp-content\/uploads\/Soyref_5.jpg","contentUrl":"https:\/\/visualjournalism.de\/wp-content\/uploads\/Soyref_5.jpg","width":2560,"height":2560},{"@type":"BreadcrumbList","@id":"https:\/\/visualjournalism.de\/en\/news-en\/international-class-2025-launched\/#breadcrumb","itemListElement":[{"@type":"ListItem","position":1,"name":"Home","item":"https:\/\/visualjournalism.de\/en\/"},{"@type":"ListItem","position":2,"name":"International Class 2025 launched."}]},{"@type":"WebSite","@id":"https:\/\/visualjournalism.de\/en\/#website","url":"https:\/\/visualjournalism.de\/en\/","name":"Visual Journalism and Documentary Photography","description":"All about the bilingual bachelor&#039;s program at Hannover University of Applied Sciences and Arts.","publisher":{"@id":"https:\/\/visualjournalism.de\/en\/#organization"},"alternateName":"visualjournalism.de","potentialAction":[{"@type":"SearchAction","target":{"@type":"EntryPoint","urlTemplate":"https:\/\/visualjournalism.de\/en\/?s={search_term_string}"},"query-input":{"@type":"PropertyValueSpecification","valueRequired":true,"valueName":"search_term_string"}}],"inLanguage":"en-US"},{"@type":"Organization","@id":"https:\/\/visualjournalism.de\/en\/#organization","name":"Hochschule Hannover \u2013 University of Applied Sciences and Arts","alternateName":"HsH","url":"https:\/\/visualjournalism.de\/en\/","logo":{"@type":"ImageObject","inLanguage":"en-US","@id":"https:\/\/visualjournalism.de\/en\/#\/schema\/logo\/image\/","url":"https:\/\/visualjournalism.de\/wp-content\/uploads\/logo-hochschule-hannover.png","contentUrl":"https:\/\/visualjournalism.de\/wp-content\/uploads\/logo-hochschule-hannover.png","width":363,"height":270,"caption":"Hochschule Hannover \u2013 University of Applied Sciences and Arts"},"image":{"@id":"https:\/\/visualjournalism.de\/en\/#\/schema\/logo\/image\/"},"sameAs":["https:\/\/www.facebook.com\/people\/wwwfotostudentende\/100065173703897\/","https:\/\/x.com\/HsHannover","https:\/\/www.instagram.com\/visualjournalism.de\/"]},{"@type":"Person","@id":"https:\/\/visualjournalism.de\/en\/#\/schema\/person\/2c0c5c9de88341d6bb53b5ac3623570a","name":"Emil Eichinger"}]}},"_links":{"self":[{"href":"https:\/\/visualjournalism.de\/en\/wp-json\/wp\/v2\/posts\/58159","targetHints":{"allow":["GET"]}}],"collection":[{"href":"https:\/\/visualjournalism.de\/en\/wp-json\/wp\/v2\/posts"}],"about":[{"href":"https:\/\/visualjournalism.de\/en\/wp-json\/wp\/v2\/types\/post"}],"author":[{"embeddable":true,"href":"https:\/\/visualjournalism.de\/en\/wp-json\/wp\/v2\/users\/96"}],"replies":[{"embeddable":true,"href":"https:\/\/visualjournalism.de\/en\/wp-json\/wp\/v2\/comments?post=58159"}],"version-history":[{"count":0,"href":"https:\/\/visualjournalism.de\/en\/wp-json\/wp\/v2\/posts\/58159\/revisions"}],"wp:featuredmedia":[{"embeddable":true,"href":"https:\/\/visualjournalism.de\/en\/wp-json\/wp\/v2\/media\/58724"}],"wp:attachment":[{"href":"https:\/\/visualjournalism.de\/en\/wp-json\/wp\/v2\/media?parent=58159"}],"wp:term":[{"taxonomy":"category","embeddable":true,"href":"https:\/\/visualjournalism.de\/en\/wp-json\/wp\/v2\/categories?post=58159"},{"taxonomy":"post_tag","embeddable":true,"href":"https:\/\/visualjournalism.de\/en\/wp-json\/wp\/v2\/tags?post=58159"}],"curies":[{"name":"wp","href":"https:\/\/api.w.org\/{rel}","templated":true}]}}