{"id":59154,"date":"2025-03-27T15:05:09","date_gmt":"2025-03-27T15:05:09","guid":{"rendered":"https:\/\/visualjournalism.de\/?p=59154"},"modified":"2025-04-11T08:39:06","modified_gmt":"2025-04-11T08:39:06","slug":"world-press-photo-2025","status":"publish","type":"post","link":"https:\/\/visualjournalism.de\/en\/news-en\/world-press-photo-2025\/","title":{"rendered":"World Press Photo 2025"},"content":{"rendered":"\n \n\n    <div id=\"lead-in-block_24be4b31059bf6732bec59dfd9cbdaaf\" class=\"block-lead-in typo--default font-size--xl has-spacing--m width--default\">\n        <h1>World Press Photo 2025.<\/h1>\n<p>Two current and two former students of the Visual Journalism and Documentary Photography programme have been awarded.<\/p>\n<div class=\"entry-meta\">\r\n    <span class=\"posted-on\"><a href=\"https:\/\/visualjournalism.de\/en\/news-en\/world-press-photo-2025\/\" rel=\"bookmark\"><time class=\"entry-date published\" datetime=\"2025-03-27T15:05:09+02:00\">27.03.2025<\/time><\/a><\/span><span class=\"byline\">Redaktion: <span class=\"author vcard\"><span class=\"fn n\">Emil Eichinger<\/span><\/span><\/span><\/div><!-- .entry-meta -->\r\n    <\/div>\n\n    <figure class=\"block-photo post__image--wide-left has-spacing--m with-title\">\n\n        <div class=\"post__image__container\">\n            <img loading=\"lazy\" decoding=\"async\" \n                src=\"https:\/\/visualjournalism.de\/wp-content\/uploads\/WPP-2025Contest-Europe-SIN-NannaHeitmann-1-1050x788.jpg\"\n                srcset=\"https:\/\/visualjournalism.de\/wp-content\/uploads\/WPP-2025Contest-Europe-SIN-NannaHeitmann-1-1050x788.jpg 1050w, https:\/\/visualjournalism.de\/wp-content\/uploads\/WPP-2025Contest-Europe-SIN-NannaHeitmann-1-300x225.jpg 300w, https:\/\/visualjournalism.de\/wp-content\/uploads\/WPP-2025Contest-Europe-SIN-NannaHeitmann-1-1024x768.jpg 1024w, https:\/\/visualjournalism.de\/wp-content\/uploads\/WPP-2025Contest-Europe-SIN-NannaHeitmann-1-768x576.jpg 768w, https:\/\/visualjournalism.de\/wp-content\/uploads\/WPP-2025Contest-Europe-SIN-NannaHeitmann-1-1536x1152.jpg 1536w, https:\/\/visualjournalism.de\/wp-content\/uploads\/WPP-2025Contest-Europe-SIN-NannaHeitmann-1-1400x1050.jpg 1400w, https:\/\/visualjournalism.de\/wp-content\/uploads\/WPP-2025Contest-Europe-SIN-NannaHeitmann-1-670x503.jpg 670w, https:\/\/visualjournalism.de\/wp-content\/uploads\/WPP-2025Contest-Europe-SIN-NannaHeitmann-1-420x315.jpg 420w, https:\/\/visualjournalism.de\/wp-content\/uploads\/WPP-2025Contest-Europe-SIN-NannaHeitmann-1-350x263.jpg 350w, https:\/\/visualjournalism.de\/wp-content\/uploads\/WPP-2025Contest-Europe-SIN-NannaHeitmann-1-150x113.jpg 150w, https:\/\/visualjournalism.de\/wp-content\/uploads\/WPP-2025Contest-Europe-SIN-NannaHeitmann-1.jpg 1920w\"\n                width=\"1050\" \n                height=\"788\"\n                alt=\"\" \n            \/>\n            \n                            <span class=\"post__image__title\">Donbas, Ukraine. Photo: Nanna Heitmann\/Magnum Photos<\/span>\n                    <\/div><!-- post__image__container -->\n\n        \n    <\/figure><!-- post__image -->\n\n\n<p class=\"post__paragraph has-spacing--default\"><strong>The winners of the renowned <\/strong><a href=\"https:\/\/www.worldpressphoto.org\/\" target=\"_blank\" rel=\"noreferrer noopener\">World Press Photo Contest 2025<\/a> have been announced. Three awards in the Europe region and one in the South America region have gone to photographers who are enrolled on the<a href=\"https:\/\/visualjournalism.de\/en\/programme\/\">Visual Journalism and Documentary Photography<\/a> programme or have attended our international class. <\/p>\n\n<p class=\"post__paragraph has-spacing--default\"><a href=\"https:\/\/visualjournalism.de\/en\/magazine\/awarded\/nanna-heitmann-journey-along-the-yenisei-river\/\">Nanna Heitmann<\/a> has won a prize at World Press Photo for the second time, this time in the &#8220;Singles&#8221; category. Her photo &#8220;<a href=\"https:\/\/www.worldpressphoto.org\/collection\/photo-contest\/2025\/Nanna-Heitmann\/1\" target=\"_blank\" rel=\"noreferrer noopener\">Underground Field Hospital<\/a>&#8221; shows an injured soldier in an underground field hospital near Bakhmut, Ukraine. It tells of violence, loss and the consequences of the war in Ukraine. The student enrolled in the Visual Journalism and Documentary Photography programme works regularly for the New York Times and is a full member of Magnum Photos. In 2024, she was a finalist for the Pulitzer Prize in the Feature Photography category.    <\/p>\n\n<p class=\"post__paragraph has-spacing--default\"><a href=\"https:\/\/visualjournalism.de\/en\/magazine\/awarded\/on-the-edge-of-the-hail-of-bullets\/\">Rafael Heygster<\/a> was honoured for his work &#8220;<a href=\"https:\/\/www.worldpressphoto.org\/collection\/photo-contest\/2025\/Rafael-Heygster\/1\" target=\"_blank\" rel=\"noreferrer noopener\">Democracy Dies in Darkness<\/a>&#8221; in the &#8220;Stories&#8221; category. He documented AfD election campaign events in Germany. His work explores how the far-right party presents itself in the media &#8211; and the dangers this harbours for democratic societies. Rafael Heygster will soon complete his bachelor&#8217;s degree in \u2018Visual Journalism and Documentary Photography\u2019 in Hanover and works as a freelance photographer at the same time.   <\/p>\n\n<p class=\"post__paragraph has-spacing--default\">Aliona Kardash receives the prize in the Long-Term Projects category for her work &#8220;<a href=\"https:\/\/www.worldpressphoto.org\/collection\/photo-contest\/2025\/Aliona-Kardash\/1\" target=\"_blank\" rel=\"noreferrer noopener\">It Smells of Smoke at Home<\/a>&#8220;. The photographer, who was born in Siberia and lives in Hamburg, documents a visit to her old home town in Russia. Aliona tries to capture how war changes us and to strengthen the belief that personal bonds are stronger than the forces that tear us apart. Aliona, a member of the DOCKS collective, has worked for years for international media such as Der Spiegel, Die Zeit and The Washington Post. She took part in the <a href=\"https:\/\/visualjournalism.de\/en\/news-en\/international-class-2025-launched\/\" target=\"_blank\" rel=\"noreferrer noopener\">International Class<\/a> at Hanover University of Applied Sciences and Arts in 2017.    <\/p>\n\n<p class=\"post__paragraph has-spacing--m\">Santiago Mesa won the &#8220;Stories&#8221; category in the South America region with his project <a href=\"https:\/\/www.worldpressphoto.org\/collection\/photo-contest\/2025\/Santiago-Mesa\/1\">&#8220;Jaid\u00eb&#8221;<\/a>. <br\/>Santiago&#8217;s work is about the indigenous community of the Ember\u00e1 Dobida. Many Ember\u00e1 fled violence from the rainforest in Colombia and now live on the margins of society in Bogot\u00e1. Mesa mainly accompanies women who suffer under precarious conditions &#8211; and shows an alarming increase in suicides in the community. Mesa graduated from the International Class of the Visual Journalism and Documentary Photography programme. He previously studied journalism and fine arts in Medell\u00edn.     <\/p>\n\n<div class=\"wp-block-group has-color-2-background-color has-background has-spacing--default\">    <figure class=\"block-photo post__image--wide-left has-spacing--m with-title\">\n\n        <div class=\"post__image__container\">\n            <img loading=\"lazy\" decoding=\"async\" \n                src=\"https:\/\/visualjournalism.de\/wp-content\/uploads\/WPP-2025Contest-Europe-SIN-NannaHeitmann-1050x788.jpg\"\n                srcset=\"https:\/\/visualjournalism.de\/wp-content\/uploads\/WPP-2025Contest-Europe-SIN-NannaHeitmann-1050x788.jpg 1050w, https:\/\/visualjournalism.de\/wp-content\/uploads\/WPP-2025Contest-Europe-SIN-NannaHeitmann-300x225.jpg 300w, https:\/\/visualjournalism.de\/wp-content\/uploads\/WPP-2025Contest-Europe-SIN-NannaHeitmann-1024x768.jpg 1024w, https:\/\/visualjournalism.de\/wp-content\/uploads\/WPP-2025Contest-Europe-SIN-NannaHeitmann-768x576.jpg 768w, https:\/\/visualjournalism.de\/wp-content\/uploads\/WPP-2025Contest-Europe-SIN-NannaHeitmann-1536x1152.jpg 1536w, https:\/\/visualjournalism.de\/wp-content\/uploads\/WPP-2025Contest-Europe-SIN-NannaHeitmann-1400x1050.jpg 1400w, https:\/\/visualjournalism.de\/wp-content\/uploads\/WPP-2025Contest-Europe-SIN-NannaHeitmann-670x503.jpg 670w, https:\/\/visualjournalism.de\/wp-content\/uploads\/WPP-2025Contest-Europe-SIN-NannaHeitmann-420x315.jpg 420w, https:\/\/visualjournalism.de\/wp-content\/uploads\/WPP-2025Contest-Europe-SIN-NannaHeitmann-350x263.jpg 350w, https:\/\/visualjournalism.de\/wp-content\/uploads\/WPP-2025Contest-Europe-SIN-NannaHeitmann-150x113.jpg 150w, https:\/\/visualjournalism.de\/wp-content\/uploads\/WPP-2025Contest-Europe-SIN-NannaHeitmann.jpg 1920w\"\n                width=\"1050\" \n                height=\"788\"\n                alt=\"\" \n            \/>\n            \n                            <span class=\"post__image__title\">Donbas, Ukraine. Photo: Nanna Heitmann\/Magnum Photos<\/span>\n                    <\/div><!-- post__image__container -->\n\n        \n    <\/figure><!-- post__image -->\n\n\n\n\n<div class=\"photo-block--slider splide has-spacing--m\" data-splide='{\"arrows\":true, \"autoplay\":true}'>\n    <div class=\"splide__track\">\n        <div class=\"splide__list\">\n\n                \n\n                    <figure class=\"block-photo post__image--wide-left with-title splide__slide\">\n\n                        <div class=\"post__image__container\">\n                            <img loading=\"lazy\" decoding=\"async\"\n                                class=\"slide__image\"\n                                src=\"https:\/\/visualjournalism.de\/wp-content\/uploads\/WPP-2025Contest-Europe-STO-RafaelHeygster-01-1050x700.jpg\" \n                                srcset=\"https:\/\/visualjournalism.de\/wp-content\/uploads\/WPP-2025Contest-Europe-STO-RafaelHeygster-01-1050x700.jpg 1050w, https:\/\/visualjournalism.de\/wp-content\/uploads\/WPP-2025Contest-Europe-STO-RafaelHeygster-01-300x200.jpg 300w, https:\/\/visualjournalism.de\/wp-content\/uploads\/WPP-2025Contest-Europe-STO-RafaelHeygster-01-1024x683.jpg 1024w, https:\/\/visualjournalism.de\/wp-content\/uploads\/WPP-2025Contest-Europe-STO-RafaelHeygster-01-768x512.jpg 768w, https:\/\/visualjournalism.de\/wp-content\/uploads\/WPP-2025Contest-Europe-STO-RafaelHeygster-01-1536x1024.jpg 1536w, https:\/\/visualjournalism.de\/wp-content\/uploads\/WPP-2025Contest-Europe-STO-RafaelHeygster-01-1400x933.jpg 1400w, https:\/\/visualjournalism.de\/wp-content\/uploads\/WPP-2025Contest-Europe-STO-RafaelHeygster-01-670x447.jpg 670w, https:\/\/visualjournalism.de\/wp-content\/uploads\/WPP-2025Contest-Europe-STO-RafaelHeygster-01-420x280.jpg 420w, https:\/\/visualjournalism.de\/wp-content\/uploads\/WPP-2025Contest-Europe-STO-RafaelHeygster-01-350x233.jpg 350w, https:\/\/visualjournalism.de\/wp-content\/uploads\/WPP-2025Contest-Europe-STO-RafaelHeygster-01-150x100.jpg 150w, https:\/\/visualjournalism.de\/wp-content\/uploads\/WPP-2025Contest-Europe-STO-RafaelHeygster-01.jpg 1920w\" \n                                width=\"1050\"  \n                                height=\"700\" \n                                alt=\"\"  \n                            \/>\n\n                                                            <span class=\"post__image__title\">Essen, Germany. Photo: Rafael Heygster <\/span>\n                            \n                        <\/div><!-- post__image__container -->\n\n                        \n                    <\/figure>\n                \n                        \n\n                    <figure class=\"block-photo post__image--wide-left with-title splide__slide\">\n\n                        <div class=\"post__image__container\">\n                            <img loading=\"lazy\" decoding=\"async\"\n                                class=\"slide__image\"\n                                src=\"https:\/\/visualjournalism.de\/wp-content\/uploads\/DDID-2-1050x699.jpg\" \n                                srcset=\"https:\/\/visualjournalism.de\/wp-content\/uploads\/DDID-2-1050x699.jpg 1050w, https:\/\/visualjournalism.de\/wp-content\/uploads\/DDID-2-300x200.jpg 300w, https:\/\/visualjournalism.de\/wp-content\/uploads\/DDID-2-1024x681.jpg 1024w, https:\/\/visualjournalism.de\/wp-content\/uploads\/DDID-2-768x511.jpg 768w, https:\/\/visualjournalism.de\/wp-content\/uploads\/DDID-2-1536x1022.jpg 1536w, https:\/\/visualjournalism.de\/wp-content\/uploads\/DDID-2-2048x1363.jpg 2048w, https:\/\/visualjournalism.de\/wp-content\/uploads\/DDID-2-1920x1278.jpg 1920w, https:\/\/visualjournalism.de\/wp-content\/uploads\/DDID-2-1400x932.jpg 1400w, https:\/\/visualjournalism.de\/wp-content\/uploads\/DDID-2-670x446.jpg 670w, https:\/\/visualjournalism.de\/wp-content\/uploads\/DDID-2-420x279.jpg 420w, https:\/\/visualjournalism.de\/wp-content\/uploads\/DDID-2-350x233.jpg 350w, https:\/\/visualjournalism.de\/wp-content\/uploads\/DDID-2-150x100.jpg 150w\" \n                                width=\"1050\"  \n                                height=\"699\" \n                                alt=\"\"  \n                            \/>\n\n                                                            <span class=\"post__image__title\">Essen, Germany. Photo: Rafael Heygster <\/span>\n                            \n                        <\/div><!-- post__image__container -->\n\n                        \n                    <\/figure>\n                \n                        \n\n                    <figure class=\"block-photo post__image--wide-left with-title splide__slide\">\n\n                        <div class=\"post__image__container\">\n                            <img loading=\"lazy\" decoding=\"async\"\n                                class=\"slide__image\"\n                                src=\"https:\/\/visualjournalism.de\/wp-content\/uploads\/DDID-3-1050x700.jpg\" \n                                srcset=\"https:\/\/visualjournalism.de\/wp-content\/uploads\/DDID-3-1050x700.jpg 1050w, https:\/\/visualjournalism.de\/wp-content\/uploads\/DDID-3-300x200.jpg 300w, https:\/\/visualjournalism.de\/wp-content\/uploads\/DDID-3-1024x683.jpg 1024w, https:\/\/visualjournalism.de\/wp-content\/uploads\/DDID-3-768x512.jpg 768w, https:\/\/visualjournalism.de\/wp-content\/uploads\/DDID-3-1536x1024.jpg 1536w, https:\/\/visualjournalism.de\/wp-content\/uploads\/DDID-3-2048x1365.jpg 2048w, https:\/\/visualjournalism.de\/wp-content\/uploads\/DDID-3-1920x1280.jpg 1920w, https:\/\/visualjournalism.de\/wp-content\/uploads\/DDID-3-1400x933.jpg 1400w, https:\/\/visualjournalism.de\/wp-content\/uploads\/DDID-3-670x447.jpg 670w, https:\/\/visualjournalism.de\/wp-content\/uploads\/DDID-3-420x280.jpg 420w, https:\/\/visualjournalism.de\/wp-content\/uploads\/DDID-3-350x233.jpg 350w, https:\/\/visualjournalism.de\/wp-content\/uploads\/DDID-3-150x100.jpg 150w\" \n                                width=\"1050\"  \n                                height=\"700\" \n                                alt=\"\"  \n                            \/>\n\n                                                            <span class=\"post__image__title\">Potsdam, Germany, 22.09.2024. Photo: Rafael Heygster <\/span>\n                            \n                        <\/div><!-- post__image__container -->\n\n                        \n                    <\/figure>\n                \n                        \n\n                    <figure class=\"block-photo post__image--wide-left with-title splide__slide\">\n\n                        <div class=\"post__image__container\">\n                            <img loading=\"lazy\" decoding=\"async\"\n                                class=\"slide__image\"\n                                src=\"https:\/\/visualjournalism.de\/wp-content\/uploads\/DDID-6-1050x700.jpg\" \n                                srcset=\"https:\/\/visualjournalism.de\/wp-content\/uploads\/DDID-6-1050x700.jpg 1050w, https:\/\/visualjournalism.de\/wp-content\/uploads\/DDID-6-300x200.jpg 300w, https:\/\/visualjournalism.de\/wp-content\/uploads\/DDID-6-1024x683.jpg 1024w, https:\/\/visualjournalism.de\/wp-content\/uploads\/DDID-6-768x512.jpg 768w, https:\/\/visualjournalism.de\/wp-content\/uploads\/DDID-6-1536x1024.jpg 1536w, https:\/\/visualjournalism.de\/wp-content\/uploads\/DDID-6-2048x1365.jpg 2048w, https:\/\/visualjournalism.de\/wp-content\/uploads\/DDID-6-1920x1280.jpg 1920w, https:\/\/visualjournalism.de\/wp-content\/uploads\/DDID-6-1400x933.jpg 1400w, https:\/\/visualjournalism.de\/wp-content\/uploads\/DDID-6-670x447.jpg 670w, https:\/\/visualjournalism.de\/wp-content\/uploads\/DDID-6-420x280.jpg 420w, https:\/\/visualjournalism.de\/wp-content\/uploads\/DDID-6-350x233.jpg 350w, https:\/\/visualjournalism.de\/wp-content\/uploads\/DDID-6-150x100.jpg 150w\" \n                                width=\"1050\"  \n                                height=\"700\" \n                                alt=\"\"  \n                            \/>\n\n                                                            <span class=\"post__image__title\">Magdeburg, Germany, 29.07.2023. Photo: Rafael Heygster <\/span>\n                            \n                        <\/div><!-- post__image__container -->\n\n                        \n                    <\/figure>\n                \n                        \n\n                    <figure class=\"block-photo post__image--wide-left with-title splide__slide\">\n\n                        <div class=\"post__image__container\">\n                            <img loading=\"lazy\" decoding=\"async\"\n                                class=\"slide__image\"\n                                src=\"https:\/\/visualjournalism.de\/wp-content\/uploads\/DDID-5-1050x700.jpg\" \n                                srcset=\"https:\/\/visualjournalism.de\/wp-content\/uploads\/DDID-5-1050x700.jpg 1050w, https:\/\/visualjournalism.de\/wp-content\/uploads\/DDID-5-300x200.jpg 300w, https:\/\/visualjournalism.de\/wp-content\/uploads\/DDID-5-1024x683.jpg 1024w, https:\/\/visualjournalism.de\/wp-content\/uploads\/DDID-5-768x512.jpg 768w, https:\/\/visualjournalism.de\/wp-content\/uploads\/DDID-5-1536x1024.jpg 1536w, https:\/\/visualjournalism.de\/wp-content\/uploads\/DDID-5-1400x934.jpg 1400w, https:\/\/visualjournalism.de\/wp-content\/uploads\/DDID-5-670x447.jpg 670w, https:\/\/visualjournalism.de\/wp-content\/uploads\/DDID-5-420x280.jpg 420w, https:\/\/visualjournalism.de\/wp-content\/uploads\/DDID-5-350x233.jpg 350w, https:\/\/visualjournalism.de\/wp-content\/uploads\/DDID-5-150x100.jpg 150w, https:\/\/visualjournalism.de\/wp-content\/uploads\/DDID-5.jpg 1867w\" \n                                width=\"1050\"  \n                                height=\"700\" \n                                alt=\"\"  \n                            \/>\n\n                                                            <span class=\"post__image__title\">Essen, Germany, June 2024, photo: Rafael Heygster <\/span>\n                            \n                        <\/div><!-- post__image__container -->\n\n                        \n                    <\/figure>\n                \n                        \n\n                    <figure class=\"block-photo post__image--wide-left with-title splide__slide\">\n\n                        <div class=\"post__image__container\">\n                            <img loading=\"lazy\" decoding=\"async\"\n                                class=\"slide__image\"\n                                src=\"https:\/\/visualjournalism.de\/wp-content\/uploads\/DDID-12-1050x700.jpg\" \n                                srcset=\"https:\/\/visualjournalism.de\/wp-content\/uploads\/DDID-12-1050x700.jpg 1050w, https:\/\/visualjournalism.de\/wp-content\/uploads\/DDID-12-300x200.jpg 300w, https:\/\/visualjournalism.de\/wp-content\/uploads\/DDID-12-1024x683.jpg 1024w, https:\/\/visualjournalism.de\/wp-content\/uploads\/DDID-12-768x512.jpg 768w, https:\/\/visualjournalism.de\/wp-content\/uploads\/DDID-12-1536x1024.jpg 1536w, https:\/\/visualjournalism.de\/wp-content\/uploads\/DDID-12-2048x1365.jpg 2048w, https:\/\/visualjournalism.de\/wp-content\/uploads\/DDID-12-1920x1280.jpg 1920w, https:\/\/visualjournalism.de\/wp-content\/uploads\/DDID-12-1400x933.jpg 1400w, https:\/\/visualjournalism.de\/wp-content\/uploads\/DDID-12-670x447.jpg 670w, https:\/\/visualjournalism.de\/wp-content\/uploads\/DDID-12-420x280.jpg 420w, https:\/\/visualjournalism.de\/wp-content\/uploads\/DDID-12-350x233.jpg 350w, https:\/\/visualjournalism.de\/wp-content\/uploads\/DDID-12-150x100.jpg 150w\" \n                                width=\"1050\"  \n                                height=\"700\" \n                                alt=\"\"  \n                            \/>\n\n                                                            <span class=\"post__image__title\">Magdeburg, Germany, 30.07.2023, Photo: Rafael Heygster<\/span>\n                            \n                        <\/div><!-- post__image__container -->\n\n                        \n                    <\/figure>\n                \n                        \n\n                    <figure class=\"block-photo post__image--wide-left with-title splide__slide\">\n\n                        <div class=\"post__image__container\">\n                            <img loading=\"lazy\" decoding=\"async\"\n                                class=\"slide__image\"\n                                src=\"https:\/\/visualjournalism.de\/wp-content\/uploads\/DDID-17-1050x700.jpg\" \n                                srcset=\"https:\/\/visualjournalism.de\/wp-content\/uploads\/DDID-17-1050x700.jpg 1050w, https:\/\/visualjournalism.de\/wp-content\/uploads\/DDID-17-300x200.jpg 300w, https:\/\/visualjournalism.de\/wp-content\/uploads\/DDID-17-1024x683.jpg 1024w, https:\/\/visualjournalism.de\/wp-content\/uploads\/DDID-17-768x512.jpg 768w, https:\/\/visualjournalism.de\/wp-content\/uploads\/DDID-17-1536x1024.jpg 1536w, https:\/\/visualjournalism.de\/wp-content\/uploads\/DDID-17-2048x1365.jpg 2048w, https:\/\/visualjournalism.de\/wp-content\/uploads\/DDID-17-1920x1280.jpg 1920w, https:\/\/visualjournalism.de\/wp-content\/uploads\/DDID-17-1400x933.jpg 1400w, https:\/\/visualjournalism.de\/wp-content\/uploads\/DDID-17-670x447.jpg 670w, https:\/\/visualjournalism.de\/wp-content\/uploads\/DDID-17-420x280.jpg 420w, https:\/\/visualjournalism.de\/wp-content\/uploads\/DDID-17-350x233.jpg 350w, https:\/\/visualjournalism.de\/wp-content\/uploads\/DDID-17-150x100.jpg 150w\" \n                                width=\"1050\"  \n                                height=\"700\" \n                                alt=\"\"  \n                            \/>\n\n                                                            <span class=\"post__image__title\">Magdeburg, Germany, 28.07.2023. Photo: Rafael Heygster <\/span>\n                            \n                        <\/div><!-- post__image__container -->\n\n                        \n                    <\/figure>\n                \n                        \n\n                    <figure class=\"block-photo post__image--wide-left with-title splide__slide\">\n\n                        <div class=\"post__image__container\">\n                            <img loading=\"lazy\" decoding=\"async\"\n                                class=\"slide__image\"\n                                src=\"https:\/\/visualjournalism.de\/wp-content\/uploads\/DDID-23-1050x700.jpg\" \n                                srcset=\"https:\/\/visualjournalism.de\/wp-content\/uploads\/DDID-23-1050x700.jpg 1050w, https:\/\/visualjournalism.de\/wp-content\/uploads\/DDID-23-300x200.jpg 300w, https:\/\/visualjournalism.de\/wp-content\/uploads\/DDID-23-1024x683.jpg 1024w, https:\/\/visualjournalism.de\/wp-content\/uploads\/DDID-23-768x512.jpg 768w, https:\/\/visualjournalism.de\/wp-content\/uploads\/DDID-23-1536x1025.jpg 1536w, https:\/\/visualjournalism.de\/wp-content\/uploads\/DDID-23-2048x1366.jpg 2048w, https:\/\/visualjournalism.de\/wp-content\/uploads\/DDID-23-1920x1281.jpg 1920w, https:\/\/visualjournalism.de\/wp-content\/uploads\/DDID-23-1400x934.jpg 1400w, https:\/\/visualjournalism.de\/wp-content\/uploads\/DDID-23-670x447.jpg 670w, https:\/\/visualjournalism.de\/wp-content\/uploads\/DDID-23-420x280.jpg 420w, https:\/\/visualjournalism.de\/wp-content\/uploads\/DDID-23-350x233.jpg 350w, https:\/\/visualjournalism.de\/wp-content\/uploads\/DDID-23-150x100.jpg 150w\" \n                                width=\"1050\"  \n                                height=\"700\" \n                                alt=\"\"  \n                            \/>\n\n                                                            <span class=\"post__image__title\">Germany, 07.12.2024. Photo: Rafael Heygster <\/span>\n                            \n                        <\/div><!-- post__image__container -->\n\n                        \n                    <\/figure>\n                \n                        \n\n                    <figure class=\"block-photo post__image--wide-left with-title splide__slide\">\n\n                        <div class=\"post__image__container\">\n                            <img loading=\"lazy\" decoding=\"async\"\n                                class=\"slide__image\"\n                                src=\"https:\/\/visualjournalism.de\/wp-content\/uploads\/DDID-10-1050x700.jpg\" \n                                srcset=\"https:\/\/visualjournalism.de\/wp-content\/uploads\/DDID-10-1050x700.jpg 1050w, https:\/\/visualjournalism.de\/wp-content\/uploads\/DDID-10-300x200.jpg 300w, https:\/\/visualjournalism.de\/wp-content\/uploads\/DDID-10-1024x683.jpg 1024w, https:\/\/visualjournalism.de\/wp-content\/uploads\/DDID-10-768x512.jpg 768w, https:\/\/visualjournalism.de\/wp-content\/uploads\/DDID-10-1536x1024.jpg 1536w, https:\/\/visualjournalism.de\/wp-content\/uploads\/DDID-10-2048x1365.jpg 2048w, https:\/\/visualjournalism.de\/wp-content\/uploads\/DDID-10-1920x1280.jpg 1920w, https:\/\/visualjournalism.de\/wp-content\/uploads\/DDID-10-1400x933.jpg 1400w, https:\/\/visualjournalism.de\/wp-content\/uploads\/DDID-10-670x447.jpg 670w, https:\/\/visualjournalism.de\/wp-content\/uploads\/DDID-10-420x280.jpg 420w, https:\/\/visualjournalism.de\/wp-content\/uploads\/DDID-10-350x233.jpg 350w, https:\/\/visualjournalism.de\/wp-content\/uploads\/DDID-10-150x100.jpg 150w\" \n                                width=\"1050\"  \n                                height=\"700\" \n                                alt=\"\"  \n                            \/>\n\n                                                            <span class=\"post__image__title\">Magdeburg, Germany, 28.07.2023. Photo: Rafael Heygster <\/span>\n                            \n                        <\/div><!-- post__image__container -->\n\n                        \n                    <\/figure>\n                \n                        \n\n                    <figure class=\"block-photo post__image--wide-left with-title splide__slide\">\n\n                        <div class=\"post__image__container\">\n                            <img loading=\"lazy\" decoding=\"async\"\n                                class=\"slide__image\"\n                                src=\"https:\/\/visualjournalism.de\/wp-content\/uploads\/DDID-24-1050x700.jpg\" \n                                srcset=\"https:\/\/visualjournalism.de\/wp-content\/uploads\/DDID-24-1050x700.jpg 1050w, https:\/\/visualjournalism.de\/wp-content\/uploads\/DDID-24-300x200.jpg 300w, https:\/\/visualjournalism.de\/wp-content\/uploads\/DDID-24-1024x683.jpg 1024w, https:\/\/visualjournalism.de\/wp-content\/uploads\/DDID-24-768x512.jpg 768w, https:\/\/visualjournalism.de\/wp-content\/uploads\/DDID-24-1536x1025.jpg 1536w, https:\/\/visualjournalism.de\/wp-content\/uploads\/DDID-24-2048x1366.jpg 2048w, https:\/\/visualjournalism.de\/wp-content\/uploads\/DDID-24-1920x1281.jpg 1920w, https:\/\/visualjournalism.de\/wp-content\/uploads\/DDID-24-1400x934.jpg 1400w, https:\/\/visualjournalism.de\/wp-content\/uploads\/DDID-24-670x447.jpg 670w, https:\/\/visualjournalism.de\/wp-content\/uploads\/DDID-24-420x280.jpg 420w, https:\/\/visualjournalism.de\/wp-content\/uploads\/DDID-24-350x233.jpg 350w, https:\/\/visualjournalism.de\/wp-content\/uploads\/DDID-24-150x100.jpg 150w\" \n                                width=\"1050\"  \n                                height=\"700\" \n                                alt=\"\"  \n                            \/>\n\n                                                            <span class=\"post__image__title\">Berlin, Germany, 16.12.2024, Photo: Rafael Heygster<\/span>\n                            \n                        <\/div><!-- post__image__container -->\n\n                        \n                    <\/figure>\n                \n                       \n\n        <\/div>\n    <\/div>\n    \n    \n        <div class=\"slider__navigation\">\n            <div class=\"slide__count\"><\/div>\n        <\/div><!-- .slider__navigation -->\n\n        <div class=\"splide__arrows gallery-slider__arrows\">\n\n            <button class=\"splide__arrow splide__arrow--prev gallery-slider__arrow\">\n                <svg xmlns=\"http:\/\/www.w3.org\/2000\/svg\" width=\"7\" height=\"11\" viewBox=\"0 0 7 11\" fill=\"none\">\n                <rect width=\"7.3498\" height=\"1.15101\" transform=\"matrix(-0.716725 -0.697356 -0.716725 0.697356 6.60693 10.1616)\"\/>\n                <rect width=\"7.70647\" height=\"1.15101\" transform=\"matrix(-0.716725 0.697356 0.716725 0.697356 6.02393 0.513184)\"\/>\n                <\/svg>\n            <\/button>\n\n            <button class=\"splide__arrow splide__arrow--next gallery-slider__arrow\">\n                <svg xmlns=\"http:\/\/www.w3.org\/2000\/svg\" width=\"7\" height=\"12\" viewBox=\"0 0 7 12\" fill=\"none\">\n                <rect width=\"7.34981\" height=\"1.15101\" transform=\"matrix(0.697355 -0.716726 0.697355 0.716726 0.80957 10.4229)\"\/>\n                <rect width=\"7.70648\" height=\"1.15101\" transform=\"matrix(0.697355 0.716726 -0.697355 0.716726 1.37695 0.506348)\"\/>\n                <\/svg>\n            <\/button>\n\n        <\/div><!-- .splide__arrows -->\n\n    \n<\/div><!-- .splide -->\n\n\n\n\n    <figure class=\"block-photo post__image--wide-left has-spacing--m with-title\">\n\n        <div class=\"post__image__container\">\n            <img loading=\"lazy\" decoding=\"async\" \n                src=\"https:\/\/visualjournalism.de\/wp-content\/uploads\/WPP-2025Contest-Europe-LTP-AlenaKardash-01-1050x788.jpg\"\n                srcset=\"https:\/\/visualjournalism.de\/wp-content\/uploads\/WPP-2025Contest-Europe-LTP-AlenaKardash-01-1050x788.jpg 1050w, https:\/\/visualjournalism.de\/wp-content\/uploads\/WPP-2025Contest-Europe-LTP-AlenaKardash-01-300x225.jpg 300w, https:\/\/visualjournalism.de\/wp-content\/uploads\/WPP-2025Contest-Europe-LTP-AlenaKardash-01-1024x768.jpg 1024w, https:\/\/visualjournalism.de\/wp-content\/uploads\/WPP-2025Contest-Europe-LTP-AlenaKardash-01-768x576.jpg 768w, https:\/\/visualjournalism.de\/wp-content\/uploads\/WPP-2025Contest-Europe-LTP-AlenaKardash-01-1536x1152.jpg 1536w, https:\/\/visualjournalism.de\/wp-content\/uploads\/WPP-2025Contest-Europe-LTP-AlenaKardash-01-1400x1050.jpg 1400w, https:\/\/visualjournalism.de\/wp-content\/uploads\/WPP-2025Contest-Europe-LTP-AlenaKardash-01-670x503.jpg 670w, https:\/\/visualjournalism.de\/wp-content\/uploads\/WPP-2025Contest-Europe-LTP-AlenaKardash-01-420x315.jpg 420w, https:\/\/visualjournalism.de\/wp-content\/uploads\/WPP-2025Contest-Europe-LTP-AlenaKardash-01-350x263.jpg 350w, https:\/\/visualjournalism.de\/wp-content\/uploads\/WPP-2025Contest-Europe-LTP-AlenaKardash-01-150x113.jpg 150w, https:\/\/visualjournalism.de\/wp-content\/uploads\/WPP-2025Contest-Europe-LTP-AlenaKardash-01.jpg 1920w\"\n                width=\"1050\" \n                height=\"788\"\n                alt=\"\" \n            \/>\n            \n                            <span class=\"post__image__title\">Photo: Aliona Kardash\/DOCKS Collective<\/span>\n                    <\/div><!-- post__image__container -->\n\n        \n    <\/figure><!-- post__image -->\n\n\n\n    <figure class=\"block-photo post__image--wide-left has-spacing--m with-title\">\n\n        <div class=\"post__image__container\">\n            <img loading=\"lazy\" decoding=\"async\" \n                src=\"https:\/\/visualjournalism.de\/wp-content\/uploads\/WPP-2025Contest-SouthAmerica-STO-SantiagoMesa-01-1050x700.jpg\"\n                srcset=\"https:\/\/visualjournalism.de\/wp-content\/uploads\/WPP-2025Contest-SouthAmerica-STO-SantiagoMesa-01-1050x700.jpg 1050w, https:\/\/visualjournalism.de\/wp-content\/uploads\/WPP-2025Contest-SouthAmerica-STO-SantiagoMesa-01-300x200.jpg 300w, https:\/\/visualjournalism.de\/wp-content\/uploads\/WPP-2025Contest-SouthAmerica-STO-SantiagoMesa-01-1024x683.jpg 1024w, https:\/\/visualjournalism.de\/wp-content\/uploads\/WPP-2025Contest-SouthAmerica-STO-SantiagoMesa-01-768x512.jpg 768w, https:\/\/visualjournalism.de\/wp-content\/uploads\/WPP-2025Contest-SouthAmerica-STO-SantiagoMesa-01-1536x1024.jpg 1536w, https:\/\/visualjournalism.de\/wp-content\/uploads\/WPP-2025Contest-SouthAmerica-STO-SantiagoMesa-01-1400x933.jpg 1400w, https:\/\/visualjournalism.de\/wp-content\/uploads\/WPP-2025Contest-SouthAmerica-STO-SantiagoMesa-01-670x447.jpg 670w, https:\/\/visualjournalism.de\/wp-content\/uploads\/WPP-2025Contest-SouthAmerica-STO-SantiagoMesa-01-420x280.jpg 420w, https:\/\/visualjournalism.de\/wp-content\/uploads\/WPP-2025Contest-SouthAmerica-STO-SantiagoMesa-01-350x233.jpg 350w, https:\/\/visualjournalism.de\/wp-content\/uploads\/WPP-2025Contest-SouthAmerica-STO-SantiagoMesa-01-150x100.jpg 150w, https:\/\/visualjournalism.de\/wp-content\/uploads\/WPP-2025Contest-SouthAmerica-STO-SantiagoMesa-01.jpg 1920w\"\n                width=\"1050\" \n                height=\"700\"\n                alt=\"\" \n            \/>\n            \n                            <span class=\"post__image__title\">Photo: Santiago Mesa<\/span>\n                    <\/div><!-- post__image__container -->\n\n        \n    <\/figure><!-- post__image -->\n\n<\/div>\n\n<div class=\"wp-block-group has-spacing--none\">\n<div class=\"devider has-spacing--none\">\n    <hr>\n<\/div>\n\n\n    <nav id=\"section-navigation-block_4954e7f65043f9ead172fedfd177b988\" class=\"section-navigation has-spacing--m\">\n        <ul>\n\n                \n                    <li>This might also interest you:<\/li>\n                \n            \n            \n                        \n                        \n\n            \n\n        <\/ul>\n        \n    <\/nav>\n\n\n\n<div class=\"four-columns-teaser has-spacing--m\">\n\n    \r\n<article class=\"post-teaser post-65184 post type-post status-publish format-standard has-post-thumbnail hentry category-events category-news-en\">\r\n\t<header class=\"entry-header\">\r\n\r\n\t\t<div class=\"entry-categories\">\n\t<a class=\"post__tag\" href=\"https:\/\/visualjournalism.de\/en\/news-en\/events\/\" rel=\"category tag\">Events<\/a><\/div>\r\n\t\t<a href=\"https:\/\/visualjournalism.de\/en\/news-en\/events\/experience-visual-journalism-live-discover-which-media-study-program-suits-you-best\/\" rel=\"bookmark\">\r\n\t\t\t<h2 class=\"entry-title\">Experience visual journalism live: Discover which media degree program is right for you.<\/h2>\r\n\t\t\t<p class=\"entry-excerpt\">The Media_Special on November 11, 2025 will showcase the media degree programs at the University of Applied Sciences and Arts Hannover. Workshops, talks and lectures provide insights and help with the choice of course. <\/p>\r\n\t\t<\/a>\r\n\r\n\t<\/header><!-- .entry-header -->\r\n\r\n\t<figure class=\"post__image\">\r\n\t\t<a href=\"https:\/\/visualjournalism.de\/en\/news-en\/events\/experience-visual-journalism-live-discover-which-media-study-program-suits-you-best\/\" rel=\"bookmark\">\r\n\t\t\t<img loading=\"lazy\" decoding=\"async\" width=\"350\" height=\"233\" src=\"https:\/\/visualjournalism.de\/wp-content\/uploads\/rosty_foto-12-350x233.jpg\" class=\"attachment-post-image--two-column--small size-post-image--two-column--small\" alt=\"\" srcset=\"https:\/\/visualjournalism.de\/wp-content\/uploads\/rosty_foto-12-350x233.jpg 350w, https:\/\/visualjournalism.de\/wp-content\/uploads\/rosty_foto-12-300x200.jpg 300w, https:\/\/visualjournalism.de\/wp-content\/uploads\/rosty_foto-12-1024x683.jpg 1024w, https:\/\/visualjournalism.de\/wp-content\/uploads\/rosty_foto-12-768x512.jpg 768w, https:\/\/visualjournalism.de\/wp-content\/uploads\/rosty_foto-12-1536x1024.jpg 1536w, https:\/\/visualjournalism.de\/wp-content\/uploads\/rosty_foto-12-1400x933.jpg 1400w, https:\/\/visualjournalism.de\/wp-content\/uploads\/rosty_foto-12-1050x700.jpg 1050w, https:\/\/visualjournalism.de\/wp-content\/uploads\/rosty_foto-12-670x447.jpg 670w, https:\/\/visualjournalism.de\/wp-content\/uploads\/rosty_foto-12-420x280.jpg 420w, https:\/\/visualjournalism.de\/wp-content\/uploads\/rosty_foto-12.jpg 1920w\" sizes=\"auto, (max-width: 350px) 100vw, 350px\" \/>\t\t<\/a>\r\n\t<\/figure><!-- .post__image -->\r\n\r\n<\/article>\r\n\r\n<article class=\"post-teaser post-14985 post type-post status-publish format-standard has-post-thumbnail hentry category-application category-news-en\">\r\n\t<header class=\"entry-header\">\r\n\r\n\t\t<div class=\"entry-categories\">\n\t<a class=\"post__tag\" href=\"https:\/\/visualjournalism.de\/en\/news-en\/application\/\" rel=\"category tag\">Application<\/a><\/div>\r\n\t\t<a href=\"https:\/\/visualjournalism.de\/en\/news-en\/application\/apply-now\/\" rel=\"bookmark\">\r\n\t\t\t<h2 class=\"entry-title\">Get ready to launch your journalistic career!<\/h2>\r\n\t\t\t<p class=\"entry-excerpt\">Make sure you&#8217;re on track for the winter semester.<\/p>\r\n\t\t<\/a>\r\n\r\n\t<\/header><!-- .entry-header -->\r\n\r\n\t<figure class=\"post__image\">\r\n\t\t<a href=\"https:\/\/visualjournalism.de\/en\/news-en\/application\/apply-now\/\" rel=\"bookmark\">\r\n\t\t\t\n<div class=\"splide\">\n    <div class=\"splide__track\">\n\n        <div class=\"splide__list\">\n\n                    \n\n                    <div class=\"splide__slide\">\n\n                        <img loading=\"lazy\" decoding=\"async\"  \n                            src=\"https:\/\/visualjournalism.de\/wp-content\/uploads\/rosty_foto-20-350x233.jpg\" \n                            srcset=\"https:\/\/visualjournalism.de\/wp-content\/uploads\/rosty_foto-20-350x233.jpg 350w, https:\/\/visualjournalism.de\/wp-content\/uploads\/rosty_foto-20-300x200.jpg 300w, https:\/\/visualjournalism.de\/wp-content\/uploads\/rosty_foto-20-1024x683.jpg 1024w, https:\/\/visualjournalism.de\/wp-content\/uploads\/rosty_foto-20-768x512.jpg 768w, https:\/\/visualjournalism.de\/wp-content\/uploads\/rosty_foto-20-1536x1024.jpg 1536w, https:\/\/visualjournalism.de\/wp-content\/uploads\/rosty_foto-20-1400x933.jpg 1400w, https:\/\/visualjournalism.de\/wp-content\/uploads\/rosty_foto-20-1050x700.jpg 1050w, https:\/\/visualjournalism.de\/wp-content\/uploads\/rosty_foto-20-670x447.jpg 670w, https:\/\/visualjournalism.de\/wp-content\/uploads\/rosty_foto-20-420x280.jpg 420w, https:\/\/visualjournalism.de\/wp-content\/uploads\/rosty_foto-20.jpg 1920w\" \n                            width=\"350\"  \n                            height=\"233\" \n                            alt=\"\"  \n                        \/>\n\n                    <\/div>\n                \n                        \n\n                    <div class=\"splide__slide\">\n\n                        <img loading=\"lazy\" decoding=\"async\"  \n                            src=\"https:\/\/visualjournalism.de\/wp-content\/uploads\/2026\/02\/IMG_0694-2-350x263.jpg\" \n                            srcset=\"https:\/\/visualjournalism.de\/wp-content\/uploads\/2026\/02\/IMG_0694-2-350x263.jpg 350w, https:\/\/visualjournalism.de\/wp-content\/uploads\/2026\/02\/IMG_0694-2-300x225.jpg 300w, https:\/\/visualjournalism.de\/wp-content\/uploads\/2026\/02\/IMG_0694-2-1024x768.jpg 1024w, https:\/\/visualjournalism.de\/wp-content\/uploads\/2026\/02\/IMG_0694-2-768x576.jpg 768w, https:\/\/visualjournalism.de\/wp-content\/uploads\/2026\/02\/IMG_0694-2-1536x1152.jpg 1536w, https:\/\/visualjournalism.de\/wp-content\/uploads\/2026\/02\/IMG_0694-2-2048x1536.jpg 2048w, https:\/\/visualjournalism.de\/wp-content\/uploads\/2026\/02\/IMG_0694-2-1920x1440.jpg 1920w, https:\/\/visualjournalism.de\/wp-content\/uploads\/2026\/02\/IMG_0694-2-1400x1050.jpg 1400w, https:\/\/visualjournalism.de\/wp-content\/uploads\/2026\/02\/IMG_0694-2-1050x788.jpg 1050w, https:\/\/visualjournalism.de\/wp-content\/uploads\/2026\/02\/IMG_0694-2-670x503.jpg 670w, https:\/\/visualjournalism.de\/wp-content\/uploads\/2026\/02\/IMG_0694-2-420x315.jpg 420w, https:\/\/visualjournalism.de\/wp-content\/uploads\/2026\/02\/IMG_0694-2-150x113.jpg 150w\" \n                            width=\"350\"  \n                            height=\"263\" \n                            alt=\"\"  \n                        \/>\n\n                    <\/div>\n                \n                        \n\n                    <div class=\"splide__slide\">\n\n                        <img loading=\"lazy\" decoding=\"async\"  \n                            src=\"https:\/\/visualjournalism.de\/wp-content\/uploads\/1mg6251-1500x1000-1-350x233.jpg\" \n                            srcset=\"https:\/\/visualjournalism.de\/wp-content\/uploads\/1mg6251-1500x1000-1-350x233.jpg 350w, https:\/\/visualjournalism.de\/wp-content\/uploads\/1mg6251-1500x1000-1-300x200.jpg 300w, https:\/\/visualjournalism.de\/wp-content\/uploads\/1mg6251-1500x1000-1-1024x683.jpg 1024w, https:\/\/visualjournalism.de\/wp-content\/uploads\/1mg6251-1500x1000-1-768x512.jpg 768w, https:\/\/visualjournalism.de\/wp-content\/uploads\/1mg6251-1500x1000-1-1400x933.jpg 1400w, https:\/\/visualjournalism.de\/wp-content\/uploads\/1mg6251-1500x1000-1-1050x700.jpg 1050w, https:\/\/visualjournalism.de\/wp-content\/uploads\/1mg6251-1500x1000-1-670x447.jpg 670w, https:\/\/visualjournalism.de\/wp-content\/uploads\/1mg6251-1500x1000-1-420x280.jpg 420w, https:\/\/visualjournalism.de\/wp-content\/uploads\/1mg6251-1500x1000-1-150x100.jpg 150w, https:\/\/visualjournalism.de\/wp-content\/uploads\/1mg6251-1500x1000-1.jpg 1500w\" \n                            width=\"350\"  \n                            height=\"233\" \n                            alt=\"\"  \n                        \/>\n\n                    <\/div>\n                \n                        \n\n                    <div class=\"splide__slide\">\n\n                        <img loading=\"lazy\" decoding=\"async\"  \n                            src=\"https:\/\/visualjournalism.de\/wp-content\/uploads\/rosty_foto-17-350x233.jpg\" \n                            srcset=\"https:\/\/visualjournalism.de\/wp-content\/uploads\/rosty_foto-17-350x233.jpg 350w, https:\/\/visualjournalism.de\/wp-content\/uploads\/rosty_foto-17-300x200.jpg 300w, https:\/\/visualjournalism.de\/wp-content\/uploads\/rosty_foto-17-1024x683.jpg 1024w, https:\/\/visualjournalism.de\/wp-content\/uploads\/rosty_foto-17-768x512.jpg 768w, https:\/\/visualjournalism.de\/wp-content\/uploads\/rosty_foto-17-1536x1024.jpg 1536w, https:\/\/visualjournalism.de\/wp-content\/uploads\/rosty_foto-17-1400x933.jpg 1400w, https:\/\/visualjournalism.de\/wp-content\/uploads\/rosty_foto-17-1050x700.jpg 1050w, https:\/\/visualjournalism.de\/wp-content\/uploads\/rosty_foto-17-670x447.jpg 670w, https:\/\/visualjournalism.de\/wp-content\/uploads\/rosty_foto-17-420x280.jpg 420w, https:\/\/visualjournalism.de\/wp-content\/uploads\/rosty_foto-17.jpg 1920w\" \n                            width=\"350\"  \n                            height=\"233\" \n                            alt=\"\"  \n                        \/>\n\n                    <\/div>\n                \n                        \n\n                    <div class=\"splide__slide\">\n\n                        <img loading=\"lazy\" decoding=\"async\"  \n                            src=\"https:\/\/visualjournalism.de\/wp-content\/uploads\/20250924EE_11-350x233.jpg\" \n                            srcset=\"https:\/\/visualjournalism.de\/wp-content\/uploads\/20250924EE_11-350x233.jpg 350w, https:\/\/visualjournalism.de\/wp-content\/uploads\/20250924EE_11-300x200.jpg 300w, https:\/\/visualjournalism.de\/wp-content\/uploads\/20250924EE_11-1024x683.jpg 1024w, https:\/\/visualjournalism.de\/wp-content\/uploads\/20250924EE_11-768x512.jpg 768w, https:\/\/visualjournalism.de\/wp-content\/uploads\/20250924EE_11-1536x1024.jpg 1536w, https:\/\/visualjournalism.de\/wp-content\/uploads\/20250924EE_11-2048x1365.jpg 2048w, https:\/\/visualjournalism.de\/wp-content\/uploads\/20250924EE_11-1920x1280.jpg 1920w, https:\/\/visualjournalism.de\/wp-content\/uploads\/20250924EE_11-1400x933.jpg 1400w, https:\/\/visualjournalism.de\/wp-content\/uploads\/20250924EE_11-1050x700.jpg 1050w, https:\/\/visualjournalism.de\/wp-content\/uploads\/20250924EE_11-670x447.jpg 670w, https:\/\/visualjournalism.de\/wp-content\/uploads\/20250924EE_11-420x280.jpg 420w\" \n                            width=\"350\"  \n                            height=\"233\" \n                            alt=\"\"  \n                        \/>\n\n                    <\/div>\n                \n                        \n\n                    <div class=\"splide__slide\">\n\n                        <img loading=\"lazy\" decoding=\"async\"  \n                            src=\"https:\/\/visualjournalism.de\/wp-content\/uploads\/2026\/02\/IMG_0665-2-350x263.jpg\" \n                            srcset=\"https:\/\/visualjournalism.de\/wp-content\/uploads\/2026\/02\/IMG_0665-2-350x263.jpg 350w, https:\/\/visualjournalism.de\/wp-content\/uploads\/2026\/02\/IMG_0665-2-300x225.jpg 300w, https:\/\/visualjournalism.de\/wp-content\/uploads\/2026\/02\/IMG_0665-2-1024x768.jpg 1024w, https:\/\/visualjournalism.de\/wp-content\/uploads\/2026\/02\/IMG_0665-2-768x576.jpg 768w, https:\/\/visualjournalism.de\/wp-content\/uploads\/2026\/02\/IMG_0665-2-1536x1152.jpg 1536w, https:\/\/visualjournalism.de\/wp-content\/uploads\/2026\/02\/IMG_0665-2-2048x1536.jpg 2048w, https:\/\/visualjournalism.de\/wp-content\/uploads\/2026\/02\/IMG_0665-2-1920x1440.jpg 1920w, https:\/\/visualjournalism.de\/wp-content\/uploads\/2026\/02\/IMG_0665-2-1400x1050.jpg 1400w, https:\/\/visualjournalism.de\/wp-content\/uploads\/2026\/02\/IMG_0665-2-1050x788.jpg 1050w, https:\/\/visualjournalism.de\/wp-content\/uploads\/2026\/02\/IMG_0665-2-670x503.jpg 670w, https:\/\/visualjournalism.de\/wp-content\/uploads\/2026\/02\/IMG_0665-2-420x315.jpg 420w, https:\/\/visualjournalism.de\/wp-content\/uploads\/2026\/02\/IMG_0665-2-150x113.jpg 150w\" \n                            width=\"350\"  \n                            height=\"263\" \n                            alt=\"\"  \n                        \/>\n\n                    <\/div>\n                \n                        \n\n                    <div class=\"splide__slide\">\n\n                        <img loading=\"lazy\" decoding=\"async\"  \n                            src=\"https:\/\/visualjournalism.de\/wp-content\/uploads\/Erstsemester_Begruessung-17-350x233.jpg\" \n                            srcset=\"https:\/\/visualjournalism.de\/wp-content\/uploads\/Erstsemester_Begruessung-17-350x233.jpg 350w, https:\/\/visualjournalism.de\/wp-content\/uploads\/Erstsemester_Begruessung-17-300x200.jpg 300w, https:\/\/visualjournalism.de\/wp-content\/uploads\/Erstsemester_Begruessung-17-1024x683.jpg 1024w, https:\/\/visualjournalism.de\/wp-content\/uploads\/Erstsemester_Begruessung-17-768x512.jpg 768w, https:\/\/visualjournalism.de\/wp-content\/uploads\/Erstsemester_Begruessung-17-1536x1024.jpg 1536w, https:\/\/visualjournalism.de\/wp-content\/uploads\/Erstsemester_Begruessung-17-2048x1365.jpg 2048w, https:\/\/visualjournalism.de\/wp-content\/uploads\/Erstsemester_Begruessung-17-1920x1280.jpg 1920w, https:\/\/visualjournalism.de\/wp-content\/uploads\/Erstsemester_Begruessung-17-1400x933.jpg 1400w, https:\/\/visualjournalism.de\/wp-content\/uploads\/Erstsemester_Begruessung-17-1050x700.jpg 1050w, https:\/\/visualjournalism.de\/wp-content\/uploads\/Erstsemester_Begruessung-17-670x447.jpg 670w, https:\/\/visualjournalism.de\/wp-content\/uploads\/Erstsemester_Begruessung-17-420x280.jpg 420w\" \n                            width=\"350\"  \n                            height=\"233\" \n                            alt=\"\"  \n                        \/>\n\n                    <\/div>\n                \n                        \n\n                    <div class=\"splide__slide\">\n\n                        <img loading=\"lazy\" decoding=\"async\"  \n                            src=\"https:\/\/visualjournalism.de\/wp-content\/uploads\/rosty_foto-12-350x233.jpg\" \n                            srcset=\"https:\/\/visualjournalism.de\/wp-content\/uploads\/rosty_foto-12-350x233.jpg 350w, https:\/\/visualjournalism.de\/wp-content\/uploads\/rosty_foto-12-300x200.jpg 300w, https:\/\/visualjournalism.de\/wp-content\/uploads\/rosty_foto-12-1024x683.jpg 1024w, https:\/\/visualjournalism.de\/wp-content\/uploads\/rosty_foto-12-768x512.jpg 768w, https:\/\/visualjournalism.de\/wp-content\/uploads\/rosty_foto-12-1536x1024.jpg 1536w, https:\/\/visualjournalism.de\/wp-content\/uploads\/rosty_foto-12-1400x933.jpg 1400w, https:\/\/visualjournalism.de\/wp-content\/uploads\/rosty_foto-12-1050x700.jpg 1050w, https:\/\/visualjournalism.de\/wp-content\/uploads\/rosty_foto-12-670x447.jpg 670w, https:\/\/visualjournalism.de\/wp-content\/uploads\/rosty_foto-12-420x280.jpg 420w, https:\/\/visualjournalism.de\/wp-content\/uploads\/rosty_foto-12.jpg 1920w\" \n                            width=\"350\"  \n                            height=\"233\" \n                            alt=\"\"  \n                        \/>\n\n                    <\/div>\n                \n                \n        <\/div> <!-- .splide__list -->\n\n    <\/div><!-- slide__track -->\n<\/div>\t\t<\/a>\r\n\t<\/figure><!-- .post__image -->\r\n\r\n<\/article>\r\n\r\n<article class=\"post-teaser post-64654 post type-post status-publish format-standard has-post-thumbnail hentry category-awards category-news-en\">\r\n\t<header class=\"entry-header\">\r\n\r\n\t\t<div class=\"entry-categories\">\n\t<a class=\"post__tag\" href=\"https:\/\/visualjournalism.de\/en\/news-en\/awards\/\" rel=\"category tag\">Awards<\/a><\/div>\r\n\t\t<a href=\"https:\/\/visualjournalism.de\/en\/news-en\/awards\/julius-schien-wins-the-vgh-photo-prize-2025\/\" rel=\"bookmark\">\r\n\t\t\t<h2 class=\"entry-title\">With a photo series on right-wing violence:<\/h2>\r\n\t\t\t<p class=\"entry-excerpt\">Julius Schien wins the VGH Photo Prize 2025<\/p>\r\n\t\t<\/a>\r\n\r\n\t<\/header><!-- .entry-header -->\r\n\r\n\t<figure class=\"post__image\">\r\n\t\t<a href=\"https:\/\/visualjournalism.de\/en\/news-en\/awards\/julius-schien-wins-the-vgh-photo-prize-2025\/\" rel=\"bookmark\">\r\n\t\t\t<img loading=\"lazy\" decoding=\"async\" width=\"350\" height=\"280\" src=\"https:\/\/visualjournalism.de\/wp-content\/uploads\/VGH-Fotopreis2025-Rechtes-Land_1993-01-15_Arnstadt_Karl-Sidon_CJulius-Schien-350x280.jpg\" class=\"attachment-post-image--two-column--small size-post-image--two-column--small\" alt=\"\" srcset=\"https:\/\/visualjournalism.de\/wp-content\/uploads\/VGH-Fotopreis2025-Rechtes-Land_1993-01-15_Arnstadt_Karl-Sidon_CJulius-Schien-350x280.jpg 350w, https:\/\/visualjournalism.de\/wp-content\/uploads\/VGH-Fotopreis2025-Rechtes-Land_1993-01-15_Arnstadt_Karl-Sidon_CJulius-Schien-300x240.jpg 300w, https:\/\/visualjournalism.de\/wp-content\/uploads\/VGH-Fotopreis2025-Rechtes-Land_1993-01-15_Arnstadt_Karl-Sidon_CJulius-Schien-1024x819.jpg 1024w, https:\/\/visualjournalism.de\/wp-content\/uploads\/VGH-Fotopreis2025-Rechtes-Land_1993-01-15_Arnstadt_Karl-Sidon_CJulius-Schien-768x615.jpg 768w, https:\/\/visualjournalism.de\/wp-content\/uploads\/VGH-Fotopreis2025-Rechtes-Land_1993-01-15_Arnstadt_Karl-Sidon_CJulius-Schien-1536x1229.jpg 1536w, https:\/\/visualjournalism.de\/wp-content\/uploads\/VGH-Fotopreis2025-Rechtes-Land_1993-01-15_Arnstadt_Karl-Sidon_CJulius-Schien-2048x1639.jpg 2048w, https:\/\/visualjournalism.de\/wp-content\/uploads\/VGH-Fotopreis2025-Rechtes-Land_1993-01-15_Arnstadt_Karl-Sidon_CJulius-Schien-1920x1536.jpg 1920w, https:\/\/visualjournalism.de\/wp-content\/uploads\/VGH-Fotopreis2025-Rechtes-Land_1993-01-15_Arnstadt_Karl-Sidon_CJulius-Schien-1400x1120.jpg 1400w, https:\/\/visualjournalism.de\/wp-content\/uploads\/VGH-Fotopreis2025-Rechtes-Land_1993-01-15_Arnstadt_Karl-Sidon_CJulius-Schien-1050x840.jpg 1050w, https:\/\/visualjournalism.de\/wp-content\/uploads\/VGH-Fotopreis2025-Rechtes-Land_1993-01-15_Arnstadt_Karl-Sidon_CJulius-Schien-670x536.jpg 670w, https:\/\/visualjournalism.de\/wp-content\/uploads\/VGH-Fotopreis2025-Rechtes-Land_1993-01-15_Arnstadt_Karl-Sidon_CJulius-Schien-420x336.jpg 420w\" sizes=\"auto, (max-width: 350px) 100vw, 350px\" \/>\t\t<\/a>\r\n\t<\/figure><!-- .post__image -->\r\n\r\n<\/article>\r\n\r\n<article class=\"post-teaser post-64668 post type-post status-publish format-standard has-post-thumbnail hentry category-current category-news-en\">\r\n\t<header class=\"entry-header\">\r\n\r\n\t\t<div class=\"entry-categories\">\n\t<a class=\"post__tag\" href=\"https:\/\/visualjournalism.de\/en\/news-en\/\" rel=\"category tag\">News<\/a><\/div>\r\n\t\t<a href=\"https:\/\/visualjournalism.de\/en\/news-en\/a-huge-playground-starting-studies-in-hannover\/\" rel=\"bookmark\">\r\n\t\t\t<h2 class=\"entry-title\">&#8220;A huge playground&#8221;.<\/h2>\r\n\t\t\t<p class=\"entry-excerpt\">The first semester students experience the start as open, diverse and inspiring.<\/p>\r\n\t\t<\/a>\r\n\r\n\t<\/header><!-- .entry-header -->\r\n\r\n\t<figure class=\"post__image\">\r\n\t\t<a href=\"https:\/\/visualjournalism.de\/en\/news-en\/a-huge-playground-starting-studies-in-hannover\/\" rel=\"bookmark\">\r\n\t\t\t\n<div class=\"splide\">\n    <div class=\"splide__track\">\n\n        <div class=\"splide__list\">\n\n                    \n\n                    <div class=\"splide__slide\">\n\n                        <img loading=\"lazy\" decoding=\"async\"  \n                            src=\"https:\/\/visualjournalism.de\/wp-content\/uploads\/Erstsemester_Begruessung-17-350x233.jpg\" \n                            srcset=\"https:\/\/visualjournalism.de\/wp-content\/uploads\/Erstsemester_Begruessung-17-350x233.jpg 350w, https:\/\/visualjournalism.de\/wp-content\/uploads\/Erstsemester_Begruessung-17-300x200.jpg 300w, https:\/\/visualjournalism.de\/wp-content\/uploads\/Erstsemester_Begruessung-17-1024x683.jpg 1024w, https:\/\/visualjournalism.de\/wp-content\/uploads\/Erstsemester_Begruessung-17-768x512.jpg 768w, https:\/\/visualjournalism.de\/wp-content\/uploads\/Erstsemester_Begruessung-17-1536x1024.jpg 1536w, https:\/\/visualjournalism.de\/wp-content\/uploads\/Erstsemester_Begruessung-17-2048x1365.jpg 2048w, https:\/\/visualjournalism.de\/wp-content\/uploads\/Erstsemester_Begruessung-17-1920x1280.jpg 1920w, https:\/\/visualjournalism.de\/wp-content\/uploads\/Erstsemester_Begruessung-17-1400x933.jpg 1400w, https:\/\/visualjournalism.de\/wp-content\/uploads\/Erstsemester_Begruessung-17-1050x700.jpg 1050w, https:\/\/visualjournalism.de\/wp-content\/uploads\/Erstsemester_Begruessung-17-670x447.jpg 670w, https:\/\/visualjournalism.de\/wp-content\/uploads\/Erstsemester_Begruessung-17-420x280.jpg 420w\" \n                            width=\"350\"  \n                            height=\"233\" \n                            alt=\"\"  \n                        \/>\n\n                    <\/div>\n                \n                        \n\n                    <div class=\"splide__slide\">\n\n                        <img loading=\"lazy\" decoding=\"async\"  \n                            src=\"https:\/\/visualjournalism.de\/wp-content\/uploads\/Erstsemester_Begruessung-7-350x233.jpg\" \n                            srcset=\"https:\/\/visualjournalism.de\/wp-content\/uploads\/Erstsemester_Begruessung-7-350x233.jpg 350w, https:\/\/visualjournalism.de\/wp-content\/uploads\/Erstsemester_Begruessung-7-300x200.jpg 300w, https:\/\/visualjournalism.de\/wp-content\/uploads\/Erstsemester_Begruessung-7-1024x683.jpg 1024w, https:\/\/visualjournalism.de\/wp-content\/uploads\/Erstsemester_Begruessung-7-768x512.jpg 768w, https:\/\/visualjournalism.de\/wp-content\/uploads\/Erstsemester_Begruessung-7-1536x1024.jpg 1536w, https:\/\/visualjournalism.de\/wp-content\/uploads\/Erstsemester_Begruessung-7-2048x1365.jpg 2048w, https:\/\/visualjournalism.de\/wp-content\/uploads\/Erstsemester_Begruessung-7-1920x1280.jpg 1920w, https:\/\/visualjournalism.de\/wp-content\/uploads\/Erstsemester_Begruessung-7-1400x933.jpg 1400w, https:\/\/visualjournalism.de\/wp-content\/uploads\/Erstsemester_Begruessung-7-1050x700.jpg 1050w, https:\/\/visualjournalism.de\/wp-content\/uploads\/Erstsemester_Begruessung-7-670x447.jpg 670w, https:\/\/visualjournalism.de\/wp-content\/uploads\/Erstsemester_Begruessung-7-420x280.jpg 420w\" \n                            width=\"350\"  \n                            height=\"233\" \n                            alt=\"\"  \n                        \/>\n\n                    <\/div>\n                \n                        \n\n                    <div class=\"splide__slide\">\n\n                        <img loading=\"lazy\" decoding=\"async\"  \n                            src=\"https:\/\/visualjournalism.de\/wp-content\/uploads\/Erstsemester_Begruessung-21-350x233.jpg\" \n                            srcset=\"https:\/\/visualjournalism.de\/wp-content\/uploads\/Erstsemester_Begruessung-21-350x233.jpg 350w, https:\/\/visualjournalism.de\/wp-content\/uploads\/Erstsemester_Begruessung-21-300x200.jpg 300w, https:\/\/visualjournalism.de\/wp-content\/uploads\/Erstsemester_Begruessung-21-1024x683.jpg 1024w, https:\/\/visualjournalism.de\/wp-content\/uploads\/Erstsemester_Begruessung-21-768x512.jpg 768w, https:\/\/visualjournalism.de\/wp-content\/uploads\/Erstsemester_Begruessung-21-1536x1024.jpg 1536w, https:\/\/visualjournalism.de\/wp-content\/uploads\/Erstsemester_Begruessung-21-2048x1365.jpg 2048w, https:\/\/visualjournalism.de\/wp-content\/uploads\/Erstsemester_Begruessung-21-1920x1280.jpg 1920w, https:\/\/visualjournalism.de\/wp-content\/uploads\/Erstsemester_Begruessung-21-1400x933.jpg 1400w, https:\/\/visualjournalism.de\/wp-content\/uploads\/Erstsemester_Begruessung-21-1050x700.jpg 1050w, https:\/\/visualjournalism.de\/wp-content\/uploads\/Erstsemester_Begruessung-21-670x447.jpg 670w, https:\/\/visualjournalism.de\/wp-content\/uploads\/Erstsemester_Begruessung-21-420x280.jpg 420w\" \n                            width=\"350\"  \n                            height=\"233\" \n                            alt=\"\"  \n                        \/>\n\n                    <\/div>\n                \n                \n        <\/div> <!-- .splide__list -->\n\n    <\/div><!-- slide__track -->\n<\/div>\t\t<\/a>\r\n\t<\/figure><!-- .post__image -->\r\n\r\n<\/article>\r\n\n<\/div><!-- .2-columns-teaser-->\n\n    \n\n\n<div class=\"wp-block-group has-spacing--default has-spacing--default\">\n<div class=\"devider has-spacing--none\">\n    <hr>\n<\/div>\n\n\n \n\n    <div id=\"lead-in-block_cb34010812c70ed5934a8635a3ccfe0b\" class=\"block-lead-in typo--default font-size--xl has-spacing--s width--default\">\n        <p><strong>Empfehlungen der Redaktion:<\/strong><\/p>\n    <\/div>\n\n\n\n\r\n\r\n\r\n\n\n\r\n\r\n\r\n\r\n        <div class=\"teaser-grid grid-layout--3col has-spacing--s width--inline\">\r\n\r\n            \r\n                <article class=\"post-teaser\">\r\n\r\n                    <a href=\"https:\/\/visualjournalism.de\/en\/magazine\/ratgeber\/so-schaffst-du-es-gute-portraets-zu-machen\/\" rel=\"permalink\">\r\n\r\n                        <div class=\"post-teaser__content\">\r\n\r\n                            <span class=\"entry-categories\">Ratgeber<\/span>\r\n                            <h3 class=\"post-teaser__headline\">\r\n                                So schaffst du es, gute Portr\u00e4ts zu machen.                             <\/h3>\r\n\r\n                            <div class=\"post-teaser__excerpt\">\r\n                                <p>Renommierte Fotograf*innen erz\u00e4hlen, wie sie in der Praxis mit Schwierigkeiten bei Portr\u00e4tshootings umgehen und wieso Posen manchmal ehrlicher sind, als man denkt.\u00a0<\/p>\r\n                            <\/div>\r\n\r\n                        <\/div><!-- .post-teaser__content -->\r\n\r\n\r\n                        \r\n                            <figure class=\"post-teaser__image\">\r\n                                <img loading=\"lazy\" decoding=\"async\"  \r\n                                    src=\"https:\/\/visualjournalism.de\/wp-content\/uploads\/2026\/01\/image-5-768x432.jpg\" \r\n                                    srcset=\"https:\/\/visualjournalism.de\/wp-content\/uploads\/2026\/01\/image-5-768x432.jpg 768w, https:\/\/visualjournalism.de\/wp-content\/uploads\/2026\/01\/image-5-300x169.jpg 300w, https:\/\/visualjournalism.de\/wp-content\/uploads\/2026\/01\/image-5-1024x576.jpg 1024w, https:\/\/visualjournalism.de\/wp-content\/uploads\/2026\/01\/image-5-1536x864.jpg 1536w, https:\/\/visualjournalism.de\/wp-content\/uploads\/2026\/01\/image-5-1400x788.jpg 1400w, https:\/\/visualjournalism.de\/wp-content\/uploads\/2026\/01\/image-5-1050x591.jpg 1050w, https:\/\/visualjournalism.de\/wp-content\/uploads\/2026\/01\/image-5-670x377.jpg 670w, https:\/\/visualjournalism.de\/wp-content\/uploads\/2026\/01\/image-5-420x236.jpg 420w, https:\/\/visualjournalism.de\/wp-content\/uploads\/2026\/01\/image-5-350x197.jpg 350w, https:\/\/visualjournalism.de\/wp-content\/uploads\/2026\/01\/image-5-150x84.jpg 150w, https:\/\/visualjournalism.de\/wp-content\/uploads\/2026\/01\/image-5.jpg 1600w\" \r\n                                    width=\"768\"  \r\n                                    height=\"432\" \r\n                                    alt=\"\"\r\n                                \/>\r\n                            <\/figure>\r\n\r\n                        \r\n                    \r\n                    <\/a>\r\n\r\n                <\/article><!--- .post-teaser-->\r\n\r\n            \r\n                <article class=\"post-teaser\">\r\n\r\n                    <a href=\"https:\/\/visualjournalism.de\/en\/magazine\/ratgeber\/wie-du-deine-portraets-neu-denken-kannst\/\" rel=\"permalink\">\r\n\r\n                        <div class=\"post-teaser__content\">\r\n\r\n                            <span class=\"entry-categories\">Ratgeber<\/span>\r\n                            <h3 class=\"post-teaser__headline\">\r\n                                Wie du deine Portr\u00e4ts neu denken kannst.                            <\/h3>\r\n\r\n                            <div class=\"post-teaser__excerpt\">\r\n                                <p>Wenn uns Portr\u00e4ts tief ber\u00fchren, aufr\u00fctteln oder in den Bann ziehen, ist das ein sicheres Anzeichen f\u00fcr ein starkes Bild. Doch wie gelingt das? Hier findest du konkrete Ans\u00e4tze und Tipps von Expert*innen aus der Praxis.<\/p>\r\n                            <\/div>\r\n\r\n                        <\/div><!-- .post-teaser__content -->\r\n\r\n\r\n                        \r\n                            <figure class=\"post-teaser__image\">\r\n                                <img loading=\"lazy\" decoding=\"async\"  \r\n                                    src=\"https:\/\/visualjournalism.de\/wp-content\/uploads\/Portraits-China-Hopsen-768x674.jpg\" \r\n                                    srcset=\"https:\/\/visualjournalism.de\/wp-content\/uploads\/Portraits-China-Hopsen-768x674.jpg 768w, https:\/\/visualjournalism.de\/wp-content\/uploads\/Portraits-China-Hopsen-300x263.jpg 300w, https:\/\/visualjournalism.de\/wp-content\/uploads\/Portraits-China-Hopsen-1024x899.jpg 1024w, https:\/\/visualjournalism.de\/wp-content\/uploads\/Portraits-China-Hopsen-1536x1348.jpg 1536w, https:\/\/visualjournalism.de\/wp-content\/uploads\/Portraits-China-Hopsen-2048x1797.jpg 2048w, https:\/\/visualjournalism.de\/wp-content\/uploads\/Portraits-China-Hopsen-1920x1685.jpg 1920w, https:\/\/visualjournalism.de\/wp-content\/uploads\/Portraits-China-Hopsen-1400x1229.jpg 1400w, https:\/\/visualjournalism.de\/wp-content\/uploads\/Portraits-China-Hopsen-1050x922.jpg 1050w, https:\/\/visualjournalism.de\/wp-content\/uploads\/Portraits-China-Hopsen-670x588.jpg 670w, https:\/\/visualjournalism.de\/wp-content\/uploads\/Portraits-China-Hopsen-420x369.jpg 420w, https:\/\/visualjournalism.de\/wp-content\/uploads\/Portraits-China-Hopsen-350x307.jpg 350w, https:\/\/visualjournalism.de\/wp-content\/uploads\/Portraits-China-Hopsen-150x132.jpg 150w\" \r\n                                    width=\"768\"  \r\n                                    height=\"674\" \r\n                                    alt=\"Auswahl von 6 verschieden Porraits Abwechslung von nah und distanizert\"\r\n                                \/>\r\n                            <\/figure>\r\n\r\n                        \r\n                    \r\n                    <\/a>\r\n\r\n                <\/article><!--- .post-teaser-->\r\n\r\n            \r\n                <article class=\"post-teaser\">\r\n\r\n                    <a href=\"https:\/\/visualjournalism.de\/en\/magazine\/ratgeber\/praktikum-im-journalismus\/\" rel=\"permalink\">\r\n\r\n                        <div class=\"post-teaser__content\">\r\n\r\n                            <span class=\"entry-categories\">Ratgeber<\/span>\r\n                            <h3 class=\"post-teaser__headline\">\r\n                                So gelingt dein Praktikum im Journalismus!                            <\/h3>\r\n\r\n                            <div class=\"post-teaser__excerpt\">\r\n                                <p>Wie findest du das richtige Praktikum? Wie \u00fcberzeugst du in der Bewerbung? Und was solltest du w\u00e4hrend des Praktikums unbedingt beachten? Mit Tipps und Tricks von unseren Professor*innen und Studierenden.<\/p>\r\n                            <\/div>\r\n\r\n                        <\/div><!-- .post-teaser__content -->\r\n\r\n\r\n                        \r\n                            <figure class=\"post-teaser__image\">\r\n                                <img loading=\"lazy\" decoding=\"async\"  \r\n                                    src=\"https:\/\/visualjournalism.de\/wp-content\/uploads\/IMG_312C868D6676-1-Foto-Stefan-Nieland-768x512.jpeg\" \r\n                                    srcset=\"https:\/\/visualjournalism.de\/wp-content\/uploads\/IMG_312C868D6676-1-Foto-Stefan-Nieland-768x512.jpeg 768w, https:\/\/visualjournalism.de\/wp-content\/uploads\/IMG_312C868D6676-1-Foto-Stefan-Nieland-300x200.jpeg 300w, https:\/\/visualjournalism.de\/wp-content\/uploads\/IMG_312C868D6676-1-Foto-Stefan-Nieland-1024x683.jpeg 1024w, https:\/\/visualjournalism.de\/wp-content\/uploads\/IMG_312C868D6676-1-Foto-Stefan-Nieland-1536x1024.jpeg 1536w, https:\/\/visualjournalism.de\/wp-content\/uploads\/IMG_312C868D6676-1-Foto-Stefan-Nieland-1920x1280.jpeg 1920w, https:\/\/visualjournalism.de\/wp-content\/uploads\/IMG_312C868D6676-1-Foto-Stefan-Nieland-1400x933.jpeg 1400w, https:\/\/visualjournalism.de\/wp-content\/uploads\/IMG_312C868D6676-1-Foto-Stefan-Nieland-1050x700.jpeg 1050w, https:\/\/visualjournalism.de\/wp-content\/uploads\/IMG_312C868D6676-1-Foto-Stefan-Nieland-670x447.jpeg 670w, https:\/\/visualjournalism.de\/wp-content\/uploads\/IMG_312C868D6676-1-Foto-Stefan-Nieland-420x280.jpeg 420w, https:\/\/visualjournalism.de\/wp-content\/uploads\/IMG_312C868D6676-1-Foto-Stefan-Nieland-350x233.jpeg 350w, https:\/\/visualjournalism.de\/wp-content\/uploads\/IMG_312C868D6676-1-Foto-Stefan-Nieland-150x100.jpeg 150w, https:\/\/visualjournalism.de\/wp-content\/uploads\/IMG_312C868D6676-1-Foto-Stefan-Nieland.jpeg 2048w\" \r\n                                    width=\"768\"  \r\n                                    height=\"512\" \r\n                                    alt=\"F\u00fcnf Personen im Fotostudio der F.A.Z. inszenieren mit Bratpfannen eine kreative Szene. Im Mittelpunkt: Sophie Boyer und Stefan Nieland, beide im journalistischen Praktikum aus dem Studiengang Visual Journalism and Documentary Photography in Hannover. Die Szene zeigt Zusammenarbeit im Redaktionspraktikum und gestalterische Praxis im Journalismus.\"\r\n                                \/>\r\n                            <\/figure>\r\n\r\n                        \r\n                    \r\n                    <\/a>\r\n\r\n                <\/article><!--- .post-teaser-->\r\n\r\n            \r\n        <\/div><!-- .teaser-grid -->\r\n\r\n\n\n\r\n\r\n\r\n\n\n\n    <div class=\"btn-wrapper has-spacing--m\">\n        <a class=\"btn\" href=\"https:\/\/visualjournalism.de\/magazin\/\" target=\"_blank\">ZUR MAGAZIN-STARTSEITE<\/a>\n    <\/div>\n<\/div>\n<\/div>\n\n<div class=\"wp-block-group has-spacing--none has-color-3-background-color has-background has-spacing--none\">\n    <nav id=\"section-navigation-block_3c3f21de7607cda49335c29665f52886\" class=\"section-navigation has-spacing--m\">\n        <ul>\n\n                \n                    <li>Contact<\/li>\n                \n            \n            \n                        \n                        \n\n            \n\n        <\/ul>\n        \n    <\/nav>\n\n\n\n<div class=\"pinned-block has-spacing--m\">\n\t\n\n<div class=\"pinned-block__column--left\">\n    \n\n \n\n    <div id=\"lead-in-block_6798399ce01db2b9cd6a56218702f626\" class=\"block-lead-in typo--soehne font-size--xl has-spacing--m width--full\">\n        <p><strong>Your contact partners<\/strong> will be happy to assist you with your personal concerns. However, due to the large number of enquiries, we ask you to first check our FAQ to see if your question may already have been answered.<\/p>\n    <\/div>\n\n\n\n\n    <div class=\"btn-wrapper alignleft has-spacing--m\">\n        <a class=\"btn\" href=\"https:\/\/visualjournalism.de\/faq\/\" target=\"_blank\">FAQ<\/a>\n    <\/div>\n\n\n<\/div>\n\n\n<div class=\"pinned-block__column--right\">\n    \n    \n    <div class=\"infocard has-spacing--m\">\n\n    \n        <div class=\"info-item--full\">\n            <p>\n                <span class=\"info-item__headline\">Dean of Studies, Design and Media department<\/span>\n            <\/p>\n            \n            <div class=\"info-item__content\">\n                <p>\n                    <span class=\"info-item__text\"><a href=\"https:\/\/visualjournalism.de\/karen-fromm\/\">Prof. Dr. Karen Fromm<\/a><\/span>\n                    <span class=\"info-item__text--small\">\n                        <span><a href=\"mailto:karen.fromm@hs-hannover.de\">E-Mail schreiben<\/a><\/span><span><a href=\"tel:+49 511 9296 8538\">+49 511 9296 8538<\/a><\/span>                    <\/span>\n                <\/p>\n\n                <figure class=\"info-item__image\">\n\n                    <a href=\"https:\/\/visualjournalism.de\/karen-fromm\/\"><img loading=\"lazy\" decoding=\"async\" width=\"52\" height=\"52\" src=\"https:\/\/visualjournalism.de\/wp-content\/uploads\/Prof_Dr_Karen_Fromm_thumb-1-52x52.jpg\" class=\"attachment-image-portrait size-image-portrait\" alt=\"\" srcset=\"https:\/\/visualjournalism.de\/wp-content\/uploads\/Prof_Dr_Karen_Fromm_thumb-1-52x52.jpg 52w, https:\/\/visualjournalism.de\/wp-content\/uploads\/Prof_Dr_Karen_Fromm_thumb-1.jpg 100w\" sizes=\"auto, (max-width: 52px) 100vw, 52px\" \/><\/a>                <\/figure>\n                \n            <\/div><!-- .info-item__content -->\n            \n        <\/div><!-- .info-item--full -->\n\n\n        <div class=\"info-item--full\">\n            <p>\n                <span class=\"info-item__headline\">Programme representative<\/span>\n            <\/p>\n            \n            <div class=\"info-item__content\">\n                <p>\n                    <span class=\"info-item__text\"><a href=\"https:\/\/visualjournalism.de\/michael-hauri\/\">Prof. Michael Hauri<\/a><\/span>\n                    <span class=\"info-item__text--small\">\n                        <span><a href=\"mailto:michael.hauri@hs-hannover.de\">E-Mail schreiben<\/a><\/span><span><a href=\"tel:+49 511 9296 8241\">+49 511 9296 8241<\/a><\/span>                    <\/span>\n                <\/p>\n\n                <figure class=\"info-item__image\">\n\n                    <a href=\"https:\/\/visualjournalism.de\/michael-hauri\/\"><img loading=\"lazy\" decoding=\"async\" width=\"52\" height=\"52\" src=\"https:\/\/visualjournalism.de\/wp-content\/uploads\/Michael-Hauri-thumb-1-52x52.jpg\" class=\"attachment-image-portrait size-image-portrait\" alt=\"\" srcset=\"https:\/\/visualjournalism.de\/wp-content\/uploads\/Michael-Hauri-thumb-1-52x52.jpg 52w, https:\/\/visualjournalism.de\/wp-content\/uploads\/Michael-Hauri-thumb-1-68x68.jpg 68w, https:\/\/visualjournalism.de\/wp-content\/uploads\/Michael-Hauri-thumb-1-96x96.jpg 96w, https:\/\/visualjournalism.de\/wp-content\/uploads\/Michael-Hauri-thumb-1.jpg 100w\" sizes=\"auto, (max-width: 52px) 100vw, 52px\" \/><\/a>                <\/figure>\n                \n            <\/div><!-- .info-item__content -->\n            \n        <\/div><!-- .info-item--full -->\n\n\n        <div class=\"info-item--full\">\n            <p>\n                <span class=\"info-item__headline\">Application and admission procedure<\/span>\n            <\/p>\n            \n            <div class=\"info-item__content\">\n                <p>\n                    <span class=\"info-item__text\"><a href=\"https:\/\/visualjournalism.de\/lars-bauernschmitt\/\">Prof. Lars Bauernschmitt<\/a><\/span>\n                    <span class=\"info-item__text--small\">\n                        <span><a href=\"mailto:lars.bauernschmitt@hs-hannover.de\">E-Mail schreiben<\/a><\/span><span><a href=\"tel:+49 511 9296 2467\">+49 511 9296 2467<\/a><\/span>                    <\/span>\n                <\/p>\n\n                <figure class=\"info-item__image\">\n\n                    <a href=\"https:\/\/visualjournalism.de\/lars-bauernschmitt\/\"><img loading=\"lazy\" decoding=\"async\" width=\"52\" height=\"52\" src=\"https:\/\/visualjournalism.de\/wp-content\/uploads\/prof_lars_bauernschmitt_thumb-1-52x52.jpg\" class=\"attachment-image-portrait size-image-portrait\" alt=\"\" srcset=\"https:\/\/visualjournalism.de\/wp-content\/uploads\/prof_lars_bauernschmitt_thumb-1-52x52.jpg 52w, https:\/\/visualjournalism.de\/wp-content\/uploads\/prof_lars_bauernschmitt_thumb-1.jpg 100w\" sizes=\"auto, (max-width: 52px) 100vw, 52px\" \/><\/a>                <\/figure>\n                \n            <\/div><!-- .info-item__content -->\n            \n        <\/div><!-- .info-item--full -->\n\n \n    <\/div>\n\n\n\n<p class=\"post__paragraph is-style-typo--soehne has-spacing--m has-spacing--default\">Hochschule Hannover<br>Faculty III &#8211; Media, Information and Design<br>Expo Plaza 2<br>D-30539 Hanover<\/p>\n\n\n\n    <div class=\"btn-wrapper has-spacing--m\">\n        <a class=\"btn\" href=\"https:\/\/www.hs-hannover.de\" target=\"_blank\">HS-HANNOVER.DE<\/a>\n    <\/div>\n\n\n<\/div>\n<\/div><\/div>\n","protected":false},"excerpt":{"rendered":"<p>The winners of the renowned World Press Photo Contest 2025 have been announced. Three awards in the Europe region and one in the South America region have gone to photographers who are enrolled on theVisual Journalism and Documentary Photography programme or have attended our international class. Nanna Heitmann has won a prize at World Press [&hellip;]<\/p>\n","protected":false},"author":96,"featured_media":58808,"comment_status":"closed","ping_status":"closed","sticky":false,"template":"","format":"standard","meta":{"_acf_changed":false,"footnotes":""},"categories":[82,110,78],"tags":[],"class_list":["post-59154","post","type-post","status-publish","format-standard","has-post-thumbnail","hentry","category-awards","category-current","category-news-en"],"acf":[],"yoast_head":"<!-- This site is optimized with the Yoast SEO Premium plugin v27.3 (Yoast SEO v27.3) - https:\/\/yoast.com\/product\/yoast-seo-premium-wordpress\/ -->\n<title>World Press Photo 2025 &#8211; Visual Journalism and Documentary Photography<\/title>\n<meta name=\"robots\" content=\"index, follow, max-snippet:-1, max-image-preview:large, max-video-preview:-1\" \/>\n<link rel=\"canonical\" href=\"https:\/\/visualjournalism.de\/en\/news-en\/world-press-photo-2025\/\" \/>\n<meta property=\"og:locale\" content=\"en_US\" \/>\n<meta property=\"og:type\" content=\"article\" \/>\n<meta property=\"og:title\" content=\"World Press Photo 2025\" \/>\n<meta property=\"og:description\" content=\"The winners of the renowned World Press Photo Contest 2025 have been announced. Three awards in the Europe region and one in the South America region have gone to photographers who are enrolled on theVisual Journalism and Documentary Photography programme or have attended our international class. Nanna Heitmann has won a prize at World Press [&hellip;]\" \/>\n<meta property=\"og:url\" content=\"https:\/\/visualjournalism.de\/en\/news-en\/world-press-photo-2025\/\" \/>\n<meta property=\"og:site_name\" content=\"Visual Journalism and Documentary Photography\" \/>\n<meta property=\"article:publisher\" content=\"https:\/\/www.facebook.com\/people\/wwwfotostudentende\/100065173703897\/\" \/>\n<meta property=\"article:published_time\" content=\"2025-03-27T15:05:09+00:00\" \/>\n<meta property=\"article:modified_time\" content=\"2025-04-11T08:39:06+00:00\" \/>\n<meta property=\"og:image\" content=\"https:\/\/visualjournalism.de\/wp-content\/uploads\/WPP-2025Contest-Europe-LTP-AlenaKardash-01.jpg\" \/>\n\t<meta property=\"og:image:width\" content=\"1920\" \/>\n\t<meta property=\"og:image:height\" content=\"1440\" \/>\n\t<meta property=\"og:image:type\" content=\"image\/jpeg\" \/>\n<meta name=\"author\" content=\"Emil Eichinger\" \/>\n<meta name=\"twitter:card\" content=\"summary_large_image\" \/>\n<meta name=\"twitter:creator\" content=\"@HsHannover\" \/>\n<meta name=\"twitter:site\" content=\"@HsHannover\" \/>\n<meta name=\"twitter:label1\" content=\"Written by\" \/>\n\t<meta name=\"twitter:data1\" content=\"Emil Eichinger\" \/>\n\t<meta name=\"twitter:label2\" content=\"Est. reading time\" \/>\n\t<meta name=\"twitter:data2\" content=\"5 minutes\" \/>\n<script type=\"application\/ld+json\" class=\"yoast-schema-graph\">{\"@context\":\"https:\\\/\\\/schema.org\",\"@graph\":[{\"@type\":\"Article\",\"@id\":\"https:\\\/\\\/visualjournalism.de\\\/en\\\/news-en\\\/world-press-photo-2025\\\/#article\",\"isPartOf\":{\"@id\":\"https:\\\/\\\/visualjournalism.de\\\/en\\\/news-en\\\/world-press-photo-2025\\\/\"},\"author\":{\"name\":\"Emil Eichinger\",\"@id\":\"https:\\\/\\\/visualjournalism.de\\\/en\\\/#\\\/schema\\\/person\\\/2c0c5c9de88341d6bb53b5ac3623570a\"},\"headline\":\"World Press Photo 2025\",\"datePublished\":\"2025-03-27T15:05:09+00:00\",\"dateModified\":\"2025-04-11T08:39:06+00:00\",\"mainEntityOfPage\":{\"@id\":\"https:\\\/\\\/visualjournalism.de\\\/en\\\/news-en\\\/world-press-photo-2025\\\/\"},\"wordCount\":404,\"publisher\":{\"@id\":\"https:\\\/\\\/visualjournalism.de\\\/en\\\/#organization\"},\"image\":{\"@id\":\"https:\\\/\\\/visualjournalism.de\\\/en\\\/news-en\\\/world-press-photo-2025\\\/#primaryimage\"},\"thumbnailUrl\":\"https:\\\/\\\/visualjournalism.de\\\/wp-content\\\/uploads\\\/WPP-2025Contest-Europe-LTP-AlenaKardash-01.jpg\",\"articleSection\":[\"Awards\",\"Current\",\"News\"],\"inLanguage\":\"en-US\"},{\"@type\":\"WebPage\",\"@id\":\"https:\\\/\\\/visualjournalism.de\\\/en\\\/news-en\\\/world-press-photo-2025\\\/\",\"url\":\"https:\\\/\\\/visualjournalism.de\\\/en\\\/news-en\\\/world-press-photo-2025\\\/\",\"name\":\"World Press Photo 2025 &#8211; Visual Journalism and Documentary Photography\",\"isPartOf\":{\"@id\":\"https:\\\/\\\/visualjournalism.de\\\/en\\\/#website\"},\"primaryImageOfPage\":{\"@id\":\"https:\\\/\\\/visualjournalism.de\\\/en\\\/news-en\\\/world-press-photo-2025\\\/#primaryimage\"},\"image\":{\"@id\":\"https:\\\/\\\/visualjournalism.de\\\/en\\\/news-en\\\/world-press-photo-2025\\\/#primaryimage\"},\"thumbnailUrl\":\"https:\\\/\\\/visualjournalism.de\\\/wp-content\\\/uploads\\\/WPP-2025Contest-Europe-LTP-AlenaKardash-01.jpg\",\"datePublished\":\"2025-03-27T15:05:09+00:00\",\"dateModified\":\"2025-04-11T08:39:06+00:00\",\"breadcrumb\":{\"@id\":\"https:\\\/\\\/visualjournalism.de\\\/en\\\/news-en\\\/world-press-photo-2025\\\/#breadcrumb\"},\"inLanguage\":\"en-US\",\"potentialAction\":[{\"@type\":\"ReadAction\",\"target\":[\"https:\\\/\\\/visualjournalism.de\\\/en\\\/news-en\\\/world-press-photo-2025\\\/\"]}]},{\"@type\":\"ImageObject\",\"inLanguage\":\"en-US\",\"@id\":\"https:\\\/\\\/visualjournalism.de\\\/en\\\/news-en\\\/world-press-photo-2025\\\/#primaryimage\",\"url\":\"https:\\\/\\\/visualjournalism.de\\\/wp-content\\\/uploads\\\/WPP-2025Contest-Europe-LTP-AlenaKardash-01.jpg\",\"contentUrl\":\"https:\\\/\\\/visualjournalism.de\\\/wp-content\\\/uploads\\\/WPP-2025Contest-Europe-LTP-AlenaKardash-01.jpg\",\"width\":1920,\"height\":1440,\"caption\":\"Photo: Aliona Kardash\\\/DOCKS Collective\"},{\"@type\":\"BreadcrumbList\",\"@id\":\"https:\\\/\\\/visualjournalism.de\\\/en\\\/news-en\\\/world-press-photo-2025\\\/#breadcrumb\",\"itemListElement\":[{\"@type\":\"ListItem\",\"position\":1,\"name\":\"Home\",\"item\":\"https:\\\/\\\/visualjournalism.de\\\/en\\\/\"},{\"@type\":\"ListItem\",\"position\":2,\"name\":\"World Press Photo 2025\"}]},{\"@type\":\"WebSite\",\"@id\":\"https:\\\/\\\/visualjournalism.de\\\/en\\\/#website\",\"url\":\"https:\\\/\\\/visualjournalism.de\\\/en\\\/\",\"name\":\"Visual Journalism and Documentary Photography\",\"description\":\"All about the bilingual bachelor&#039;s program at Hannover University of Applied Sciences and Arts.\",\"publisher\":{\"@id\":\"https:\\\/\\\/visualjournalism.de\\\/en\\\/#organization\"},\"alternateName\":\"visualjournalism.de\",\"potentialAction\":[{\"@type\":\"SearchAction\",\"target\":{\"@type\":\"EntryPoint\",\"urlTemplate\":\"https:\\\/\\\/visualjournalism.de\\\/en\\\/?s={search_term_string}\"},\"query-input\":{\"@type\":\"PropertyValueSpecification\",\"valueRequired\":true,\"valueName\":\"search_term_string\"}}],\"inLanguage\":\"en-US\"},{\"@type\":\"Organization\",\"@id\":\"https:\\\/\\\/visualjournalism.de\\\/en\\\/#organization\",\"name\":\"Hochschule Hannover \u2013 University of Applied Sciences and Arts\",\"alternateName\":\"HsH\",\"url\":\"https:\\\/\\\/visualjournalism.de\\\/en\\\/\",\"logo\":{\"@type\":\"ImageObject\",\"inLanguage\":\"en-US\",\"@id\":\"https:\\\/\\\/visualjournalism.de\\\/en\\\/#\\\/schema\\\/logo\\\/image\\\/\",\"url\":\"https:\\\/\\\/visualjournalism.de\\\/wp-content\\\/uploads\\\/logo-hochschule-hannover.png\",\"contentUrl\":\"https:\\\/\\\/visualjournalism.de\\\/wp-content\\\/uploads\\\/logo-hochschule-hannover.png\",\"width\":363,\"height\":270,\"caption\":\"Hochschule Hannover \u2013 University of Applied Sciences and Arts\"},\"image\":{\"@id\":\"https:\\\/\\\/visualjournalism.de\\\/en\\\/#\\\/schema\\\/logo\\\/image\\\/\"},\"sameAs\":[\"https:\\\/\\\/www.facebook.com\\\/people\\\/wwwfotostudentende\\\/100065173703897\\\/\",\"https:\\\/\\\/x.com\\\/HsHannover\",\"https:\\\/\\\/www.instagram.com\\\/visualjournalism.de\\\/\"]},{\"@type\":\"Person\",\"@id\":\"https:\\\/\\\/visualjournalism.de\\\/en\\\/#\\\/schema\\\/person\\\/2c0c5c9de88341d6bb53b5ac3623570a\",\"name\":\"Emil Eichinger\"}]}<\/script>\n<!-- \/ Yoast SEO Premium plugin. -->","yoast_head_json":{"title":"World Press Photo 2025 &#8211; Visual Journalism and Documentary Photography","robots":{"index":"index","follow":"follow","max-snippet":"max-snippet:-1","max-image-preview":"max-image-preview:large","max-video-preview":"max-video-preview:-1"},"canonical":"https:\/\/visualjournalism.de\/en\/news-en\/world-press-photo-2025\/","og_locale":"en_US","og_type":"article","og_title":"World Press Photo 2025","og_description":"The winners of the renowned World Press Photo Contest 2025 have been announced. Three awards in the Europe region and one in the South America region have gone to photographers who are enrolled on theVisual Journalism and Documentary Photography programme or have attended our international class. Nanna Heitmann has won a prize at World Press [&hellip;]","og_url":"https:\/\/visualjournalism.de\/en\/news-en\/world-press-photo-2025\/","og_site_name":"Visual Journalism and Documentary Photography","article_publisher":"https:\/\/www.facebook.com\/people\/wwwfotostudentende\/100065173703897\/","article_published_time":"2025-03-27T15:05:09+00:00","article_modified_time":"2025-04-11T08:39:06+00:00","og_image":[{"width":1920,"height":1440,"url":"https:\/\/visualjournalism.de\/wp-content\/uploads\/WPP-2025Contest-Europe-LTP-AlenaKardash-01.jpg","type":"image\/jpeg"}],"author":"Emil Eichinger","twitter_card":"summary_large_image","twitter_creator":"@HsHannover","twitter_site":"@HsHannover","twitter_misc":{"Written by":"Emil Eichinger","Est. reading time":"5 minutes"},"schema":{"@context":"https:\/\/schema.org","@graph":[{"@type":"Article","@id":"https:\/\/visualjournalism.de\/en\/news-en\/world-press-photo-2025\/#article","isPartOf":{"@id":"https:\/\/visualjournalism.de\/en\/news-en\/world-press-photo-2025\/"},"author":{"name":"Emil Eichinger","@id":"https:\/\/visualjournalism.de\/en\/#\/schema\/person\/2c0c5c9de88341d6bb53b5ac3623570a"},"headline":"World Press Photo 2025","datePublished":"2025-03-27T15:05:09+00:00","dateModified":"2025-04-11T08:39:06+00:00","mainEntityOfPage":{"@id":"https:\/\/visualjournalism.de\/en\/news-en\/world-press-photo-2025\/"},"wordCount":404,"publisher":{"@id":"https:\/\/visualjournalism.de\/en\/#organization"},"image":{"@id":"https:\/\/visualjournalism.de\/en\/news-en\/world-press-photo-2025\/#primaryimage"},"thumbnailUrl":"https:\/\/visualjournalism.de\/wp-content\/uploads\/WPP-2025Contest-Europe-LTP-AlenaKardash-01.jpg","articleSection":["Awards","Current","News"],"inLanguage":"en-US"},{"@type":"WebPage","@id":"https:\/\/visualjournalism.de\/en\/news-en\/world-press-photo-2025\/","url":"https:\/\/visualjournalism.de\/en\/news-en\/world-press-photo-2025\/","name":"World Press Photo 2025 &#8211; Visual Journalism and Documentary Photography","isPartOf":{"@id":"https:\/\/visualjournalism.de\/en\/#website"},"primaryImageOfPage":{"@id":"https:\/\/visualjournalism.de\/en\/news-en\/world-press-photo-2025\/#primaryimage"},"image":{"@id":"https:\/\/visualjournalism.de\/en\/news-en\/world-press-photo-2025\/#primaryimage"},"thumbnailUrl":"https:\/\/visualjournalism.de\/wp-content\/uploads\/WPP-2025Contest-Europe-LTP-AlenaKardash-01.jpg","datePublished":"2025-03-27T15:05:09+00:00","dateModified":"2025-04-11T08:39:06+00:00","breadcrumb":{"@id":"https:\/\/visualjournalism.de\/en\/news-en\/world-press-photo-2025\/#breadcrumb"},"inLanguage":"en-US","potentialAction":[{"@type":"ReadAction","target":["https:\/\/visualjournalism.de\/en\/news-en\/world-press-photo-2025\/"]}]},{"@type":"ImageObject","inLanguage":"en-US","@id":"https:\/\/visualjournalism.de\/en\/news-en\/world-press-photo-2025\/#primaryimage","url":"https:\/\/visualjournalism.de\/wp-content\/uploads\/WPP-2025Contest-Europe-LTP-AlenaKardash-01.jpg","contentUrl":"https:\/\/visualjournalism.de\/wp-content\/uploads\/WPP-2025Contest-Europe-LTP-AlenaKardash-01.jpg","width":1920,"height":1440,"caption":"Photo: Aliona Kardash\/DOCKS Collective"},{"@type":"BreadcrumbList","@id":"https:\/\/visualjournalism.de\/en\/news-en\/world-press-photo-2025\/#breadcrumb","itemListElement":[{"@type":"ListItem","position":1,"name":"Home","item":"https:\/\/visualjournalism.de\/en\/"},{"@type":"ListItem","position":2,"name":"World Press Photo 2025"}]},{"@type":"WebSite","@id":"https:\/\/visualjournalism.de\/en\/#website","url":"https:\/\/visualjournalism.de\/en\/","name":"Visual Journalism and Documentary Photography","description":"All about the bilingual bachelor&#039;s program at Hannover University of Applied Sciences and Arts.","publisher":{"@id":"https:\/\/visualjournalism.de\/en\/#organization"},"alternateName":"visualjournalism.de","potentialAction":[{"@type":"SearchAction","target":{"@type":"EntryPoint","urlTemplate":"https:\/\/visualjournalism.de\/en\/?s={search_term_string}"},"query-input":{"@type":"PropertyValueSpecification","valueRequired":true,"valueName":"search_term_string"}}],"inLanguage":"en-US"},{"@type":"Organization","@id":"https:\/\/visualjournalism.de\/en\/#organization","name":"Hochschule Hannover \u2013 University of Applied Sciences and Arts","alternateName":"HsH","url":"https:\/\/visualjournalism.de\/en\/","logo":{"@type":"ImageObject","inLanguage":"en-US","@id":"https:\/\/visualjournalism.de\/en\/#\/schema\/logo\/image\/","url":"https:\/\/visualjournalism.de\/wp-content\/uploads\/logo-hochschule-hannover.png","contentUrl":"https:\/\/visualjournalism.de\/wp-content\/uploads\/logo-hochschule-hannover.png","width":363,"height":270,"caption":"Hochschule Hannover \u2013 University of Applied Sciences and Arts"},"image":{"@id":"https:\/\/visualjournalism.de\/en\/#\/schema\/logo\/image\/"},"sameAs":["https:\/\/www.facebook.com\/people\/wwwfotostudentende\/100065173703897\/","https:\/\/x.com\/HsHannover","https:\/\/www.instagram.com\/visualjournalism.de\/"]},{"@type":"Person","@id":"https:\/\/visualjournalism.de\/en\/#\/schema\/person\/2c0c5c9de88341d6bb53b5ac3623570a","name":"Emil Eichinger"}]}},"_links":{"self":[{"href":"https:\/\/visualjournalism.de\/en\/wp-json\/wp\/v2\/posts\/59154","targetHints":{"allow":["GET"]}}],"collection":[{"href":"https:\/\/visualjournalism.de\/en\/wp-json\/wp\/v2\/posts"}],"about":[{"href":"https:\/\/visualjournalism.de\/en\/wp-json\/wp\/v2\/types\/post"}],"author":[{"embeddable":true,"href":"https:\/\/visualjournalism.de\/en\/wp-json\/wp\/v2\/users\/96"}],"replies":[{"embeddable":true,"href":"https:\/\/visualjournalism.de\/en\/wp-json\/wp\/v2\/comments?post=59154"}],"version-history":[{"count":0,"href":"https:\/\/visualjournalism.de\/en\/wp-json\/wp\/v2\/posts\/59154\/revisions"}],"wp:featuredmedia":[{"embeddable":true,"href":"https:\/\/visualjournalism.de\/en\/wp-json\/wp\/v2\/media\/58808"}],"wp:attachment":[{"href":"https:\/\/visualjournalism.de\/en\/wp-json\/wp\/v2\/media?parent=59154"}],"wp:term":[{"taxonomy":"category","embeddable":true,"href":"https:\/\/visualjournalism.de\/en\/wp-json\/wp\/v2\/categories?post=59154"},{"taxonomy":"post_tag","embeddable":true,"href":"https:\/\/visualjournalism.de\/en\/wp-json\/wp\/v2\/tags?post=59154"}],"curies":[{"name":"wp","href":"https:\/\/api.w.org\/{rel}","templated":true}]}}