{"id":729,"date":"2021-12-20T15:23:38","date_gmt":"2021-12-20T15:23:38","guid":{"rendered":"http:\/\/hsh.local\/developer-test-3\/"},"modified":"2022-01-28T10:04:32","modified_gmt":"2022-01-28T10:04:32","slug":"developer-test-3","status":"publish","type":"post","link":"https:\/\/visualjournalism.de\/en\/unkategorisiert\/developer-test-3\/","title":{"rendered":"Developer Test EN"},"content":{"rendered":"\n \n\n    <div id=\"lead-in-block_61ae0002fd5da\" class=\"block-lead-in typo--default font-size--default has-spacing--m width--default\">\n        <p><strong>Lead In 36: Dokumentation \u201cThe Silence is the Sound of Fear\u201d erz\u00e4hlt von den Krimtataren.<\/strong> Fotograf und Alumni Moritz K\u00fcstner dokumentiere zwischen 2015 und 2019 den Wandel der Krim und das Leben der Krimtataren. Er machte daraus ein Buch und wurde daf\u00fcr ausgezeichnet.<\/p>\n<div class=\"entry-meta\">\r\n    <span class=\"posted-on\"><a href=\"https:\/\/visualjournalism.de\/en\/unkategorisiert\/developer-test-3\/\" rel=\"bookmark\"><time class=\"entry-date published\" datetime=\"2021-12-20T15:23:38+02:00\">20.12.2021<\/time><\/a><\/span><span class=\"byline\">Redaktion: <span class=\"author vcard\"><a class=\"url fn n\" href=\"https:\/\/visualjournalism.de\">Sebastian Blo\u00df<\/a><\/span><\/span> <span class=\"photographer\"> Fotos: David Oswald<\/span><\/div><!-- .entry-meta -->\r\n    <\/div>\n\n\n\n\n<div class=\"devider has-spacing--m\">\n    <hr>\n<\/div>\n\n\n<div class=\"pinned-block has-spacing--none\">\n\t\n\n<div class=\"pinned-block__column--left\">\n    \n\n<p class=\"post__paragraph has-spacing--m\"> <strong>Lead In 36: Dokumentation \u201cThe Silence is the Sound of Fear\u201d erz\u00e4hlt von den Krimtataren.<\/strong>&nbsp;Fotograf und Alumni Moritz K\u00fcstner dokumentiere zwischen 2015 und 2019 den Wandel der Krim und das Leben der Krimtataren. Er machte daraus ein Buch und wurde daf\u00fcr ausgezeichnet. <\/p>\n\n\n<\/div>\n\n\n<div class=\"pinned-block__column--right\">\n    \n    <figure class=\"block-photo post__image--full has-spacing--m with-title\">\n\n        <div class=\"post__image__container\">\n            <img loading=\"lazy\" decoding=\"async\" \n                src=\"https:\/\/visualjournalism.de\/wp-content\/uploads\/4_3-kucc88stner-silence-is-the-sound-of-fear_03.jpg\"\n                srcset=\"https:\/\/visualjournalism.de\/wp-content\/uploads\/4_3-kucc88stner-silence-is-the-sound-of-fear_03.jpg 1167w, https:\/\/visualjournalism.de\/wp-content\/uploads\/4_3-kucc88stner-silence-is-the-sound-of-fear_03-420x540.jpg 420w, https:\/\/visualjournalism.de\/wp-content\/uploads\/4_3-kucc88stner-silence-is-the-sound-of-fear_03-1050x1350.jpg 1050w, https:\/\/visualjournalism.de\/wp-content\/uploads\/4_3-kucc88stner-silence-is-the-sound-of-fear_03-670x861.jpg 670w, https:\/\/visualjournalism.de\/wp-content\/uploads\/4_3-kucc88stner-silence-is-the-sound-of-fear_03-350x450.jpg 350w, https:\/\/visualjournalism.de\/wp-content\/uploads\/4_3-kucc88stner-silence-is-the-sound-of-fear_03-233x300.jpg 233w, https:\/\/visualjournalism.de\/wp-content\/uploads\/4_3-kucc88stner-silence-is-the-sound-of-fear_03-768x987.jpg 768w, https:\/\/visualjournalism.de\/wp-content\/uploads\/4_3-kucc88stner-silence-is-the-sound-of-fear_03-797x1024.jpg 797w, https:\/\/visualjournalism.de\/wp-content\/uploads\/4_3-kucc88stner-silence-is-the-sound-of-fear_03-700x900.jpg 700w, https:\/\/visualjournalism.de\/wp-content\/uploads\/4_3-kucc88stner-silence-is-the-sound-of-fear_03-300x386.jpg 300w\"\n                width=\"1167\" \n                height=\"1500\"\n                alt=\"\" \n            \/>\n            \n                            <span class=\"post__image__title\">Kemal-Arga Kuku Foto: Moritz K\u00fcstner<\/span>\n                    <\/div><!-- post__image__container -->\n\n                    <figcaption class=\"post__image__caption--tiempos\"><p><strong>Photo 1\/2 Rechts &amp; Caption.<\/strong> Kemal Aga Kuku, 82, erinnert sich noch an die Nacht der Deportation 1944: Der Anblick der gr\u00fcngelben Augen des russischen Soldaten, der ihm eine Pistole in den Mund hielt und seine Familie zwang, ihre Heimat zu verlassen, hat sich in seinem Kopf festgebrannt. Trotz alledem hat Kemal gro\u00dfe Hoffnung in Russland gesetzt. Er sprach sich als einer der wenigen Krimtataren \u00f6ffentlich f\u00fcr das Referendum aus. Als am 20. April 2015 sein \u00e4ltester Sohn einer Entf\u00fchrung durch den russischen Geheimdienst FSB entkam, wurde er bitter entt\u00e4uscht.<\/p>\n<\/figcaption>\n        \n    <\/figure><!-- post__image -->\n\n\n\n    <figure class=\"block-photo post__image--half-right has-spacing--l with-title\">\n\n        <div class=\"post__image__container\">\n            <img loading=\"lazy\" decoding=\"async\" \n                src=\"https:\/\/visualjournalism.de\/wp-content\/uploads\/4_3-kucc88stner-silence-is-the-sound-of-fear_23-700x875.jpg\"\n                srcset=\"https:\/\/visualjournalism.de\/wp-content\/uploads\/4_3-kucc88stner-silence-is-the-sound-of-fear_23-700x875.jpg 700w, https:\/\/visualjournalism.de\/wp-content\/uploads\/4_3-kucc88stner-silence-is-the-sound-of-fear_23-420x525.jpg 420w, https:\/\/visualjournalism.de\/wp-content\/uploads\/4_3-kucc88stner-silence-is-the-sound-of-fear_23-1050x1313.jpg 1050w, https:\/\/visualjournalism.de\/wp-content\/uploads\/4_3-kucc88stner-silence-is-the-sound-of-fear_23-670x838.jpg 670w, https:\/\/visualjournalism.de\/wp-content\/uploads\/4_3-kucc88stner-silence-is-the-sound-of-fear_23-350x438.jpg 350w, https:\/\/visualjournalism.de\/wp-content\/uploads\/4_3-kucc88stner-silence-is-the-sound-of-fear_23-240x300.jpg 240w, https:\/\/visualjournalism.de\/wp-content\/uploads\/4_3-kucc88stner-silence-is-the-sound-of-fear_23-768x960.jpg 768w, https:\/\/visualjournalism.de\/wp-content\/uploads\/4_3-kucc88stner-silence-is-the-sound-of-fear_23-819x1024.jpg 819w, https:\/\/visualjournalism.de\/wp-content\/uploads\/4_3-kucc88stner-silence-is-the-sound-of-fear_23-300x375.jpg 300w, https:\/\/visualjournalism.de\/wp-content\/uploads\/4_3-kucc88stner-silence-is-the-sound-of-fear_23.jpg 1200w\"\n                width=\"700\" \n                height=\"875\"\n                alt=\"\" \n            \/>\n            \n                            <span class=\"post__image__title\">Land, Ort, Aufnahmedatum<\/span>\n                    <\/div><!-- post__image__container -->\n\n                    <figcaption class=\"post__image__caption--tiempos\"><p><strong>Photo 1\/2 Links &amp; Caption.<\/strong> Kemal Aga Kuku, 82, erinnert sich noch an die Nacht der Deportation 1944: Der Anblick der gr\u00fcngelben Augen des russischen Soldaten, der ihm eine Pistole in den Mund hielt und seine Familie zwang, ihre Heimat zu verlassen, hat sich in seinem Kopf festgebrannt. Trotz alledem hat Kemal gro\u00dfe Hoffnung in Russland gesetzt. Er sprach sich als einer der wenigen Krimtataren \u00f6ffentlich f\u00fcr das Referendum aus. Als am 20. April 2015 sein \u00e4ltester Sohn einer Entf\u00fchrung durch den russischen Geheimdienst FSB entkam, wurde er bitter entt\u00e4uscht.<\/p>\n<\/figcaption>\n        \n    <\/figure><!-- post__image -->\n\n\n\n\n    <div class=\"headline-block has-spacing--s\">\n\n        <h2 class=\"post__headline has-subheadline\">FAQ.  <\/h2>\n\n                    <h3 class=\"post__subheadline\">Test Reusable Blocks<\/h3>\n        \n    <\/div>\n\n    \n\n\n\n\n \n\n    <div id=\"accordion-block_61f187f266a4e\" class=\"accordion has-spacing--xs\">\n        <div class=\"accordion__title\">\n            <h5>Frage I: Worum geht es EN?<\/h5>\n            <span><\/span>\n        <\/div>\n\n        <div class=\"accordion__text\">\n         <p>Inhalt des Studiums ist die Ausbildung von Bildjournalist*innen und Dokumentarfotograf*innen. Die Studierenden lernen, sich mit ihrer Umwelt auseinanderzusetzen, Geschehen zu reflektieren und in visuelle Ausdrucksformen zu \u00fcbersetzen.<\/p>\n        <\/div>\n    <\/div>\n\n\n\n\n \n\n    <div id=\"accordion-block_61f1884266a4f\" class=\"accordion has-spacing--xs\">\n        <div class=\"accordion__title\">\n            <h5>Frage II: Worum geht es?<\/h5>\n            <span><\/span>\n        <\/div>\n\n        <div class=\"accordion__text\">\n         <p>Inhalt des Studiums ist die Ausbildung von Bildjournalist*innen und Dokumentarfotograf*innen. Die Studierenden lernen, sich mit ihrer Umwelt auseinanderzusetzen, Geschehen zu reflektieren und in visuelle Ausdrucksformen zu \u00fcbersetzen.<\/p>\n        <\/div>\n    <\/div>\n\n\n\n\n \n\n    <div id=\"accordion-block_61f1884466a50\" class=\"accordion has-spacing--m\">\n        <div class=\"accordion__title\">\n            <h5>Frage III: Worum geht es?<\/h5>\n            <span><\/span>\n        <\/div>\n\n        <div class=\"accordion__text\">\n         <p>Inhalt des Studiums ist die Ausbildung von Bildjournalist*innen und Dokumentarfotograf*innen. Die Studierenden lernen, sich mit ihrer Umwelt auseinanderzusetzen, Geschehen zu reflektieren und in visuelle Ausdrucksformen zu \u00fcbersetzen.<\/p>\n        <\/div>\n    <\/div>\n\n\n\n\n    <div class=\"headline-block has-spacing--s\">\n\n        <h2 class=\"post__headline has-subheadline\">Headline.  <\/h2>\n\n                    <h3 class=\"post__subheadline\">Subheadline<\/h3>\n        \n    <\/div>\n\n    \n\n\n\n\n<p class=\"post__paragraph has-spacing--m\"><strong>Das LUMIX Festival<\/strong> pr\u00e4sentiert und reflektiert jungen, sozial engagierten Bildjournalismus des 21. Jahrhunderts, der sich aktiv mit politischen, kulturellen, sozialen, \u00f6kologischen und technologischen Prozessen auseinandersetzt. Mit den Ausdrucksformen journalistischer, transmedialer Erz\u00e4hlformate richtet sich der Fokus auf aktuelle Perspektiven des Dokumentarischen und begreift diese als Medien der aktiven Teilhabe an globalen Debatten.<br><br><strong>3 Fragen an Moritz K\u00fcstner. <\/strong>Geboren 1989 in Erfurt, studierte Moritz bis 2015 Fotojournalismus und Dokumentarfotografie an der Hochschule Hannover und der Danish School of Media and Journalism in Aarhus. Als freier Fotojournalist arbeitet er unter anderem f\u00fcr CNN, Stern, S\u00fcddeutsche Magazin, <a href=\"https:\/\/www.zeit.de\/\">DIE ZEIT<\/a>. Mithilfe des Grenzg\u00e4nger-Stipendiums der Robert Bosch Stiftung erarbeitete er die Fotoreportage \u00fcber das Leben der Krimtataren..<\/p>\n\n\n\n \n\n    <div id=\"accordion-block_61effcc063d13\" class=\"accordion has-spacing--xs\">\n        <div class=\"accordion__title\">\n            <h5>Worum geht es?<\/h5>\n            <span><\/span>\n        <\/div>\n\n        <div class=\"accordion__text\">\n         <p>Inhalt des Studiums ist die Ausbildung von Bildjournalist*innen und Dokumentarfotograf*innen. Die Studierenden lernen, sich mit ihrer Umwelt auseinanderzusetzen, Geschehen zu reflektieren und in visuelle Ausdrucksformen zu \u00fcbersetzen.<\/p>\n        <\/div>\n    <\/div>\n\n\n\n\n \n\n    <div id=\"accordion-block_61effd25cee53\" class=\"accordion has-spacing--m\">\n        <div class=\"accordion__title\">\n            <h5>Worum geht es?<\/h5>\n            <span><\/span>\n        <\/div>\n\n        <div class=\"accordion__text\">\n         <p>Inhalt des Studiums ist die Ausbildung von Bildjournalist*innen und Dokumentarfotograf*innen. Die Studierenden lernen, sich mit ihrer Umwelt auseinanderzusetzen, Geschehen zu reflektieren und in visuelle Ausdrucksformen zu \u00fcbersetzen.<\/p>\n        <\/div>\n    <\/div>\n\n\n\n\n<p class=\"post__paragraph has-spacing--m\"><strong>3 Fragen an Moritz K\u00fcstner. <\/strong>Geboren 1989 in Erfurt, studierte Moritz bis 2015 Fotojournalismus und Dokumentarfotografie an der Hochschule Hannover und der Danish School of Media and Journalism in Aarhus. Als freier Fotojournalist arbeitet er unter anderem f\u00fcr CNN, Stern, S\u00fcddeutsche Magazin, <a href=\"https:\/\/www.zeit.de\/\">DIE ZEIT<\/a>. Mithilfe des Grenzg\u00e4nger-Stipendiums der Robert Bosch Stiftung erarbeitete er die Fotoreportage \u00fcber das Leben der Krimtataren..<\/p>\n\n\n\n    <div class=\"btn-wrapper aligncenter has-spacing--m\">\n        <a class=\"btn\" href=\"https:\/\/www.google.com\/\" target=\"_self\">Einblicke<\/a>\n    <\/div>\n\n\n<\/div>\n<\/div>\n\n\n<div class=\"wp-block-group has-spacing--m has-color-3-background-color has-background\">\n<p class=\"post__paragraph alignleft has-text-align-left has-spacing--m\"><strong>Copyblock 1\/2 Links \u2014 Die Halbinsel Krim ist nur durch eine schmale Landzunge mit dem ukrainischen Festland verbunden.<\/strong> Seit der Annexion durch Russland im M\u00e4rz 2014 hat sich die wirtschaftliche Lage der Krim erheblich verschlechtert. Die Haupteinnahmequelle, der Tourismus, ist um fast 50 Prozent eingebrochen.<\/p>\n\n\n\n<p class=\"post__paragraph alignright has-text-align-right has-spacing--m\"><strong>Copyblock 1\/2 Rechts \u2014 Die Halbinsel Krim ist nur durch eine schmale Landzunge mit dem ukrainischen Festland verbunden.<\/strong> Seit der Annexion durch Russland im M\u00e4rz 2014 hat sich die wirtschaftliche Lage der Krim erheblich verschlechtert. Die Haupteinnahmequelle, der Tourismus, ist um fast 50 Prozent eingebrochen.<\/p>\n\n\n\n\n\n<p class=\"post__paragraph has-spacing--m\"> <strong>Copyblock 2\/3 Links \u2014 Die Halbinsel Krim ist nur durch eine schmale Landzunge mit dem ukrainischen Festland verbunden. <\/strong>Seit der Annexion durch Russland im M\u00e4rz 2014 hat sich die wirtschaftliche Lage der Krim erheblich verschlechtert. Die Haupteinnahmequelle, der Tourismus, ist um fast 50 Prozent eingebrochen. <\/p>\n\n\n\n \n\n    <div id=\"accordion-block_61f01e77cee54\" class=\"accordion has-spacing--none\">\n        <div class=\"accordion__title\">\n            <h5>Wie sammel ich Berufserfahrung?<\/h5>\n            <span><\/span>\n        <\/div>\n\n        <div class=\"accordion__text\">\n         <p>Inhalt des Studiums ist die Ausbildung von Bildjournalist*innen und Dokumentarfotograf*innen. Die Studierenden lernen, sich mit ihrer Umwelt auseinanderzusetzen, Geschehen zu reflektieren und in visuelle Ausdrucksformen zu \u00fcbersetzen.<\/p>\n        <\/div>\n    <\/div>\n\n<\/div>\n\n\n\n    <div class=\"headline-block has-spacing--m\">\n\n        <h2 class=\"post__headline has-subheadline\">Headline.<\/h2>\n\n                    <h3 class=\"post__subheadline\">Subheadline<\/h3>\n        \n    <\/div>\n\n    \n\n\n\n\n<p class=\"post__paragraph has-spacing--m\"><strong>Copyblock 2\/3 Links \u2014 Die Halbinsel Krim ist nur durch eine schmale Landzunge mit dem ukrainischen Festland verbunden. <\/strong>Seit der Annexion durch Russland im M\u00e4rz 2014 hat sich die wirtschaftliche Lage der Krim erheblich verschlechtert. Die Haupteinnahmequelle, der Tourismus, ist um fast 50 Prozent eingebrochen.<\/p>\n\n\n\n<div class=\"devider has-spacing--s\">\n    <hr>\n<\/div>\n\n\n \n    \n    <div id=\"quote-block_61b1cd4c2a101\" class=\"block-quote has-spacing--s\">\n        <figure class=\"quote\">\n            <blockquote>\n                <p><strong>Zitat:<\/strong> Visual Journalism and Documentary Photography steht f\u00fcr einen in Deutschland einzigartigen Schwerpunkt im Bildjournalismus und der Dokumentarfotografie und z\u00e4hlt weltweit zu den bedeutendsten fotografischen Ausbildungsst\u00e4tten.<\/p>\n            <\/blockquote>\n\n            <figcaption>\n\n                            <img loading=\"lazy\" decoding=\"async\" class=\"portrait--inline\" src=\"https:\/\/visualjournalism.de\/wp-content\/uploads\/author_example-48x48.jpg\" width=\"48\" height=\"48\" alt=\"\" \/>\n                            <span>Prof. Lars Bauernschmitt<\/span>\n            <\/figcaption>\n            \n        <\/figure>\n    <\/div>\n\n\n\n\n<div class=\"devider has-spacing--m\">\n    <hr>\n<\/div>\n\n    <figure class=\"block-photo post__image--full has-spacing--l with-title\">\n\n        <div class=\"post__image__container\">\n            <img loading=\"lazy\" decoding=\"async\" \n                src=\"https:\/\/visualjournalism.de\/wp-content\/uploads\/4_3-kucc88stner-silence-is-the-sound-of-fear_04-1400x1120.jpg\"\n                srcset=\"https:\/\/visualjournalism.de\/wp-content\/uploads\/4_3-kucc88stner-silence-is-the-sound-of-fear_04-1400x1120.jpg 1400w, https:\/\/visualjournalism.de\/wp-content\/uploads\/4_3-kucc88stner-silence-is-the-sound-of-fear_04-420x336.jpg 420w, https:\/\/visualjournalism.de\/wp-content\/uploads\/4_3-kucc88stner-silence-is-the-sound-of-fear_04-1050x840.jpg 1050w, https:\/\/visualjournalism.de\/wp-content\/uploads\/4_3-kucc88stner-silence-is-the-sound-of-fear_04-670x536.jpg 670w, https:\/\/visualjournalism.de\/wp-content\/uploads\/4_3-kucc88stner-silence-is-the-sound-of-fear_04-350x280.jpg 350w, https:\/\/visualjournalism.de\/wp-content\/uploads\/4_3-kucc88stner-silence-is-the-sound-of-fear_04-300x240.jpg 300w, https:\/\/visualjournalism.de\/wp-content\/uploads\/4_3-kucc88stner-silence-is-the-sound-of-fear_04-768x614.jpg 768w, https:\/\/visualjournalism.de\/wp-content\/uploads\/4_3-kucc88stner-silence-is-the-sound-of-fear_04-1024x819.jpg 1024w, https:\/\/visualjournalism.de\/wp-content\/uploads\/4_3-kucc88stner-silence-is-the-sound-of-fear_04-700x560.jpg 700w, https:\/\/visualjournalism.de\/wp-content\/uploads\/4_3-kucc88stner-silence-is-the-sound-of-fear_04.jpg 1500w\"\n                width=\"1400\" \n                height=\"1120\"\n                alt=\"\" \n            \/>\n            \n                            <span class=\"post__image__title\">Land, Ort, Aufnahmedatum<\/span>\n                    <\/div><!-- post__image__container -->\n\n                    <figcaption class=\"post__image__caption--tiempos\"><p><strong>Photo 1\/1 &amp; Caption.<\/strong> Seit der Annexion entstehen \u00fcberall auf der Krim neue patriotische Bilder wie hier im Hafen von Jalta.<\/p>\n<\/figcaption>\n        \n    <\/figure><!-- post__image -->\n\n\n\n    <figure class=\"block-photo post__image--wide-left has-spacing--l with-title\">\n\n        <div class=\"post__image__container\">\n            <img loading=\"lazy\" decoding=\"async\" \n                src=\"https:\/\/visualjournalism.de\/wp-content\/uploads\/4_3-kucc88stner-silence-is-the-sound-of-fear_10-1050x840.jpg\"\n                srcset=\"https:\/\/visualjournalism.de\/wp-content\/uploads\/4_3-kucc88stner-silence-is-the-sound-of-fear_10-1050x840.jpg 1050w, https:\/\/visualjournalism.de\/wp-content\/uploads\/4_3-kucc88stner-silence-is-the-sound-of-fear_10-420x336.jpg 420w, https:\/\/visualjournalism.de\/wp-content\/uploads\/4_3-kucc88stner-silence-is-the-sound-of-fear_10-670x536.jpg 670w, https:\/\/visualjournalism.de\/wp-content\/uploads\/4_3-kucc88stner-silence-is-the-sound-of-fear_10-350x280.jpg 350w, https:\/\/visualjournalism.de\/wp-content\/uploads\/4_3-kucc88stner-silence-is-the-sound-of-fear_10-300x240.jpg 300w, https:\/\/visualjournalism.de\/wp-content\/uploads\/4_3-kucc88stner-silence-is-the-sound-of-fear_10-768x614.jpg 768w, https:\/\/visualjournalism.de\/wp-content\/uploads\/4_3-kucc88stner-silence-is-the-sound-of-fear_10-1024x819.jpg 1024w, https:\/\/visualjournalism.de\/wp-content\/uploads\/4_3-kucc88stner-silence-is-the-sound-of-fear_10-1400x1120.jpg 1400w, https:\/\/visualjournalism.de\/wp-content\/uploads\/4_3-kucc88stner-silence-is-the-sound-of-fear_10-700x560.jpg 700w, https:\/\/visualjournalism.de\/wp-content\/uploads\/4_3-kucc88stner-silence-is-the-sound-of-fear_10.jpg 1500w\"\n                width=\"1050\" \n                height=\"840\"\n                alt=\"\" \n            \/>\n            \n                            <span class=\"post__image__title\">Land, Ort, Aufnahmedatum<\/span>\n                    <\/div><!-- post__image__container -->\n\n                    <figcaption class=\"post__image__caption--tiempos\"><p><strong>Photo 3\/4 Links &amp; Caption.<\/strong> Seit der Annexion entstehen \u00fcberall auf der Krim neue patriotische Bilder wie hier im Hafen von Jalta.<\/p>\n<\/figcaption>\n        \n    <\/figure><!-- post__image -->\n\n\n\n    <figure class=\"block-photo post__image--wide-right has-spacing--l with-title\">\n\n        <div class=\"post__image__container\">\n            <img loading=\"lazy\" decoding=\"async\" \n                src=\"https:\/\/visualjournalism.de\/wp-content\/uploads\/4_3-kucc88stner-silence-is-the-sound-of-fear_12-1050x840.jpg\"\n                srcset=\"https:\/\/visualjournalism.de\/wp-content\/uploads\/4_3-kucc88stner-silence-is-the-sound-of-fear_12-1050x840.jpg 1050w, https:\/\/visualjournalism.de\/wp-content\/uploads\/4_3-kucc88stner-silence-is-the-sound-of-fear_12-420x336.jpg 420w, https:\/\/visualjournalism.de\/wp-content\/uploads\/4_3-kucc88stner-silence-is-the-sound-of-fear_12-670x536.jpg 670w, https:\/\/visualjournalism.de\/wp-content\/uploads\/4_3-kucc88stner-silence-is-the-sound-of-fear_12-350x280.jpg 350w, https:\/\/visualjournalism.de\/wp-content\/uploads\/4_3-kucc88stner-silence-is-the-sound-of-fear_12-300x240.jpg 300w, https:\/\/visualjournalism.de\/wp-content\/uploads\/4_3-kucc88stner-silence-is-the-sound-of-fear_12-768x614.jpg 768w, https:\/\/visualjournalism.de\/wp-content\/uploads\/4_3-kucc88stner-silence-is-the-sound-of-fear_12-1024x819.jpg 1024w, https:\/\/visualjournalism.de\/wp-content\/uploads\/4_3-kucc88stner-silence-is-the-sound-of-fear_12-1400x1120.jpg 1400w, https:\/\/visualjournalism.de\/wp-content\/uploads\/4_3-kucc88stner-silence-is-the-sound-of-fear_12-700x560.jpg 700w, https:\/\/visualjournalism.de\/wp-content\/uploads\/4_3-kucc88stner-silence-is-the-sound-of-fear_12.jpg 1500w\"\n                width=\"1050\" \n                height=\"840\"\n                alt=\"\" \n            \/>\n            \n                            <span class=\"post__image__title\">Land, Ort, Aufnahmedatum<\/span>\n                    <\/div><!-- post__image__container -->\n\n                    <figcaption class=\"post__image__caption--tiempos\"><p>Photo<strong> 3\/4 Rechts &amp; Caption.<\/strong> Seit der Annexion entstehen \u00fcberall auf der Krim neue patriotische Bilder wie hier im Hafen von Jalta.<\/p>\n<\/figcaption>\n        \n    <\/figure><!-- post__image -->\n\n\n\n    <figure class=\"block-photo post__image--half-right has-spacing--l with-title\">\n\n        <div class=\"post__image__container\">\n            <img loading=\"lazy\" decoding=\"async\" \n                src=\"https:\/\/visualjournalism.de\/wp-content\/uploads\/4_3-kucc88stner-silence-is-the-sound-of-fear_03-700x900.jpg\"\n                srcset=\"https:\/\/visualjournalism.de\/wp-content\/uploads\/4_3-kucc88stner-silence-is-the-sound-of-fear_03-700x900.jpg 700w, https:\/\/visualjournalism.de\/wp-content\/uploads\/4_3-kucc88stner-silence-is-the-sound-of-fear_03-420x540.jpg 420w, https:\/\/visualjournalism.de\/wp-content\/uploads\/4_3-kucc88stner-silence-is-the-sound-of-fear_03-1050x1350.jpg 1050w, https:\/\/visualjournalism.de\/wp-content\/uploads\/4_3-kucc88stner-silence-is-the-sound-of-fear_03-670x861.jpg 670w, https:\/\/visualjournalism.de\/wp-content\/uploads\/4_3-kucc88stner-silence-is-the-sound-of-fear_03-350x450.jpg 350w, https:\/\/visualjournalism.de\/wp-content\/uploads\/4_3-kucc88stner-silence-is-the-sound-of-fear_03-233x300.jpg 233w, https:\/\/visualjournalism.de\/wp-content\/uploads\/4_3-kucc88stner-silence-is-the-sound-of-fear_03-768x987.jpg 768w, https:\/\/visualjournalism.de\/wp-content\/uploads\/4_3-kucc88stner-silence-is-the-sound-of-fear_03-797x1024.jpg 797w, https:\/\/visualjournalism.de\/wp-content\/uploads\/4_3-kucc88stner-silence-is-the-sound-of-fear_03-300x386.jpg 300w, https:\/\/visualjournalism.de\/wp-content\/uploads\/4_3-kucc88stner-silence-is-the-sound-of-fear_03.jpg 1167w\"\n                width=\"700\" \n                height=\"900\"\n                alt=\"\" \n            \/>\n            \n                            <span class=\"post__image__title\">Kemal-Arga Kuku Foto: Moritz K\u00fcstner<\/span>\n                    <\/div><!-- post__image__container -->\n\n                    <figcaption class=\"post__image__caption--tiempos\"><p><strong>Photo 1\/2 Rechts &amp; Caption.<\/strong> Kemal Aga Kuku, 82, erinnert sich noch an die Nacht der Deportation 1944: Der Anblick der gr\u00fcngelben Augen des russischen Soldaten, der ihm eine Pistole in den Mund hielt und seine Familie zwang, ihre Heimat zu verlassen, hat sich in seinem Kopf festgebrannt. Trotz alledem hat Kemal gro\u00dfe Hoffnung in Russland gesetzt. Er sprach sich als einer der wenigen Krimtataren \u00f6ffentlich f\u00fcr das Referendum aus. Als am 20. April 2015 sein \u00e4ltester Sohn einer Entf\u00fchrung durch den russischen Geheimdienst FSB entkam, wurde er bitter entt\u00e4uscht.<\/p>\n<\/figcaption>\n        \n    <\/figure><!-- post__image -->\n\n\n\n    <figure class=\"block-photo post__image--half-left has-spacing--l with-title\">\n\n        <div class=\"post__image__container\">\n            <img loading=\"lazy\" decoding=\"async\" \n                src=\"https:\/\/visualjournalism.de\/wp-content\/uploads\/4_3-kucc88stner-silence-is-the-sound-of-fear_23-700x875.jpg\"\n                srcset=\"https:\/\/visualjournalism.de\/wp-content\/uploads\/4_3-kucc88stner-silence-is-the-sound-of-fear_23-700x875.jpg 700w, https:\/\/visualjournalism.de\/wp-content\/uploads\/4_3-kucc88stner-silence-is-the-sound-of-fear_23-420x525.jpg 420w, https:\/\/visualjournalism.de\/wp-content\/uploads\/4_3-kucc88stner-silence-is-the-sound-of-fear_23-1050x1313.jpg 1050w, https:\/\/visualjournalism.de\/wp-content\/uploads\/4_3-kucc88stner-silence-is-the-sound-of-fear_23-670x838.jpg 670w, https:\/\/visualjournalism.de\/wp-content\/uploads\/4_3-kucc88stner-silence-is-the-sound-of-fear_23-350x438.jpg 350w, https:\/\/visualjournalism.de\/wp-content\/uploads\/4_3-kucc88stner-silence-is-the-sound-of-fear_23-240x300.jpg 240w, https:\/\/visualjournalism.de\/wp-content\/uploads\/4_3-kucc88stner-silence-is-the-sound-of-fear_23-768x960.jpg 768w, https:\/\/visualjournalism.de\/wp-content\/uploads\/4_3-kucc88stner-silence-is-the-sound-of-fear_23-819x1024.jpg 819w, https:\/\/visualjournalism.de\/wp-content\/uploads\/4_3-kucc88stner-silence-is-the-sound-of-fear_23-300x375.jpg 300w, https:\/\/visualjournalism.de\/wp-content\/uploads\/4_3-kucc88stner-silence-is-the-sound-of-fear_23.jpg 1200w\"\n                width=\"700\" \n                height=\"875\"\n                alt=\"\" \n            \/>\n            \n                            <span class=\"post__image__title\">Land, Ort, Aufnahmedatum<\/span>\n                    <\/div><!-- post__image__container -->\n\n                    <figcaption class=\"post__image__caption--tiempos\"><p><strong>Photo 1\/2 Links &amp; Caption.<\/strong> Kemal Aga Kuku, 82, erinnert sich noch an die Nacht der Deportation 1944: Der Anblick der gr\u00fcngelben Augen des russischen Soldaten, der ihm eine Pistole in den Mund hielt und seine Familie zwang, ihre Heimat zu verlassen, hat sich in seinem Kopf festgebrannt. Trotz alledem hat Kemal gro\u00dfe Hoffnung in Russland gesetzt. Er sprach sich als einer der wenigen Krimtataren \u00f6ffentlich f\u00fcr das Referendum aus. Als am 20. April 2015 sein \u00e4ltester Sohn einer Entf\u00fchrung durch den russischen Geheimdienst FSB entkam, wurde er bitter entt\u00e4uscht.<\/p>\n<\/figcaption>\n        \n    <\/figure><!-- post__image -->\n\n\n\n    <figure class=\"block-photo post__image--half-center has-spacing--xl no-title\">\n\n        <div class=\"post__image__container\">\n            <img loading=\"lazy\" decoding=\"async\" \n                src=\"https:\/\/visualjournalism.de\/wp-content\/uploads\/4_3-kucc88stner-silence-is-the-sound-of-fear_21-700x875.jpg\"\n                srcset=\"https:\/\/visualjournalism.de\/wp-content\/uploads\/4_3-kucc88stner-silence-is-the-sound-of-fear_21-700x875.jpg 700w, https:\/\/visualjournalism.de\/wp-content\/uploads\/4_3-kucc88stner-silence-is-the-sound-of-fear_21-420x525.jpg 420w, https:\/\/visualjournalism.de\/wp-content\/uploads\/4_3-kucc88stner-silence-is-the-sound-of-fear_21-1050x1313.jpg 1050w, https:\/\/visualjournalism.de\/wp-content\/uploads\/4_3-kucc88stner-silence-is-the-sound-of-fear_21-670x838.jpg 670w, https:\/\/visualjournalism.de\/wp-content\/uploads\/4_3-kucc88stner-silence-is-the-sound-of-fear_21-350x438.jpg 350w, https:\/\/visualjournalism.de\/wp-content\/uploads\/4_3-kucc88stner-silence-is-the-sound-of-fear_21-240x300.jpg 240w, https:\/\/visualjournalism.de\/wp-content\/uploads\/4_3-kucc88stner-silence-is-the-sound-of-fear_21-768x960.jpg 768w, https:\/\/visualjournalism.de\/wp-content\/uploads\/4_3-kucc88stner-silence-is-the-sound-of-fear_21-819x1024.jpg 819w, https:\/\/visualjournalism.de\/wp-content\/uploads\/4_3-kucc88stner-silence-is-the-sound-of-fear_21-300x375.jpg 300w, https:\/\/visualjournalism.de\/wp-content\/uploads\/4_3-kucc88stner-silence-is-the-sound-of-fear_21.jpg 1200w\"\n                width=\"700\" \n                height=\"875\"\n                alt=\"\" \n            \/>\n            \n                    <\/div><!-- post__image__container -->\n\n                    <figcaption class=\"post__image__caption--tiempos\"><p><strong>Photo 1\/2 Mitte &amp; Caption.<\/strong> Kemal Aga Kuku, 82, erinnert sich noch an die Nacht der Deportation 1944: Der Anblick der gr\u00fcngelben Augen des russischen Soldaten, der ihm eine Pistole in den Mund hielt und seine Familie zwang, ihre Heimat zu verlassen, hat sich in seinem Kopf festgebrannt.<\/p>\n<\/figcaption>\n        \n    <\/figure><!-- post__image -->\n\n","protected":false},"excerpt":{"rendered":"<p>Copyblock 1\/2 Links \u2014 Die Halbinsel Krim ist nur durch eine schmale Landzunge mit dem ukrainischen Festland verbunden. Seit der Annexion durch Russland im M\u00e4rz 2014 hat sich die wirtschaftliche Lage der Krim erheblich verschlechtert. Die Haupteinnahmequelle, der Tourismus, ist um fast 50 Prozent eingebrochen. Copyblock 1\/2 Rechts \u2014 Die Halbinsel Krim ist nur durch [&hellip;]<\/p>\n","protected":false},"author":1,"featured_media":708,"comment_status":"closed","ping_status":"closed","sticky":false,"template":"","format":"standard","meta":{"_acf_changed":false,"footnotes":""},"categories":[5,1],"tags":[],"class_list":["post-729","post","type-post","status-publish","format-standard","has-post-thumbnail","hentry","category-uncategorized","category-unkategorisiert"],"acf":[],"yoast_head":"<!-- This site is optimized with the Yoast SEO Premium plugin v27.3 (Yoast SEO v27.3) - https:\/\/yoast.com\/product\/yoast-seo-premium-wordpress\/ -->\n<title>Developer Test EN &#8211; Visual Journalism and Documentary Photography<\/title>\n<meta name=\"robots\" content=\"index, follow, max-snippet:-1, max-image-preview:large, max-video-preview:-1\" \/>\n<link rel=\"canonical\" href=\"https:\/\/visualjournalism.de\/en\/unkategorisiert\/developer-test-3\/\" \/>\n<meta property=\"og:locale\" content=\"en_US\" \/>\n<meta property=\"og:type\" content=\"article\" \/>\n<meta property=\"og:title\" content=\"Developer Test EN\" \/>\n<meta property=\"og:description\" content=\"Copyblock 1\/2 Links \u2014 Die Halbinsel Krim ist nur durch eine schmale Landzunge mit dem ukrainischen Festland verbunden. Seit der Annexion durch Russland im M\u00e4rz 2014 hat sich die wirtschaftliche Lage der Krim erheblich verschlechtert. Die Haupteinnahmequelle, der Tourismus, ist um fast 50 Prozent eingebrochen. Copyblock 1\/2 Rechts \u2014 Die Halbinsel Krim ist nur durch [&hellip;]\" \/>\n<meta property=\"og:url\" content=\"https:\/\/visualjournalism.de\/en\/unkategorisiert\/developer-test-3\/\" \/>\n<meta property=\"og:site_name\" content=\"Visual Journalism and Documentary Photography\" \/>\n<meta property=\"article:publisher\" content=\"https:\/\/www.facebook.com\/people\/wwwfotostudentende\/100065173703897\/\" \/>\n<meta property=\"article:published_time\" content=\"2021-12-20T15:23:38+00:00\" \/>\n<meta property=\"article:modified_time\" content=\"2022-01-28T10:04:32+00:00\" \/>\n<meta property=\"og:image\" content=\"https:\/\/visualjournalism.de\/wp-content\/uploads\/brothers_13.jpg\" \/>\n\t<meta property=\"og:image:width\" content=\"540\" \/>\n\t<meta property=\"og:image:height\" content=\"720\" \/>\n\t<meta property=\"og:image:type\" content=\"image\/jpeg\" \/>\n<meta name=\"author\" content=\"Sebastian Blo\u00df\" \/>\n<meta name=\"twitter:card\" content=\"summary_large_image\" \/>\n<meta name=\"twitter:creator\" content=\"@HsHannover\" \/>\n<meta name=\"twitter:site\" content=\"@HsHannover\" \/>\n<meta name=\"twitter:label1\" content=\"Written by\" \/>\n\t<meta name=\"twitter:data1\" content=\"Sebastian Blo\u00df\" \/>\n\t<meta name=\"twitter:label2\" content=\"Est. reading time\" \/>\n\t<meta name=\"twitter:data2\" content=\"3 minutes\" \/>\n<script type=\"application\/ld+json\" class=\"yoast-schema-graph\">{\"@context\":\"https:\\\/\\\/schema.org\",\"@graph\":[{\"@type\":\"Article\",\"@id\":\"https:\\\/\\\/visualjournalism.de\\\/en\\\/unkategorisiert\\\/developer-test-3\\\/#article\",\"isPartOf\":{\"@id\":\"https:\\\/\\\/visualjournalism.de\\\/en\\\/unkategorisiert\\\/developer-test-3\\\/\"},\"author\":{\"name\":\"Sebastian Blo\u00df\",\"@id\":\"https:\\\/\\\/visualjournalism.de\\\/en\\\/#\\\/schema\\\/person\\\/1e3d773b451c2f40bc99d60a516b6af1\"},\"headline\":\"Developer Test EN\",\"datePublished\":\"2021-12-20T15:23:38+00:00\",\"dateModified\":\"2022-01-28T10:04:32+00:00\",\"mainEntityOfPage\":{\"@id\":\"https:\\\/\\\/visualjournalism.de\\\/en\\\/unkategorisiert\\\/developer-test-3\\\/\"},\"wordCount\":389,\"publisher\":{\"@id\":\"https:\\\/\\\/visualjournalism.de\\\/en\\\/#organization\"},\"image\":{\"@id\":\"https:\\\/\\\/visualjournalism.de\\\/en\\\/unkategorisiert\\\/developer-test-3\\\/#primaryimage\"},\"thumbnailUrl\":\"https:\\\/\\\/visualjournalism.de\\\/wp-content\\\/uploads\\\/brothers_13.jpg\",\"articleSection\":{\"1\":\"Unkategorisiert\"},\"inLanguage\":\"en-US\"},{\"@type\":\"WebPage\",\"@id\":\"https:\\\/\\\/visualjournalism.de\\\/en\\\/unkategorisiert\\\/developer-test-3\\\/\",\"url\":\"https:\\\/\\\/visualjournalism.de\\\/en\\\/unkategorisiert\\\/developer-test-3\\\/\",\"name\":\"Developer Test EN &#8211; Visual Journalism and Documentary Photography\",\"isPartOf\":{\"@id\":\"https:\\\/\\\/visualjournalism.de\\\/en\\\/#website\"},\"primaryImageOfPage\":{\"@id\":\"https:\\\/\\\/visualjournalism.de\\\/en\\\/unkategorisiert\\\/developer-test-3\\\/#primaryimage\"},\"image\":{\"@id\":\"https:\\\/\\\/visualjournalism.de\\\/en\\\/unkategorisiert\\\/developer-test-3\\\/#primaryimage\"},\"thumbnailUrl\":\"https:\\\/\\\/visualjournalism.de\\\/wp-content\\\/uploads\\\/brothers_13.jpg\",\"datePublished\":\"2021-12-20T15:23:38+00:00\",\"dateModified\":\"2022-01-28T10:04:32+00:00\",\"breadcrumb\":{\"@id\":\"https:\\\/\\\/visualjournalism.de\\\/en\\\/unkategorisiert\\\/developer-test-3\\\/#breadcrumb\"},\"inLanguage\":\"en-US\",\"potentialAction\":[{\"@type\":\"ReadAction\",\"target\":[\"https:\\\/\\\/visualjournalism.de\\\/en\\\/unkategorisiert\\\/developer-test-3\\\/\"]}]},{\"@type\":\"ImageObject\",\"inLanguage\":\"en-US\",\"@id\":\"https:\\\/\\\/visualjournalism.de\\\/en\\\/unkategorisiert\\\/developer-test-3\\\/#primaryimage\",\"url\":\"https:\\\/\\\/visualjournalism.de\\\/wp-content\\\/uploads\\\/brothers_13.jpg\",\"contentUrl\":\"https:\\\/\\\/visualjournalism.de\\\/wp-content\\\/uploads\\\/brothers_13.jpg\",\"width\":540,\"height\":720,\"caption\":\"Photo from the work \\\"Brothers\\\" by Marlena Waldthausen\"},{\"@type\":\"BreadcrumbList\",\"@id\":\"https:\\\/\\\/visualjournalism.de\\\/en\\\/unkategorisiert\\\/developer-test-3\\\/#breadcrumb\",\"itemListElement\":[{\"@type\":\"ListItem\",\"position\":1,\"name\":\"Home\",\"item\":\"https:\\\/\\\/visualjournalism.de\\\/en\\\/\"},{\"@type\":\"ListItem\",\"position\":2,\"name\":\"Developer Test EN\"}]},{\"@type\":\"WebSite\",\"@id\":\"https:\\\/\\\/visualjournalism.de\\\/en\\\/#website\",\"url\":\"https:\\\/\\\/visualjournalism.de\\\/en\\\/\",\"name\":\"Visual Journalism and Documentary Photography\",\"description\":\"All about the bilingual bachelor&#039;s program at Hannover University of Applied Sciences and Arts.\",\"publisher\":{\"@id\":\"https:\\\/\\\/visualjournalism.de\\\/en\\\/#organization\"},\"alternateName\":\"visualjournalism.de\",\"potentialAction\":[{\"@type\":\"SearchAction\",\"target\":{\"@type\":\"EntryPoint\",\"urlTemplate\":\"https:\\\/\\\/visualjournalism.de\\\/en\\\/?s={search_term_string}\"},\"query-input\":{\"@type\":\"PropertyValueSpecification\",\"valueRequired\":true,\"valueName\":\"search_term_string\"}}],\"inLanguage\":\"en-US\"},{\"@type\":\"Organization\",\"@id\":\"https:\\\/\\\/visualjournalism.de\\\/en\\\/#organization\",\"name\":\"Hochschule Hannover \u2013 University of Applied Sciences and Arts\",\"alternateName\":\"HsH\",\"url\":\"https:\\\/\\\/visualjournalism.de\\\/en\\\/\",\"logo\":{\"@type\":\"ImageObject\",\"inLanguage\":\"en-US\",\"@id\":\"https:\\\/\\\/visualjournalism.de\\\/en\\\/#\\\/schema\\\/logo\\\/image\\\/\",\"url\":\"https:\\\/\\\/visualjournalism.de\\\/wp-content\\\/uploads\\\/logo-hochschule-hannover.png\",\"contentUrl\":\"https:\\\/\\\/visualjournalism.de\\\/wp-content\\\/uploads\\\/logo-hochschule-hannover.png\",\"width\":363,\"height\":270,\"caption\":\"Hochschule Hannover \u2013 University of Applied Sciences and Arts\"},\"image\":{\"@id\":\"https:\\\/\\\/visualjournalism.de\\\/en\\\/#\\\/schema\\\/logo\\\/image\\\/\"},\"sameAs\":[\"https:\\\/\\\/www.facebook.com\\\/people\\\/wwwfotostudentende\\\/100065173703897\\\/\",\"https:\\\/\\\/x.com\\\/HsHannover\",\"https:\\\/\\\/www.instagram.com\\\/visualjournalism.de\\\/\"]},{\"@type\":\"Person\",\"@id\":\"https:\\\/\\\/visualjournalism.de\\\/en\\\/#\\\/schema\\\/person\\\/1e3d773b451c2f40bc99d60a516b6af1\",\"name\":\"Sebastian Blo\u00df\",\"sameAs\":[\"https:\\\/\\\/visualjournalism.de\"]}]}<\/script>\n<!-- \/ Yoast SEO Premium plugin. -->","yoast_head_json":{"title":"Developer Test EN &#8211; Visual Journalism and Documentary Photography","robots":{"index":"index","follow":"follow","max-snippet":"max-snippet:-1","max-image-preview":"max-image-preview:large","max-video-preview":"max-video-preview:-1"},"canonical":"https:\/\/visualjournalism.de\/en\/unkategorisiert\/developer-test-3\/","og_locale":"en_US","og_type":"article","og_title":"Developer Test EN","og_description":"Copyblock 1\/2 Links \u2014 Die Halbinsel Krim ist nur durch eine schmale Landzunge mit dem ukrainischen Festland verbunden. Seit der Annexion durch Russland im M\u00e4rz 2014 hat sich die wirtschaftliche Lage der Krim erheblich verschlechtert. Die Haupteinnahmequelle, der Tourismus, ist um fast 50 Prozent eingebrochen. Copyblock 1\/2 Rechts \u2014 Die Halbinsel Krim ist nur durch [&hellip;]","og_url":"https:\/\/visualjournalism.de\/en\/unkategorisiert\/developer-test-3\/","og_site_name":"Visual Journalism and Documentary Photography","article_publisher":"https:\/\/www.facebook.com\/people\/wwwfotostudentende\/100065173703897\/","article_published_time":"2021-12-20T15:23:38+00:00","article_modified_time":"2022-01-28T10:04:32+00:00","og_image":[{"width":540,"height":720,"url":"https:\/\/visualjournalism.de\/wp-content\/uploads\/brothers_13.jpg","type":"image\/jpeg"}],"author":"Sebastian Blo\u00df","twitter_card":"summary_large_image","twitter_creator":"@HsHannover","twitter_site":"@HsHannover","twitter_misc":{"Written by":"Sebastian Blo\u00df","Est. reading time":"3 minutes"},"schema":{"@context":"https:\/\/schema.org","@graph":[{"@type":"Article","@id":"https:\/\/visualjournalism.de\/en\/unkategorisiert\/developer-test-3\/#article","isPartOf":{"@id":"https:\/\/visualjournalism.de\/en\/unkategorisiert\/developer-test-3\/"},"author":{"name":"Sebastian Blo\u00df","@id":"https:\/\/visualjournalism.de\/en\/#\/schema\/person\/1e3d773b451c2f40bc99d60a516b6af1"},"headline":"Developer Test EN","datePublished":"2021-12-20T15:23:38+00:00","dateModified":"2022-01-28T10:04:32+00:00","mainEntityOfPage":{"@id":"https:\/\/visualjournalism.de\/en\/unkategorisiert\/developer-test-3\/"},"wordCount":389,"publisher":{"@id":"https:\/\/visualjournalism.de\/en\/#organization"},"image":{"@id":"https:\/\/visualjournalism.de\/en\/unkategorisiert\/developer-test-3\/#primaryimage"},"thumbnailUrl":"https:\/\/visualjournalism.de\/wp-content\/uploads\/brothers_13.jpg","articleSection":{"1":"Unkategorisiert"},"inLanguage":"en-US"},{"@type":"WebPage","@id":"https:\/\/visualjournalism.de\/en\/unkategorisiert\/developer-test-3\/","url":"https:\/\/visualjournalism.de\/en\/unkategorisiert\/developer-test-3\/","name":"Developer Test EN &#8211; Visual Journalism and Documentary Photography","isPartOf":{"@id":"https:\/\/visualjournalism.de\/en\/#website"},"primaryImageOfPage":{"@id":"https:\/\/visualjournalism.de\/en\/unkategorisiert\/developer-test-3\/#primaryimage"},"image":{"@id":"https:\/\/visualjournalism.de\/en\/unkategorisiert\/developer-test-3\/#primaryimage"},"thumbnailUrl":"https:\/\/visualjournalism.de\/wp-content\/uploads\/brothers_13.jpg","datePublished":"2021-12-20T15:23:38+00:00","dateModified":"2022-01-28T10:04:32+00:00","breadcrumb":{"@id":"https:\/\/visualjournalism.de\/en\/unkategorisiert\/developer-test-3\/#breadcrumb"},"inLanguage":"en-US","potentialAction":[{"@type":"ReadAction","target":["https:\/\/visualjournalism.de\/en\/unkategorisiert\/developer-test-3\/"]}]},{"@type":"ImageObject","inLanguage":"en-US","@id":"https:\/\/visualjournalism.de\/en\/unkategorisiert\/developer-test-3\/#primaryimage","url":"https:\/\/visualjournalism.de\/wp-content\/uploads\/brothers_13.jpg","contentUrl":"https:\/\/visualjournalism.de\/wp-content\/uploads\/brothers_13.jpg","width":540,"height":720,"caption":"Photo from the work \"Brothers\" by Marlena Waldthausen"},{"@type":"BreadcrumbList","@id":"https:\/\/visualjournalism.de\/en\/unkategorisiert\/developer-test-3\/#breadcrumb","itemListElement":[{"@type":"ListItem","position":1,"name":"Home","item":"https:\/\/visualjournalism.de\/en\/"},{"@type":"ListItem","position":2,"name":"Developer Test EN"}]},{"@type":"WebSite","@id":"https:\/\/visualjournalism.de\/en\/#website","url":"https:\/\/visualjournalism.de\/en\/","name":"Visual Journalism and Documentary Photography","description":"All about the bilingual bachelor&#039;s program at Hannover University of Applied Sciences and Arts.","publisher":{"@id":"https:\/\/visualjournalism.de\/en\/#organization"},"alternateName":"visualjournalism.de","potentialAction":[{"@type":"SearchAction","target":{"@type":"EntryPoint","urlTemplate":"https:\/\/visualjournalism.de\/en\/?s={search_term_string}"},"query-input":{"@type":"PropertyValueSpecification","valueRequired":true,"valueName":"search_term_string"}}],"inLanguage":"en-US"},{"@type":"Organization","@id":"https:\/\/visualjournalism.de\/en\/#organization","name":"Hochschule Hannover \u2013 University of Applied Sciences and Arts","alternateName":"HsH","url":"https:\/\/visualjournalism.de\/en\/","logo":{"@type":"ImageObject","inLanguage":"en-US","@id":"https:\/\/visualjournalism.de\/en\/#\/schema\/logo\/image\/","url":"https:\/\/visualjournalism.de\/wp-content\/uploads\/logo-hochschule-hannover.png","contentUrl":"https:\/\/visualjournalism.de\/wp-content\/uploads\/logo-hochschule-hannover.png","width":363,"height":270,"caption":"Hochschule Hannover \u2013 University of Applied Sciences and Arts"},"image":{"@id":"https:\/\/visualjournalism.de\/en\/#\/schema\/logo\/image\/"},"sameAs":["https:\/\/www.facebook.com\/people\/wwwfotostudentende\/100065173703897\/","https:\/\/x.com\/HsHannover","https:\/\/www.instagram.com\/visualjournalism.de\/"]},{"@type":"Person","@id":"https:\/\/visualjournalism.de\/en\/#\/schema\/person\/1e3d773b451c2f40bc99d60a516b6af1","name":"Sebastian Blo\u00df","sameAs":["https:\/\/visualjournalism.de"]}]}},"_links":{"self":[{"href":"https:\/\/visualjournalism.de\/en\/wp-json\/wp\/v2\/posts\/729","targetHints":{"allow":["GET"]}}],"collection":[{"href":"https:\/\/visualjournalism.de\/en\/wp-json\/wp\/v2\/posts"}],"about":[{"href":"https:\/\/visualjournalism.de\/en\/wp-json\/wp\/v2\/types\/post"}],"author":[{"embeddable":true,"href":"https:\/\/visualjournalism.de\/en\/wp-json\/wp\/v2\/users\/1"}],"replies":[{"embeddable":true,"href":"https:\/\/visualjournalism.de\/en\/wp-json\/wp\/v2\/comments?post=729"}],"version-history":[{"count":0,"href":"https:\/\/visualjournalism.de\/en\/wp-json\/wp\/v2\/posts\/729\/revisions"}],"wp:featuredmedia":[{"embeddable":true,"href":"https:\/\/visualjournalism.de\/en\/wp-json\/wp\/v2\/media\/708"}],"wp:attachment":[{"href":"https:\/\/visualjournalism.de\/en\/wp-json\/wp\/v2\/media?parent=729"}],"wp:term":[{"taxonomy":"category","embeddable":true,"href":"https:\/\/visualjournalism.de\/en\/wp-json\/wp\/v2\/categories?post=729"},{"taxonomy":"post_tag","embeddable":true,"href":"https:\/\/visualjournalism.de\/en\/wp-json\/wp\/v2\/tags?post=729"}],"curies":[{"name":"wp","href":"https:\/\/api.w.org\/{rel}","templated":true}]}}